{"id":1792,"date":"2019-02-26T08:00:24","date_gmt":"2019-02-26T11:00:24","guid":{"rendered":"https:\/\/temucotelevision.cl\/web\/?p=1792"},"modified":"2019-02-26T00:52:59","modified_gmt":"2019-02-26T03:52:59","slug":"brigada-antinarcoticos-de-temuco-incauta-de-23-plantas-de-cannabis-sativa","status":"publish","type":"post","link":"https:\/\/temucotelevision.cl\/web\/2019\/02\/26\/brigada-antinarcoticos-de-temuco-incauta-de-23-plantas-de-cannabis-sativa\/","title":{"rendered":"Brigada Antinarc\u00f3ticos de Temuco incauta de 23 plantas de cannabis sativa"},"content":{"rendered":"<div class=\"pvc_clear\"><\/div>\n<p id=\"pvc_stats_1792\" class=\"pvc_stats total_only  \" data-element-id=\"1792\" style=\"\"><i class=\"pvc-stats-icon large\" aria-hidden=\"true\"><svg aria-hidden=\"true\" focusable=\"false\" data-prefix=\"far\" data-icon=\"chart-bar\" role=\"img\" xmlns=\"http:\/\/www.w3.org\/2000\/svg\" viewBox=\"0 0 512 512\" class=\"svg-inline--fa fa-chart-bar fa-w-16 fa-2x\"><path fill=\"currentColor\" d=\"M396.8 352h22.4c6.4 0 12.8-6.4 12.8-12.8V108.8c0-6.4-6.4-12.8-12.8-12.8h-22.4c-6.4 0-12.8 6.4-12.8 12.8v230.4c0 6.4 6.4 12.8 12.8 12.8zm-192 0h22.4c6.4 0 12.8-6.4 12.8-12.8V140.8c0-6.4-6.4-12.8-12.8-12.8h-22.4c-6.4 0-12.8 6.4-12.8 12.8v198.4c0 6.4 6.4 12.8 12.8 12.8zm96 0h22.4c6.4 0 12.8-6.4 12.8-12.8V204.8c0-6.4-6.4-12.8-12.8-12.8h-22.4c-6.4 0-12.8 6.4-12.8 12.8v134.4c0 6.4 6.4 12.8 12.8 12.8zM496 400H48V80c0-8.84-7.16-16-16-16H16C7.16 64 0 71.16 0 80v336c0 17.67 14.33 32 32 32h464c8.84 0 16-7.16 16-16v-16c0-8.84-7.16-16-16-16zm-387.2-48h22.4c6.4 0 12.8-6.4 12.8-12.8v-70.4c0-6.4-6.4-12.8-12.8-12.8h-22.4c-6.4 0-12.8 6.4-12.8 12.8v70.4c0 6.4 6.4 12.8 12.8 12.8z\" class=\"\"><\/path><\/svg><\/i> <img loading=\"lazy\" decoding=\"async\" width=\"16\" height=\"16\" alt=\"Loading\" src=\"https:\/\/temucotelevision.cl\/web\/wp-content\/plugins\/page-views-count\/ajax-loader-2x.gif\" border=0 \/><\/p>\n<div class=\"pvc_clear\"><\/div>\n<p align=\"justify\">Detectives de la Brigada Antinarc\u00f3ticos y Contra el Crimen Organizado (Brianco) Temuco, incautaron 23 plantas de cannabis sativa \u2013en menos de 24 horas- en Padre Las Casas y Pueblo Nuevo, deteniendo a tres mujeres.<\/p>\n<p align=\"justify\">En el primer operativo, realizado el 21 de febrero se detuvo a dos mujeres \u2013de 56 y 27 a\u00f1os de edad, suegra y nuera, respectivamente- por el delito de tenencia y cultivo de cannabis sativa. Al realizar la entrada y registro voluntario del inmueble de las detenidas, ubicado en un predio en la comuna de padre Las Casas, se incautaron 18 plantas de cannabis sativa en proceso de crecimiento.<\/p>\n<p align=\"justify\">En una segunda diligencia, detectives de la misma unidad especializada, en una investigaci\u00f3n en conjunto con la Fiscal\u00eda Local de Temuco, efectuaron una entrada y registro voluntario en una vivienda ubicada en el sector Pueblo Nuevo de Temuco, logrando decomisar 5 plantas de cannabis sativa \u2013entre 97 y 125 cent\u00edmetros de altura-, y una balanza digital, adem\u00e1s de la detenci\u00f3n de una mujer de 44 a\u00f1os.<\/p>\n<p align=\"justify\">Por instrucci\u00f3n del la Fiscal\u00eda, las detenidas fueron puestas en libertad previo apercibimiento y quedando a la espera de citaci\u00f3n.<\/p>\n","protected":false},"excerpt":{"rendered":"<div class=\"pvc_clear\"><\/div>\n<p id=\"pvc_stats_1792\" class=\"pvc_stats total_only  \" data-element-id=\"1792\" style=\"\"><i class=\"pvc-stats-icon large\" aria-hidden=\"true\"><svg aria-hidden=\"true\" focusable=\"false\" data-prefix=\"far\" data-icon=\"chart-bar\" role=\"img\" xmlns=\"http:\/\/www.w3.org\/2000\/svg\" viewBox=\"0 0 512 512\" class=\"svg-inline--fa fa-chart-bar fa-w-16 fa-2x\"><path fill=\"currentColor\" d=\"M396.8 352h22.4c6.4 0 12.8-6.4 12.8-12.8V108.8c0-6.4-6.4-12.8-12.8-12.8h-22.4c-6.4 0-12.8 6.4-12.8 12.8v230.4c0 6.4 6.4 12.8 12.8 12.8zm-192 0h22.4c6.4 0 12.8-6.4 12.8-12.8V140.8c0-6.4-6.4-12.8-12.8-12.8h-22.4c-6.4 0-12.8 6.4-12.8 12.8v198.4c0 6.4 6.4 12.8 12.8 12.8zm96 0h22.4c6.4 0 12.8-6.4 12.8-12.8V204.8c0-6.4-6.4-12.8-12.8-12.8h-22.4c-6.4 0-12.8 6.4-12.8 12.8v134.4c0 6.4 6.4 12.8 12.8 12.8zM496 400H48V80c0-8.84-7.16-16-16-16H16C7.16 64 0 71.16 0 80v336c0 17.67 14.33 32 32 32h464c8.84 0 16-7.16 16-16v-16c0-8.84-7.16-16-16-16zm-387.2-48h22.4c6.4 0 12.8-6.4 12.8-12.8v-70.4c0-6.4-6.4-12.8-12.8-12.8h-22.4c-6.4 0-12.8 6.4-12.8 12.8v70.4c0 6.4 6.4 12.8 12.8 12.8z\" class=\"\"><\/path><\/svg><\/i> <img loading=\"lazy\" decoding=\"async\" width=\"16\" height=\"16\" alt=\"Loading\" src=\"https:\/\/temucotelevision.cl\/web\/wp-content\/plugins\/page-views-count\/ajax-loader-2x.gif\" border=0 \/><\/p>\n<div class=\"pvc_clear\"><\/div>\n<p>Detectives de la Brigada Antinarc\u00f3ticos y Contra el Crimen Organizado (Brianco) Temuco, incautaron 23 plantas de cannabis sativa \u2013en menos<\/p>\n","protected":false},"author":1,"featured_media":1793,"comment_status":"open","ping_status":"open","sticky":false,"template":"","format":"standard","meta":{"colormag_page_container_layout":"default_layout","colormag_page_sidebar_layout":"default_layout","footnotes":""},"categories":[16],"tags":[190,667,78],"class_list":["post-1792","post","type-post","status-publish","format-standard","has-post-thumbnail","hentry","category-policial","tag-brigada-antinarcoticos","tag-cannabis-sativa","tag-temuco"],"a3_pvc":{"activated":true,"total_views":48,"today_views":0},"_links":{"self":[{"href":"https:\/\/temucotelevision.cl\/web\/wp-json\/wp\/v2\/posts\/1792","targetHints":{"allow":["GET"]}}],"collection":[{"href":"https:\/\/temucotelevision.cl\/web\/wp-json\/wp\/v2\/posts"}],"about":[{"href":"https:\/\/temucotelevision.cl\/web\/wp-json\/wp\/v2\/types\/post"}],"author":[{"embeddable":true,"href":"https:\/\/temucotelevision.cl\/web\/wp-json\/wp\/v2\/users\/1"}],"replies":[{"embeddable":true,"href":"https:\/\/temucotelevision.cl\/web\/wp-json\/wp\/v2\/comments?post=1792"}],"version-history":[{"count":1,"href":"https:\/\/temucotelevision.cl\/web\/wp-json\/wp\/v2\/posts\/1792\/revisions"}],"predecessor-version":[{"id":1794,"href":"https:\/\/temucotelevision.cl\/web\/wp-json\/wp\/v2\/posts\/1792\/revisions\/1794"}],"wp:featuredmedia":[{"embeddable":true,"href":"https:\/\/temucotelevision.cl\/web\/wp-json\/wp\/v2\/media\/1793"}],"wp:attachment":[{"href":"https:\/\/temucotelevision.cl\/web\/wp-json\/wp\/v2\/media?parent=1792"}],"wp:term":[{"taxonomy":"category","embeddable":true,"href":"https:\/\/temucotelevision.cl\/web\/wp-json\/wp\/v2\/categories?post=1792"},{"taxonomy":"post_tag","embeddable":true,"href":"https:\/\/temucotelevision.cl\/web\/wp-json\/wp\/v2\/tags?post=1792"}],"curies":[{"name":"wp","href":"https:\/\/api.w.org\/{rel}","templated":true}]}}