{"id":1789,"date":"2019-02-26T08:00:38","date_gmt":"2019-02-26T11:00:38","guid":{"rendered":"https:\/\/temucotelevision.cl\/web\/?p=1789"},"modified":"2019-02-26T00:51:10","modified_gmt":"2019-02-26T03:51:10","slug":"cge-pone-en-marcha-plan-especial-en-la-araucania","status":"publish","type":"post","link":"https:\/\/temucotelevision.cl\/web\/2019\/02\/26\/cge-pone-en-marcha-plan-especial-en-la-araucania\/","title":{"rendered":"CGE pone en marcha plan especial en La Araucan\u00eda"},"content":{"rendered":"<div class=\"pvc_clear\"><\/div>\n<p id=\"pvc_stats_1789\" class=\"pvc_stats total_only  \" data-element-id=\"1789\" style=\"\"><i class=\"pvc-stats-icon large\" aria-hidden=\"true\"><svg aria-hidden=\"true\" focusable=\"false\" data-prefix=\"far\" data-icon=\"chart-bar\" role=\"img\" xmlns=\"http:\/\/www.w3.org\/2000\/svg\" viewBox=\"0 0 512 512\" class=\"svg-inline--fa fa-chart-bar fa-w-16 fa-2x\"><path fill=\"currentColor\" d=\"M396.8 352h22.4c6.4 0 12.8-6.4 12.8-12.8V108.8c0-6.4-6.4-12.8-12.8-12.8h-22.4c-6.4 0-12.8 6.4-12.8 12.8v230.4c0 6.4 6.4 12.8 12.8 12.8zm-192 0h22.4c6.4 0 12.8-6.4 12.8-12.8V140.8c0-6.4-6.4-12.8-12.8-12.8h-22.4c-6.4 0-12.8 6.4-12.8 12.8v198.4c0 6.4 6.4 12.8 12.8 12.8zm96 0h22.4c6.4 0 12.8-6.4 12.8-12.8V204.8c0-6.4-6.4-12.8-12.8-12.8h-22.4c-6.4 0-12.8 6.4-12.8 12.8v134.4c0 6.4 6.4 12.8 12.8 12.8zM496 400H48V80c0-8.84-7.16-16-16-16H16C7.16 64 0 71.16 0 80v336c0 17.67 14.33 32 32 32h464c8.84 0 16-7.16 16-16v-16c0-8.84-7.16-16-16-16zm-387.2-48h22.4c6.4 0 12.8-6.4 12.8-12.8v-70.4c0-6.4-6.4-12.8-12.8-12.8h-22.4c-6.4 0-12.8 6.4-12.8 12.8v70.4c0 6.4 6.4 12.8 12.8 12.8z\" class=\"\"><\/path><\/svg><\/i> <img loading=\"lazy\" decoding=\"async\" width=\"16\" height=\"16\" alt=\"Loading\" src=\"https:\/\/temucotelevision.cl\/web\/wp-content\/plugins\/page-views-count\/ajax-loader-2x.gif\" border=0 \/><\/p>\n<div class=\"pvc_clear\"><\/div>\n<p align=\"justify\">17 brigadas de poda y tala, con 90 personas en terreno, comenzaron las labores de despeje de casi 60 kil\u00f3metros de l\u00edneas entre Temuco y Loncoche.<u><\/u><u><\/u><\/p>\n<p align=\"justify\">La empresa agradece a la comunidad que ha facilitado los trabajos.<u><\/u><u><\/u><\/p>\n<p align=\"justify\">A solo d\u00edas de haber anunciado un plan de acci\u00f3n extraordinario para la Regi\u00f3n de La Araucan\u00eda, personal de CGE ya se encuentra en terreno trabajando para la concreci\u00f3n de la primera etapa de esta iniciativa.<u><\/u><u><\/u><\/p>\n<p align=\"justify\">Un total de 17 brigadas, con cerca de 90 personas entre t\u00e9cnicos y supervisores, comenzaron los trabajos de poda y tala en sectores aleda\u00f1os a los tendidos el\u00e9ctricos. Una vez concluido el plan, se espera alcanzar un total de 60 kil\u00f3metros entre las localidades de Temuco y Loncoche.<u><\/u><u><\/u><\/p>\n<p align=\"justify\">Los trabajos, que tendr\u00e1n una extensi\u00f3n inicial de m\u00ednimo tres meses, contemplan el despliegue de hasta 30 brigadas en terreno y la utilizaci\u00f3n de maquinaria pesada, como chipeadoras, taladoras y retroexcavadoras.<u><\/u><u><\/u><\/p>\n<p align=\"justify\">Esta es la primera parte del plan y considera recursos extraordinarios por 4 mil 600 millones para repotenciar y fortalecer la infraestructura el\u00e9ctrica de la Regi\u00f3n.<u><\/u><u><\/u><\/p>\n<p align=\"justify\">La empresa agradece a la comunidad que ha facilitado las obras y est\u00e1 trabajando en coordinaci\u00f3n con el gobierno tanto a nivel regional como central para avanzar en el cumplimiento de las etapas.<u><\/u><u><\/u><\/p>\n<p align=\"justify\">Asimismo, CGE ha desplegado tambi\u00e9n diferentes equipos de generaci\u00f3n y recursos de atenci\u00f3n directa a sus clientes, para reforzar el servicio principalmente en las zonas de Puc\u00f3n, Villarrica y Curarrehue, y mitigar el impacto de eventuales anomal\u00edas futuras.<u><\/u><u><\/u><\/p>\n<p align=\"justify\">CGE recuerda que cualquier anomal\u00eda en el servicio puede ser informada al Fono Clientes 600 777 77 77 o al canal de Twitter @CGE_Clientes, ambos con atenci\u00f3n las 24 horas del d\u00eda. Respecto de clientes que requieran ingresar reclamos en caso de artefactos da\u00f1ados o p\u00e9rdidas de alimentos, pueden acercarse a las oficinas comerciales en Puc\u00f3n y Villarrica<\/p>\n","protected":false},"excerpt":{"rendered":"<div class=\"pvc_clear\"><\/div>\n<p id=\"pvc_stats_1789\" class=\"pvc_stats total_only  \" data-element-id=\"1789\" style=\"\"><i class=\"pvc-stats-icon large\" aria-hidden=\"true\"><svg aria-hidden=\"true\" focusable=\"false\" data-prefix=\"far\" data-icon=\"chart-bar\" role=\"img\" xmlns=\"http:\/\/www.w3.org\/2000\/svg\" viewBox=\"0 0 512 512\" class=\"svg-inline--fa fa-chart-bar fa-w-16 fa-2x\"><path fill=\"currentColor\" d=\"M396.8 352h22.4c6.4 0 12.8-6.4 12.8-12.8V108.8c0-6.4-6.4-12.8-12.8-12.8h-22.4c-6.4 0-12.8 6.4-12.8 12.8v230.4c0 6.4 6.4 12.8 12.8 12.8zm-192 0h22.4c6.4 0 12.8-6.4 12.8-12.8V140.8c0-6.4-6.4-12.8-12.8-12.8h-22.4c-6.4 0-12.8 6.4-12.8 12.8v198.4c0 6.4 6.4 12.8 12.8 12.8zm96 0h22.4c6.4 0 12.8-6.4 12.8-12.8V204.8c0-6.4-6.4-12.8-12.8-12.8h-22.4c-6.4 0-12.8 6.4-12.8 12.8v134.4c0 6.4 6.4 12.8 12.8 12.8zM496 400H48V80c0-8.84-7.16-16-16-16H16C7.16 64 0 71.16 0 80v336c0 17.67 14.33 32 32 32h464c8.84 0 16-7.16 16-16v-16c0-8.84-7.16-16-16-16zm-387.2-48h22.4c6.4 0 12.8-6.4 12.8-12.8v-70.4c0-6.4-6.4-12.8-12.8-12.8h-22.4c-6.4 0-12.8 6.4-12.8 12.8v70.4c0 6.4 6.4 12.8 12.8 12.8z\" class=\"\"><\/path><\/svg><\/i> <img loading=\"lazy\" decoding=\"async\" width=\"16\" height=\"16\" alt=\"Loading\" src=\"https:\/\/temucotelevision.cl\/web\/wp-content\/plugins\/page-views-count\/ajax-loader-2x.gif\" border=0 \/><\/p>\n<div class=\"pvc_clear\"><\/div>\n<p>17 brigadas de poda y tala, con 90 personas en terreno, comenzaron las labores de despeje de casi 60 kil\u00f3metros<\/p>\n","protected":false},"author":1,"featured_media":1790,"comment_status":"open","ping_status":"open","sticky":false,"template":"","format":"standard","meta":{"colormag_page_container_layout":"default_layout","colormag_page_sidebar_layout":"default_layout","footnotes":""},"categories":[15],"tags":[517,666,116,161,204],"class_list":["post-1789","post","type-post","status-publish","format-standard","has-post-thumbnail","hentry","category-la-araucania","tag-cge","tag-curarrehue","tag-la-araucania","tag-pucon","tag-villarrica"],"a3_pvc":{"activated":true,"total_views":21,"today_views":0},"_links":{"self":[{"href":"https:\/\/temucotelevision.cl\/web\/wp-json\/wp\/v2\/posts\/1789","targetHints":{"allow":["GET"]}}],"collection":[{"href":"https:\/\/temucotelevision.cl\/web\/wp-json\/wp\/v2\/posts"}],"about":[{"href":"https:\/\/temucotelevision.cl\/web\/wp-json\/wp\/v2\/types\/post"}],"author":[{"embeddable":true,"href":"https:\/\/temucotelevision.cl\/web\/wp-json\/wp\/v2\/users\/1"}],"replies":[{"embeddable":true,"href":"https:\/\/temucotelevision.cl\/web\/wp-json\/wp\/v2\/comments?post=1789"}],"version-history":[{"count":1,"href":"https:\/\/temucotelevision.cl\/web\/wp-json\/wp\/v2\/posts\/1789\/revisions"}],"predecessor-version":[{"id":1791,"href":"https:\/\/temucotelevision.cl\/web\/wp-json\/wp\/v2\/posts\/1789\/revisions\/1791"}],"wp:featuredmedia":[{"embeddable":true,"href":"https:\/\/temucotelevision.cl\/web\/wp-json\/wp\/v2\/media\/1790"}],"wp:attachment":[{"href":"https:\/\/temucotelevision.cl\/web\/wp-json\/wp\/v2\/media?parent=1789"}],"wp:term":[{"taxonomy":"category","embeddable":true,"href":"https:\/\/temucotelevision.cl\/web\/wp-json\/wp\/v2\/categories?post=1789"},{"taxonomy":"post_tag","embeddable":true,"href":"https:\/\/temucotelevision.cl\/web\/wp-json\/wp\/v2\/tags?post=1789"}],"curies":[{"name":"wp","href":"https:\/\/api.w.org\/{rel}","templated":true}]}}