{"id":1786,"date":"2019-02-26T08:00:42","date_gmt":"2019-02-26T11:00:42","guid":{"rendered":"https:\/\/temucotelevision.cl\/web\/?p=1786"},"modified":"2019-02-26T00:47:24","modified_gmt":"2019-02-26T03:47:24","slug":"detectan-pesca-ilegal-de-salmon-chinook-en-sector-de-rio-tolten","status":"publish","type":"post","link":"https:\/\/temucotelevision.cl\/web\/2019\/02\/26\/detectan-pesca-ilegal-de-salmon-chinook-en-sector-de-rio-tolten\/","title":{"rendered":"Detectan pesca ilegal de salm\u00f3n Chinook en sector de R\u00edo Tolt\u00e9n"},"content":{"rendered":"<div class=\"pvc_clear\"><\/div>\n<p id=\"pvc_stats_1786\" class=\"pvc_stats total_only  \" data-element-id=\"1786\" style=\"\"><i class=\"pvc-stats-icon large\" aria-hidden=\"true\"><svg aria-hidden=\"true\" focusable=\"false\" data-prefix=\"far\" data-icon=\"chart-bar\" role=\"img\" xmlns=\"http:\/\/www.w3.org\/2000\/svg\" viewBox=\"0 0 512 512\" class=\"svg-inline--fa fa-chart-bar fa-w-16 fa-2x\"><path fill=\"currentColor\" d=\"M396.8 352h22.4c6.4 0 12.8-6.4 12.8-12.8V108.8c0-6.4-6.4-12.8-12.8-12.8h-22.4c-6.4 0-12.8 6.4-12.8 12.8v230.4c0 6.4 6.4 12.8 12.8 12.8zm-192 0h22.4c6.4 0 12.8-6.4 12.8-12.8V140.8c0-6.4-6.4-12.8-12.8-12.8h-22.4c-6.4 0-12.8 6.4-12.8 12.8v198.4c0 6.4 6.4 12.8 12.8 12.8zm96 0h22.4c6.4 0 12.8-6.4 12.8-12.8V204.8c0-6.4-6.4-12.8-12.8-12.8h-22.4c-6.4 0-12.8 6.4-12.8 12.8v134.4c0 6.4 6.4 12.8 12.8 12.8zM496 400H48V80c0-8.84-7.16-16-16-16H16C7.16 64 0 71.16 0 80v336c0 17.67 14.33 32 32 32h464c8.84 0 16-7.16 16-16v-16c0-8.84-7.16-16-16-16zm-387.2-48h22.4c6.4 0 12.8-6.4 12.8-12.8v-70.4c0-6.4-6.4-12.8-12.8-12.8h-22.4c-6.4 0-12.8 6.4-12.8 12.8v70.4c0 6.4 6.4 12.8 12.8 12.8z\" class=\"\"><\/path><\/svg><\/i> <img loading=\"lazy\" decoding=\"async\" width=\"16\" height=\"16\" alt=\"Loading\" src=\"https:\/\/temucotelevision.cl\/web\/wp-content\/plugins\/page-views-count\/ajax-loader-2x.gif\" border=0 \/><\/p>\n<div class=\"pvc_clear\"><\/div>\n<p style=\"text-align: justify;\">En un operativo realizado en conjunto entre el Servicio Nacional de Pesca y Acuicultura de la regi\u00f3n de La Araucan\u00eda y la Armada se logr\u00f3 la incautaci\u00f3n de una red de enmalle en el sector de la desembocadura del r\u00edo Tolt\u00e9n.<\/p>\n<p style=\"text-align: justify;\">La embarcaci\u00f3n, con pescadores y los aparejos de pesca detectados, no pertenec\u00edan al listado de 32 armadores y embarcaciones artesanales de Caleta La Barra que fueron autorizados por la Subsecretar\u00eda de pesca, por lo que la instituci\u00f3n fiscalizadora procedi\u00f3 a la incautaci\u00f3n del arte de pesca y a cursar las citaciones a tribunales correspondientes.<\/p>\n<p style=\"text-align: justify;\">Mauricio Steffen, jefe de Fiscalizaci\u00f3n de Sernapesca Araucan\u00eda, explic\u00f3: \u201cDetectamos una embarcaci\u00f3n que no est\u00e1 habilitada para la captura del chinook en La Barra, por lo que procedimos a incautar la red de pesca de 60 metros, avaluada en 150 mil pesos. Esta acci\u00f3n se enmarca en la serie de operativos de fiscalizaci\u00f3n que hemos realizado junto a la Autoridad Mar\u00edtima desde que inici\u00f3 la temporada de captura\u201d.<\/p>\n<p style=\"text-align: justify;\">\u201cSe ha coordinado\u00a0la presencia de inspectores de manera permanente en el punto de desembarque de la Caleta. Adem\u00e1s, se han marcado las redes y las embarcaciones que est\u00e1n inscritas con autorizaci\u00f3n para la pesca extractiva, por tanto, el \u00e9nfasis de la fiscalizaci\u00f3n est\u00e1 en la embarcaciones que no se encuentran habilitadas y que realizan pesca ilegal afectando la sustentabilidad del recurso\u201d, detall\u00f3.<\/p>\n<p style=\"text-align: justify;\">En tanto, el Director regional (s) de Sernapesca Araucan\u00eda, Manuel Masquiar\u00e1n, indic\u00f3 que\u00a0\u201cla temporada de pesca artesanal del salm\u00f3n chinook en Caleta La Barra parti\u00f3 reglamentariamente a fines de diciembre pasado, con un horario definido y con una delimitaci\u00f3n espec\u00edfica en el r\u00edo Tolt\u00e9n. Cabe mencionar que la pesca del chinook se extender\u00e1 hasta el pr\u00f3ximo jueves 28 de febrero, y posterior a eso entregaremos un balance de lo que fue el primer periodo de autorizaci\u00f3n de pesca con redes del salm\u00f3n asilvestrado\u201d.<\/p>\n","protected":false},"excerpt":{"rendered":"<div class=\"pvc_clear\"><\/div>\n<p id=\"pvc_stats_1786\" class=\"pvc_stats total_only  \" data-element-id=\"1786\" style=\"\"><i class=\"pvc-stats-icon large\" aria-hidden=\"true\"><svg aria-hidden=\"true\" focusable=\"false\" data-prefix=\"far\" data-icon=\"chart-bar\" role=\"img\" xmlns=\"http:\/\/www.w3.org\/2000\/svg\" viewBox=\"0 0 512 512\" class=\"svg-inline--fa fa-chart-bar fa-w-16 fa-2x\"><path fill=\"currentColor\" d=\"M396.8 352h22.4c6.4 0 12.8-6.4 12.8-12.8V108.8c0-6.4-6.4-12.8-12.8-12.8h-22.4c-6.4 0-12.8 6.4-12.8 12.8v230.4c0 6.4 6.4 12.8 12.8 12.8zm-192 0h22.4c6.4 0 12.8-6.4 12.8-12.8V140.8c0-6.4-6.4-12.8-12.8-12.8h-22.4c-6.4 0-12.8 6.4-12.8 12.8v198.4c0 6.4 6.4 12.8 12.8 12.8zm96 0h22.4c6.4 0 12.8-6.4 12.8-12.8V204.8c0-6.4-6.4-12.8-12.8-12.8h-22.4c-6.4 0-12.8 6.4-12.8 12.8v134.4c0 6.4 6.4 12.8 12.8 12.8zM496 400H48V80c0-8.84-7.16-16-16-16H16C7.16 64 0 71.16 0 80v336c0 17.67 14.33 32 32 32h464c8.84 0 16-7.16 16-16v-16c0-8.84-7.16-16-16-16zm-387.2-48h22.4c6.4 0 12.8-6.4 12.8-12.8v-70.4c0-6.4-6.4-12.8-12.8-12.8h-22.4c-6.4 0-12.8 6.4-12.8 12.8v70.4c0 6.4 6.4 12.8 12.8 12.8z\" class=\"\"><\/path><\/svg><\/i> <img loading=\"lazy\" decoding=\"async\" width=\"16\" height=\"16\" alt=\"Loading\" src=\"https:\/\/temucotelevision.cl\/web\/wp-content\/plugins\/page-views-count\/ajax-loader-2x.gif\" border=0 \/><\/p>\n<div class=\"pvc_clear\"><\/div>\n<p>En un operativo realizado en conjunto entre el Servicio Nacional de Pesca y Acuicultura de la regi\u00f3n de La Araucan\u00eda<\/p>\n","protected":false},"author":1,"featured_media":1787,"comment_status":"open","ping_status":"open","sticky":false,"template":"","format":"standard","meta":{"colormag_page_container_layout":"default_layout","colormag_page_sidebar_layout":"default_layout","footnotes":""},"categories":[15],"tags":[116,664,665],"class_list":["post-1786","post","type-post","status-publish","format-standard","has-post-thumbnail","hentry","category-la-araucania","tag-la-araucania","tag-pesca-ilegal","tag-rio-tolten"],"a3_pvc":{"activated":true,"total_views":27,"today_views":0},"_links":{"self":[{"href":"https:\/\/temucotelevision.cl\/web\/wp-json\/wp\/v2\/posts\/1786","targetHints":{"allow":["GET"]}}],"collection":[{"href":"https:\/\/temucotelevision.cl\/web\/wp-json\/wp\/v2\/posts"}],"about":[{"href":"https:\/\/temucotelevision.cl\/web\/wp-json\/wp\/v2\/types\/post"}],"author":[{"embeddable":true,"href":"https:\/\/temucotelevision.cl\/web\/wp-json\/wp\/v2\/users\/1"}],"replies":[{"embeddable":true,"href":"https:\/\/temucotelevision.cl\/web\/wp-json\/wp\/v2\/comments?post=1786"}],"version-history":[{"count":1,"href":"https:\/\/temucotelevision.cl\/web\/wp-json\/wp\/v2\/posts\/1786\/revisions"}],"predecessor-version":[{"id":1788,"href":"https:\/\/temucotelevision.cl\/web\/wp-json\/wp\/v2\/posts\/1786\/revisions\/1788"}],"wp:featuredmedia":[{"embeddable":true,"href":"https:\/\/temucotelevision.cl\/web\/wp-json\/wp\/v2\/media\/1787"}],"wp:attachment":[{"href":"https:\/\/temucotelevision.cl\/web\/wp-json\/wp\/v2\/media?parent=1786"}],"wp:term":[{"taxonomy":"category","embeddable":true,"href":"https:\/\/temucotelevision.cl\/web\/wp-json\/wp\/v2\/categories?post=1786"},{"taxonomy":"post_tag","embeddable":true,"href":"https:\/\/temucotelevision.cl\/web\/wp-json\/wp\/v2\/tags?post=1786"}],"curies":[{"name":"wp","href":"https:\/\/api.w.org\/{rel}","templated":true}]}}