{"id":1782,"date":"2019-02-26T08:00:51","date_gmt":"2019-02-26T11:00:51","guid":{"rendered":"https:\/\/temucotelevision.cl\/web\/?p=1782"},"modified":"2019-02-26T00:41:34","modified_gmt":"2019-02-26T03:41:34","slug":"informacion-actualizada-de-los-incendios-forestales-en-la-araucania","status":"publish","type":"post","link":"https:\/\/temucotelevision.cl\/web\/2019\/02\/26\/informacion-actualizada-de-los-incendios-forestales-en-la-araucania\/","title":{"rendered":"Informaci\u00f3n actualizada de los incendios  forestales en La Araucania"},"content":{"rendered":"<div class=\"pvc_clear\"><\/div>\n<p id=\"pvc_stats_1782\" class=\"pvc_stats total_only  \" data-element-id=\"1782\" style=\"\"><i class=\"pvc-stats-icon large\" aria-hidden=\"true\"><svg aria-hidden=\"true\" focusable=\"false\" data-prefix=\"far\" data-icon=\"chart-bar\" role=\"img\" xmlns=\"http:\/\/www.w3.org\/2000\/svg\" viewBox=\"0 0 512 512\" class=\"svg-inline--fa fa-chart-bar fa-w-16 fa-2x\"><path fill=\"currentColor\" d=\"M396.8 352h22.4c6.4 0 12.8-6.4 12.8-12.8V108.8c0-6.4-6.4-12.8-12.8-12.8h-22.4c-6.4 0-12.8 6.4-12.8 12.8v230.4c0 6.4 6.4 12.8 12.8 12.8zm-192 0h22.4c6.4 0 12.8-6.4 12.8-12.8V140.8c0-6.4-6.4-12.8-12.8-12.8h-22.4c-6.4 0-12.8 6.4-12.8 12.8v198.4c0 6.4 6.4 12.8 12.8 12.8zm96 0h22.4c6.4 0 12.8-6.4 12.8-12.8V204.8c0-6.4-6.4-12.8-12.8-12.8h-22.4c-6.4 0-12.8 6.4-12.8 12.8v134.4c0 6.4 6.4 12.8 12.8 12.8zM496 400H48V80c0-8.84-7.16-16-16-16H16C7.16 64 0 71.16 0 80v336c0 17.67 14.33 32 32 32h464c8.84 0 16-7.16 16-16v-16c0-8.84-7.16-16-16-16zm-387.2-48h22.4c6.4 0 12.8-6.4 12.8-12.8v-70.4c0-6.4-6.4-12.8-12.8-12.8h-22.4c-6.4 0-12.8 6.4-12.8 12.8v70.4c0 6.4 6.4 12.8 12.8 12.8z\" class=\"\"><\/path><\/svg><\/i> <img loading=\"lazy\" decoding=\"async\" width=\"16\" height=\"16\" alt=\"Loading\" src=\"https:\/\/temucotelevision.cl\/web\/wp-content\/plugins\/page-views-count\/ajax-loader-2x.gif\" border=0 \/><\/p>\n<div class=\"pvc_clear\"><\/div>\n<p style=\"text-align: justify;\">La Direcci\u00f3n Regional de ONEMI La Araucan\u00eda ha reportado la siguiente afectaci\u00f3n:<\/p>\n<p style=\"text-align: justify;\">3 personas fallecidas, de las cuales 2 corresponden a la comuna de Cholchol y 1 a Nueva Imperial. Adem\u00e1s, se reportan 8 personas lesionadas en las comunas de Cholchol (1), Freire (1), Nueva Imperial (4), Temuco (1) y Ercilla (1).<\/p>\n<p style=\"text-align: justify;\">En cuanto a afectaci\u00f3n a viviendas, se reportan 41 viviendas destruidas, distribuidas en las comunas de Pitrufqu\u00e9n (2), Cholchol (15), Carahue (8), Freire (7), Temuco (2), Nueva Imperial (4) y Traigu\u00e9n (3). Debido a lo anterior, se han reportado 67 personas damnificadas, donde 32 corresponden a la comuna de Cholchol, 12 a Carahue, 6 a Freire, 8 a Nueva Imperial, 3 a Temuco, 3 a Pitrufqu\u00e9n y finalmente 3 a Traigu\u00e9n. Adicionalmente, se encuentran 2 personas albergadas en el Liceo Juan Schleyer de la comuna de Freire.<\/p>\n<p style=\"text-align: justify;\">Por su parte, ONEMI ha dispuesto 11.365 raciones de combate y 8.220 botellas de agua para Bomberos y Ej\u00e9rcito de Chile; 2 camiones aljibe para distribuci\u00f3n de agua potable; 93 cajas de alimento, 42 estanques de agua, 12.100 litros de petr\u00f3leo y 200 litros de gasolina a nivel regional. Del mismo modo, se ha dispuesto un total de 23 viviendas de emergencia (11 en la comuna de Cholchol, 4 en Nueva Imperial, 2 en Traigu\u00e9n y 6 en Carahue), adem\u00e1s de 3.522 mascarillas, 389 guantes, 389 protectores solares y 125 antiparras.<\/p>\n<p style=\"text-align: justify;\">Cabe se\u00f1alar, que producto de los incendios forestales, el sector de Quill\u00e9m Bajo (comunidad ind\u00edgena Jos\u00e9 Aillapan) en la comuna de Carahue, permanece con problemas de abastecimiento de agua, por lo cual se mantiene la distribuci\u00f3n de agua potable mediante camiones aljibe en el sector.<\/p>\n<p style=\"text-align: justify;\">De acuerdo a la plataforma SIDCO, el detalle del estado de los incendios forestales en la regi\u00f3n, es el siguiente:<\/p>\n<p style=\"text-align: justify;\"><b>Controlado<\/b>\u00a0se mantiene el incendio forestal \u201cPichipellahu\u00e9n 2\u201d, en la comuna de Lumaco, el cual afecta una superficie por confirmar de 704,14 ha. Trabaj\u00f3 durante la presente jornada, 1 brigada de CONAF.<\/p>\n<p style=\"text-align: justify;\"><b>Controlado\u00a0<\/b>se mantiene el incendio forestal \u201cMitrauqu\u00e9n Fundo Rahue\u201d, en la comuna de Lonquimay, el cual afecta una superficie por confirmar de 414 ha. Durante la presente jornada, el incendio se mantuvo en observaci\u00f3n por personal de CONAF.<\/p>\n<p style=\"text-align: justify;\"><b>Controlado\u00a0<\/b>se mantiene el incendio forestal \u201cMonte Bello\u201d, en la comuna de Pitrufqu\u00e9n, el cual afecta una superficie por confirmar de 346,98 ha. Trabajaron durante la pasada jornada 03 brigadas y 02 camiones aljibe de CONAF, con el apoyo de 01 BRIFE del Ej\u00e9rcito de Chile.<\/p>\n<p style=\"text-align: justify;\">A ra\u00edz de este incendio, el d\u00eda viernes 15 de febrero se procedi\u00f3 al env\u00edo de 1 mensaje SAE a la comuna de Pitrufqu\u00e9n, solicitando la evacuaci\u00f3n del sector de Loica.<\/p>\n","protected":false},"excerpt":{"rendered":"<div class=\"pvc_clear\"><\/div>\n<p id=\"pvc_stats_1782\" class=\"pvc_stats total_only  \" data-element-id=\"1782\" style=\"\"><i class=\"pvc-stats-icon large\" aria-hidden=\"true\"><svg aria-hidden=\"true\" focusable=\"false\" data-prefix=\"far\" data-icon=\"chart-bar\" role=\"img\" xmlns=\"http:\/\/www.w3.org\/2000\/svg\" viewBox=\"0 0 512 512\" class=\"svg-inline--fa fa-chart-bar fa-w-16 fa-2x\"><path fill=\"currentColor\" d=\"M396.8 352h22.4c6.4 0 12.8-6.4 12.8-12.8V108.8c0-6.4-6.4-12.8-12.8-12.8h-22.4c-6.4 0-12.8 6.4-12.8 12.8v230.4c0 6.4 6.4 12.8 12.8 12.8zm-192 0h22.4c6.4 0 12.8-6.4 12.8-12.8V140.8c0-6.4-6.4-12.8-12.8-12.8h-22.4c-6.4 0-12.8 6.4-12.8 12.8v198.4c0 6.4 6.4 12.8 12.8 12.8zm96 0h22.4c6.4 0 12.8-6.4 12.8-12.8V204.8c0-6.4-6.4-12.8-12.8-12.8h-22.4c-6.4 0-12.8 6.4-12.8 12.8v134.4c0 6.4 6.4 12.8 12.8 12.8zM496 400H48V80c0-8.84-7.16-16-16-16H16C7.16 64 0 71.16 0 80v336c0 17.67 14.33 32 32 32h464c8.84 0 16-7.16 16-16v-16c0-8.84-7.16-16-16-16zm-387.2-48h22.4c6.4 0 12.8-6.4 12.8-12.8v-70.4c0-6.4-6.4-12.8-12.8-12.8h-22.4c-6.4 0-12.8 6.4-12.8 12.8v70.4c0 6.4 6.4 12.8 12.8 12.8z\" class=\"\"><\/path><\/svg><\/i> <img loading=\"lazy\" decoding=\"async\" width=\"16\" height=\"16\" alt=\"Loading\" src=\"https:\/\/temucotelevision.cl\/web\/wp-content\/plugins\/page-views-count\/ajax-loader-2x.gif\" border=0 \/><\/p>\n<div class=\"pvc_clear\"><\/div>\n<p>La Direcci\u00f3n Regional de ONEMI La Araucan\u00eda ha reportado la siguiente afectaci\u00f3n: 3 personas fallecidas, de las cuales 2 corresponden<\/p>\n","protected":false},"author":1,"featured_media":1404,"comment_status":"open","ping_status":"open","sticky":false,"template":"","format":"standard","meta":{"colormag_page_container_layout":"default_layout","colormag_page_sidebar_layout":"default_layout","footnotes":""},"categories":[15],"tags":[127,116],"class_list":["post-1782","post","type-post","status-publish","format-standard","has-post-thumbnail","hentry","category-la-araucania","tag-incendios-forestales","tag-la-araucania"],"a3_pvc":{"activated":true,"total_views":106,"today_views":0},"_links":{"self":[{"href":"https:\/\/temucotelevision.cl\/web\/wp-json\/wp\/v2\/posts\/1782","targetHints":{"allow":["GET"]}}],"collection":[{"href":"https:\/\/temucotelevision.cl\/web\/wp-json\/wp\/v2\/posts"}],"about":[{"href":"https:\/\/temucotelevision.cl\/web\/wp-json\/wp\/v2\/types\/post"}],"author":[{"embeddable":true,"href":"https:\/\/temucotelevision.cl\/web\/wp-json\/wp\/v2\/users\/1"}],"replies":[{"embeddable":true,"href":"https:\/\/temucotelevision.cl\/web\/wp-json\/wp\/v2\/comments?post=1782"}],"version-history":[{"count":1,"href":"https:\/\/temucotelevision.cl\/web\/wp-json\/wp\/v2\/posts\/1782\/revisions"}],"predecessor-version":[{"id":1783,"href":"https:\/\/temucotelevision.cl\/web\/wp-json\/wp\/v2\/posts\/1782\/revisions\/1783"}],"wp:featuredmedia":[{"embeddable":true,"href":"https:\/\/temucotelevision.cl\/web\/wp-json\/wp\/v2\/media\/1404"}],"wp:attachment":[{"href":"https:\/\/temucotelevision.cl\/web\/wp-json\/wp\/v2\/media?parent=1782"}],"wp:term":[{"taxonomy":"category","embeddable":true,"href":"https:\/\/temucotelevision.cl\/web\/wp-json\/wp\/v2\/categories?post=1782"},{"taxonomy":"post_tag","embeddable":true,"href":"https:\/\/temucotelevision.cl\/web\/wp-json\/wp\/v2\/tags?post=1782"}],"curies":[{"name":"wp","href":"https:\/\/api.w.org\/{rel}","templated":true}]}}