{"id":1779,"date":"2019-02-25T16:41:57","date_gmt":"2019-02-25T19:41:57","guid":{"rendered":"https:\/\/temucotelevision.cl\/web\/?p=1779"},"modified":"2019-02-25T16:41:57","modified_gmt":"2019-02-25T19:41:57","slug":"en-la-araucania-entregan-mas-de-un-millon-de-textos-escolares","status":"publish","type":"post","link":"https:\/\/temucotelevision.cl\/web\/2019\/02\/25\/en-la-araucania-entregan-mas-de-un-millon-de-textos-escolares\/","title":{"rendered":"En La Araucan\u00eda entregan m\u00e1s de un mill\u00f3n de textos escolares"},"content":{"rendered":"<div class=\"pvc_clear\"><\/div>\n<p id=\"pvc_stats_1779\" class=\"pvc_stats total_only  \" data-element-id=\"1779\" style=\"\"><i class=\"pvc-stats-icon large\" aria-hidden=\"true\"><svg aria-hidden=\"true\" focusable=\"false\" data-prefix=\"far\" data-icon=\"chart-bar\" role=\"img\" xmlns=\"http:\/\/www.w3.org\/2000\/svg\" viewBox=\"0 0 512 512\" class=\"svg-inline--fa fa-chart-bar fa-w-16 fa-2x\"><path fill=\"currentColor\" d=\"M396.8 352h22.4c6.4 0 12.8-6.4 12.8-12.8V108.8c0-6.4-6.4-12.8-12.8-12.8h-22.4c-6.4 0-12.8 6.4-12.8 12.8v230.4c0 6.4 6.4 12.8 12.8 12.8zm-192 0h22.4c6.4 0 12.8-6.4 12.8-12.8V140.8c0-6.4-6.4-12.8-12.8-12.8h-22.4c-6.4 0-12.8 6.4-12.8 12.8v198.4c0 6.4 6.4 12.8 12.8 12.8zm96 0h22.4c6.4 0 12.8-6.4 12.8-12.8V204.8c0-6.4-6.4-12.8-12.8-12.8h-22.4c-6.4 0-12.8 6.4-12.8 12.8v134.4c0 6.4 6.4 12.8 12.8 12.8zM496 400H48V80c0-8.84-7.16-16-16-16H16C7.16 64 0 71.16 0 80v336c0 17.67 14.33 32 32 32h464c8.84 0 16-7.16 16-16v-16c0-8.84-7.16-16-16-16zm-387.2-48h22.4c6.4 0 12.8-6.4 12.8-12.8v-70.4c0-6.4-6.4-12.8-12.8-12.8h-22.4c-6.4 0-12.8 6.4-12.8 12.8v70.4c0 6.4 6.4 12.8 12.8 12.8z\" class=\"\"><\/path><\/svg><\/i> <img loading=\"lazy\" decoding=\"async\" width=\"16\" height=\"16\" alt=\"Loading\" src=\"https:\/\/temucotelevision.cl\/web\/wp-content\/plugins\/page-views-count\/ajax-loader-2x.gif\" border=0 \/><\/p>\n<div class=\"pvc_clear\"><\/div>\n<p style=\"text-align: justify;\">Proceso se inici\u00f3 el 24 de enero y finaliza esta semana.<\/p>\n<p style=\"text-align: justify;\">Hasta Liceo Pablo Neruda de Temuco lleg\u00f3 el SEREMI de Educaci\u00f3n de La Araucan\u00eda, Juan Luis Salinas, para encabezar la entrega de 15.244 textos escolares correspondientes a los niveles b\u00e1sico y medio de dicho liceo.<\/p>\n<p style=\"text-align: justify;\">La iniciativa es parte de los 1.021.784 libros de apoyo a la educaci\u00f3n que desde el pasado 24 de enero comenzaron a ser repartidos en 995 establecimientos educacionales de toda La Araucan\u00eda, con miras al inicio oficial del a\u00f1o escolar, programado para el pr\u00f3ximo 4 de marzo. De ellos, 212 colegios se encuentran en la provincia de Malleco y 783 en Caut\u00edn<\/p>\n<p style=\"text-align: justify;\">Hasta la fecha, se han entregado los textos escolares en 755 establecimientos municipales, particular subvencionados y de administraci\u00f3n delegada, correspondiente a un 77,8% del total a entregar. Se trata de libros de apoyo a las asignaturas de matem\u00e1tica, lenguaje, Historia, ciencias (f\u00edsica, qu\u00edmica y biolog\u00eda en el caso de ense\u00f1anza media). A ello se suman textos de \u00e1lgebra, ecolog\u00eda y medio ambiente, educaci\u00f3n f\u00edsica y geograf\u00eda, en el caso de los establecimientos con mayores necesidades.<\/p>\n<p style=\"text-align: justify;\">El SEREMI de Educaci\u00f3n de La Araucan\u00eda, Juan Luis Salinas, destac\u00f3 lo significativo que es para la econom\u00eda familiar este tipo de beneficio, debido a que \u201cesta entrega es gratuita para las familias. Los textos que acabamos de revisar cuentan con una diagramaci\u00f3n muy clara, espectacular. Adem\u00e1s, muy entretenidos y did\u00e1cticos y son un material excelente. Estos textos est\u00e1n (en el mercado), sobre los 30 o 35 mil pesos y esta es una entrega que el Ministerio de Educaci\u00f3n hace de manera gratuita en todo el pa\u00eds\u201d, enfatiz\u00f3.<\/p>\n<p style=\"text-align: justify;\">Respecto del plazo para que los textos lleguen a los establecimientos educacionales, la m\u00e1xima autoridad en educaci\u00f3n de La Araucan\u00eda recalc\u00f3 que \u201chasta el momento, tenemos un 77,8% de entrega debido a las vacaciones de los establecimientos educacionales. As\u00ed que esta semana completaremos la cifra que nos falta para que todos puedan comenzar sus clases con estos materiales\u201d. Al respecto, Alexia Bustos, apoderada del Liceo Pablo Neruda asegur\u00f3 que \u201cgracias a que est\u00e1n en este liceo, mis hijos est\u00e1n gratis, adem\u00e1s de sus \u00fatiles, sus libros. As\u00ed que muy agradecida, porque es un gasto menos para las familias. Estar comprando cada libro es bastante caro de estar gastando para nuestro c\u00edrculo familiar, pero ac\u00e1, teniendo ese beneficio, ya es un aporte y mi agradecimiento\u201d.<\/p>\n<div id=\"fb-root\"><\/div>\n<p><script async=\"1\" defer=\"1\" src=\"https:\/\/connect.facebook.net\/de_DE\/sdk.js#xfbml=1&amp;version=v3.2\"><\/script><\/p>\n<div class=\"fb-video\" data-href=\"https:\/\/www.facebook.com\/TemucoTelevision\/videos\/1246542565521503\/?t=3\" data-width=\"800\">\n<blockquote cite=\"https:\/\/www.facebook.com\/TemucoTelevision\/videos\/1246542565521503\/\" class=\"fb-xfbml-parse-ignore\"><p><a href=\"https:\/\/www.facebook.com\/TemucoTelevision\/videos\/1246542565521503\/\"><\/a><\/p>\n<p>Seremi de Educaci\u00f3n encabeza entrega de 15.244 textos escolares a niveles b\u00e1sico y medio en Liceo Pablo Neruda #Temuco www.temucotelevision.cl<\/p>\n<p>Gepostet von <a href=\"https:\/\/www.facebook.com\/TemucoTelevision\/\">Temuco Televisi\u00f3n<\/a> am Montag, 25. Februar 2019<\/p><\/blockquote>\n<\/div>\n","protected":false},"excerpt":{"rendered":"<div class=\"pvc_clear\"><\/div>\n<p id=\"pvc_stats_1779\" class=\"pvc_stats total_only  \" data-element-id=\"1779\" style=\"\"><i class=\"pvc-stats-icon large\" aria-hidden=\"true\"><svg aria-hidden=\"true\" focusable=\"false\" data-prefix=\"far\" data-icon=\"chart-bar\" role=\"img\" xmlns=\"http:\/\/www.w3.org\/2000\/svg\" viewBox=\"0 0 512 512\" class=\"svg-inline--fa fa-chart-bar fa-w-16 fa-2x\"><path fill=\"currentColor\" d=\"M396.8 352h22.4c6.4 0 12.8-6.4 12.8-12.8V108.8c0-6.4-6.4-12.8-12.8-12.8h-22.4c-6.4 0-12.8 6.4-12.8 12.8v230.4c0 6.4 6.4 12.8 12.8 12.8zm-192 0h22.4c6.4 0 12.8-6.4 12.8-12.8V140.8c0-6.4-6.4-12.8-12.8-12.8h-22.4c-6.4 0-12.8 6.4-12.8 12.8v198.4c0 6.4 6.4 12.8 12.8 12.8zm96 0h22.4c6.4 0 12.8-6.4 12.8-12.8V204.8c0-6.4-6.4-12.8-12.8-12.8h-22.4c-6.4 0-12.8 6.4-12.8 12.8v134.4c0 6.4 6.4 12.8 12.8 12.8zM496 400H48V80c0-8.84-7.16-16-16-16H16C7.16 64 0 71.16 0 80v336c0 17.67 14.33 32 32 32h464c8.84 0 16-7.16 16-16v-16c0-8.84-7.16-16-16-16zm-387.2-48h22.4c6.4 0 12.8-6.4 12.8-12.8v-70.4c0-6.4-6.4-12.8-12.8-12.8h-22.4c-6.4 0-12.8 6.4-12.8 12.8v70.4c0 6.4 6.4 12.8 12.8 12.8z\" class=\"\"><\/path><\/svg><\/i> <img loading=\"lazy\" decoding=\"async\" width=\"16\" height=\"16\" alt=\"Loading\" src=\"https:\/\/temucotelevision.cl\/web\/wp-content\/plugins\/page-views-count\/ajax-loader-2x.gif\" border=0 \/><\/p>\n<div class=\"pvc_clear\"><\/div>\n<p>Proceso se inici\u00f3 el 24 de enero y finaliza esta semana. Hasta Liceo Pablo Neruda de Temuco lleg\u00f3 el SEREMI<\/p>\n","protected":false},"author":1,"featured_media":1780,"comment_status":"open","ping_status":"open","sticky":false,"template":"","format":"standard","meta":{"colormag_page_container_layout":"default_layout","colormag_page_sidebar_layout":"default_layout","footnotes":""},"categories":[15],"tags":[151,148,662,302,663,232,661],"class_list":["post-1779","post","type-post","status-publish","format-standard","has-post-thumbnail","hentry","category-la-araucania","tag-alumnos","tag-educacion","tag-libros","tag-liceo","tag-marzo","tag-seremi","tag-textos"],"a3_pvc":{"activated":true,"total_views":18,"today_views":0},"_links":{"self":[{"href":"https:\/\/temucotelevision.cl\/web\/wp-json\/wp\/v2\/posts\/1779","targetHints":{"allow":["GET"]}}],"collection":[{"href":"https:\/\/temucotelevision.cl\/web\/wp-json\/wp\/v2\/posts"}],"about":[{"href":"https:\/\/temucotelevision.cl\/web\/wp-json\/wp\/v2\/types\/post"}],"author":[{"embeddable":true,"href":"https:\/\/temucotelevision.cl\/web\/wp-json\/wp\/v2\/users\/1"}],"replies":[{"embeddable":true,"href":"https:\/\/temucotelevision.cl\/web\/wp-json\/wp\/v2\/comments?post=1779"}],"version-history":[{"count":1,"href":"https:\/\/temucotelevision.cl\/web\/wp-json\/wp\/v2\/posts\/1779\/revisions"}],"predecessor-version":[{"id":1781,"href":"https:\/\/temucotelevision.cl\/web\/wp-json\/wp\/v2\/posts\/1779\/revisions\/1781"}],"wp:featuredmedia":[{"embeddable":true,"href":"https:\/\/temucotelevision.cl\/web\/wp-json\/wp\/v2\/media\/1780"}],"wp:attachment":[{"href":"https:\/\/temucotelevision.cl\/web\/wp-json\/wp\/v2\/media?parent=1779"}],"wp:term":[{"taxonomy":"category","embeddable":true,"href":"https:\/\/temucotelevision.cl\/web\/wp-json\/wp\/v2\/categories?post=1779"},{"taxonomy":"post_tag","embeddable":true,"href":"https:\/\/temucotelevision.cl\/web\/wp-json\/wp\/v2\/tags?post=1779"}],"curies":[{"name":"wp","href":"https:\/\/api.w.org\/{rel}","templated":true}]}}