{"id":1775,"date":"2019-02-25T16:11:58","date_gmt":"2019-02-25T19:11:58","guid":{"rendered":"https:\/\/temucotelevision.cl\/web\/?p=1775"},"modified":"2019-02-25T16:11:58","modified_gmt":"2019-02-25T19:11:58","slug":"la-falta-de-sueno-puede-disminuir-hasta-en-un-50-el-rendimiento-escolar","status":"publish","type":"post","link":"https:\/\/temucotelevision.cl\/web\/2019\/02\/25\/la-falta-de-sueno-puede-disminuir-hasta-en-un-50-el-rendimiento-escolar\/","title":{"rendered":"La falta de sue\u00f1o puede disminuir hasta en un 50% el rendimiento escolar"},"content":{"rendered":"<div class=\"pvc_clear\"><\/div>\n<p id=\"pvc_stats_1775\" class=\"pvc_stats total_only  \" data-element-id=\"1775\" style=\"\"><i class=\"pvc-stats-icon large\" aria-hidden=\"true\"><svg aria-hidden=\"true\" focusable=\"false\" data-prefix=\"far\" data-icon=\"chart-bar\" role=\"img\" xmlns=\"http:\/\/www.w3.org\/2000\/svg\" viewBox=\"0 0 512 512\" class=\"svg-inline--fa fa-chart-bar fa-w-16 fa-2x\"><path fill=\"currentColor\" d=\"M396.8 352h22.4c6.4 0 12.8-6.4 12.8-12.8V108.8c0-6.4-6.4-12.8-12.8-12.8h-22.4c-6.4 0-12.8 6.4-12.8 12.8v230.4c0 6.4 6.4 12.8 12.8 12.8zm-192 0h22.4c6.4 0 12.8-6.4 12.8-12.8V140.8c0-6.4-6.4-12.8-12.8-12.8h-22.4c-6.4 0-12.8 6.4-12.8 12.8v198.4c0 6.4 6.4 12.8 12.8 12.8zm96 0h22.4c6.4 0 12.8-6.4 12.8-12.8V204.8c0-6.4-6.4-12.8-12.8-12.8h-22.4c-6.4 0-12.8 6.4-12.8 12.8v134.4c0 6.4 6.4 12.8 12.8 12.8zM496 400H48V80c0-8.84-7.16-16-16-16H16C7.16 64 0 71.16 0 80v336c0 17.67 14.33 32 32 32h464c8.84 0 16-7.16 16-16v-16c0-8.84-7.16-16-16-16zm-387.2-48h22.4c6.4 0 12.8-6.4 12.8-12.8v-70.4c0-6.4-6.4-12.8-12.8-12.8h-22.4c-6.4 0-12.8 6.4-12.8 12.8v70.4c0 6.4 6.4 12.8 12.8 12.8z\" class=\"\"><\/path><\/svg><\/i> <img loading=\"lazy\" decoding=\"async\" width=\"16\" height=\"16\" alt=\"Loading\" src=\"https:\/\/temucotelevision.cl\/web\/wp-content\/plugins\/page-views-count\/ajax-loader-2x.gif\" border=0 \/><\/p>\n<div class=\"pvc_clear\"><\/div>\n<p style=\"text-align: justify;\">Volver al colegio despu\u00e9s de las vacaciones implica, sobre todo, adaptarse nuevamente a los cambios de horario. Dormir y despertarse m\u00e1s temprano no es el desaf\u00edo m\u00e1s grande, sino dejar a un lado los est\u00edmulos que dificultan un buen dormir.<\/p>\n<p style=\"text-align: justify;\">Seg\u00fan explica el Dr. Alex Espinoza, neur\u00f3logo de Cl\u00ednica RedSalud Santiago, los trastornos del sue\u00f1o son frecuentes al iniciar un nuevo a\u00f1o escolar. \u201cLa Tablet, el celular o el televisor encendido no ayudan en el proceso de descanso, incluso los ni\u00f1os y j\u00f3venes podr\u00edan desarrollar menos rendimiento escolar\u201d.<\/p>\n<p style=\"text-align: justify;\">El experto advirti\u00f3 que \u201csi bien no se produce un da\u00f1o severo, la falta de sue\u00f1o podr\u00eda desencadenar una mayor irritabilidad, menos tolerancia, falta de concentraci\u00f3n, de capacidad organizativa e incluso impactar en el rendimiento escolar que puede disminuir entre un 30% a un 50%\u201d.<\/p>\n<p style=\"text-align: justify;\">Considerando que durante el sue\u00f1o, siguen ocurriendo importantes fen\u00f3menos fisiol\u00f3gicos, el doctor Espinoza entrega algunas recomendaciones para enfrentar de la mejor manera un nuevo periodo escolar:<\/p>\n<p style=\"text-align: justify;\">\u00bfCu\u00e1ntas horas debe dormir mi hijo para un buen descanso?<\/p>\n<p style=\"text-align: justify;\">Si bien son datos referenciales, mientras m\u00e1s peque\u00f1o sea un ni\u00f1o, debe dormir m\u00e1s horas. \u201cPor ejemplo, un menor que est\u00e1 en la primera etapa de crecimiento, entre los 3 y 5 a\u00f1os, debiese descansar 10 a 13 horas diarias, no incluyendo sus siestas. En el caso de un ni\u00f1o de entre 6 a 12 a\u00f1os, su dormir var\u00eda entre 9 a 12 horas. Ya un adolescente debiese dormir ininterrumpidamente de 8 a 10 horas al d\u00eda\u201d, asegur\u00f3 el especialista de RedSalud Santiago.<\/p>\n<p style=\"text-align: justify;\">\u00bfCu\u00e1ndo se recomienda volver a la rutina escolar?<\/p>\n<p style=\"text-align: justify;\">Los\u00a0trastornos del sue\u00f1o son frecuentes en los ni\u00f1os, ya que sobre extienden o no manejan bien sus tiempos de vigilia, lo que se traduce en la falta de sue\u00f1o. A eso se suma el efecto biol\u00f3gico de retraso de la fase de sue\u00f1o que se da en este periodo. Por eso Espinoza asegura que \u201ces imposible pedirles a los ni\u00f1os que mantengan el mismo horario durante todo el verano. Es normal que exista una alteraci\u00f3n de los h\u00e1bitos y cuando se vuelve a clases hay que hacer un manejo de la rutina que, a veces, es un poco traum\u00e1tico\u201d. Es por ello, que sugiere retomar el sue\u00f1o habitual, una o dos semanas antes del retorno a clases.<\/p>\n<p style=\"text-align: justify;\">\u00bfQu\u00e9 hacer para mantener a mi hijo activo en las ma\u00f1anas?<\/p>\n<p style=\"text-align: justify;\">Lo primero es un buen desayuno, ya que es vital para partir la jornada diaria. \u201cUn desayuno balanceado es lo m\u00e1s importante para comenzar bien el d\u00eda. Entre que se despierta al ni\u00f1o y toma desayuno, no debe pasar m\u00e1s de una hora. Es muy importante alimentar al cerebro con energ\u00eda, sino el rendimiento baja. Tambi\u00e9n es clave mantenerse con una colaci\u00f3n a media ma\u00f1ana\u201d, asegur\u00f3 el neur\u00f3logo.<\/p>\n<p style=\"text-align: justify;\">\u00bfEs recomendable tener un televisor en la pieza?<\/p>\n<p style=\"text-align: justify;\">Para que un ni\u00f1o tenga un sue\u00f1o reparador, el Dr. Espinoza recomienda no tener televisor en la pieza y si se tiene, no dejar que los ni\u00f1os se duerman con ella encendida. \u201cDurante la noche debiesen ocurrir dos o tres ciclos de sue\u00f1o profundo, que aseguran la consolidaci\u00f3n de la memoria. Sin embargo, un televisor encendido que simula una luz de d\u00eda, no deja que se produzca melatonina, y por lo tanto, su rendimiento escolar baja\u201d. M\u00e1s a\u00fan, advierte que dormir con el televisor encendido significa dormir una hora y media menos de sue\u00f1o reparador.<\/p>\n<p style=\"text-align: justify;\">\u00bfQu\u00e9 pasa con el celular?<\/p>\n<p style=\"text-align: justify;\">El especialista de RedSalud Santiago asegura que, as\u00ed como no se recomienda tener televisor en la pieza, tampoco es bueno tener el celular cerca durante las horas de descanso. \u201cEs habitual que menores de 12 a\u00f1os ya tengan un celular, sin embargo, es una gran distracci\u00f3n para los ni\u00f1os y una de las principales causas del insomnio que los afecta hoy, ya que contestan los whatssapp que les llegan a las dos o tres de la ma\u00f1ana, y ya despu\u00e9s no logran conciliar el sue\u00f1o. Su uso debe ser regulado por los padres\u201d.<\/p>\n<p style=\"text-align: justify;\">\u00bfLa comida influye en un buen descanso?<\/p>\n<p style=\"text-align: justify;\">Lo ideal es no comer una hora y media antes de dormir. \u201cUna comida pesada dificulta el descanso. Lo ideal es que, si un ni\u00f1o tiene hambre m\u00e1s tarde, coma algo liviano como un cereal, yogurt o una fruta\u201d, explic\u00f3 Espinoza. El experto agreg\u00f3 que \u201cas\u00ed como hay alimentos que no ayudan, otros como la leche, tienen enzimas que son precursores de serotonina y que en algunos casos pueden ayudar a dormir mejor\u201d.<\/p>\n<p style=\"text-align: justify;\">\u00bfDeportes o juegos intensos en la noche ayudan a que mi hijo se canse y duerma mejor?<\/p>\n<p style=\"text-align: justify;\">El profesional de RedSalud Santiago asegur\u00f3 que pese a que los juegos intensos hacen que el ni\u00f1o se canse, el cuerpo libera m\u00e1s adrenalina de lo habitual, y por ende, en vez de caer rendido a la cama, su cerebro se activa, dificultando las ganas de dormir.<\/p>\n","protected":false},"excerpt":{"rendered":"<div class=\"pvc_clear\"><\/div>\n<p id=\"pvc_stats_1775\" class=\"pvc_stats total_only  \" data-element-id=\"1775\" style=\"\"><i class=\"pvc-stats-icon large\" aria-hidden=\"true\"><svg aria-hidden=\"true\" focusable=\"false\" data-prefix=\"far\" data-icon=\"chart-bar\" role=\"img\" xmlns=\"http:\/\/www.w3.org\/2000\/svg\" viewBox=\"0 0 512 512\" class=\"svg-inline--fa fa-chart-bar fa-w-16 fa-2x\"><path fill=\"currentColor\" d=\"M396.8 352h22.4c6.4 0 12.8-6.4 12.8-12.8V108.8c0-6.4-6.4-12.8-12.8-12.8h-22.4c-6.4 0-12.8 6.4-12.8 12.8v230.4c0 6.4 6.4 12.8 12.8 12.8zm-192 0h22.4c6.4 0 12.8-6.4 12.8-12.8V140.8c0-6.4-6.4-12.8-12.8-12.8h-22.4c-6.4 0-12.8 6.4-12.8 12.8v198.4c0 6.4 6.4 12.8 12.8 12.8zm96 0h22.4c6.4 0 12.8-6.4 12.8-12.8V204.8c0-6.4-6.4-12.8-12.8-12.8h-22.4c-6.4 0-12.8 6.4-12.8 12.8v134.4c0 6.4 6.4 12.8 12.8 12.8zM496 400H48V80c0-8.84-7.16-16-16-16H16C7.16 64 0 71.16 0 80v336c0 17.67 14.33 32 32 32h464c8.84 0 16-7.16 16-16v-16c0-8.84-7.16-16-16-16zm-387.2-48h22.4c6.4 0 12.8-6.4 12.8-12.8v-70.4c0-6.4-6.4-12.8-12.8-12.8h-22.4c-6.4 0-12.8 6.4-12.8 12.8v70.4c0 6.4 6.4 12.8 12.8 12.8z\" class=\"\"><\/path><\/svg><\/i> <img loading=\"lazy\" decoding=\"async\" width=\"16\" height=\"16\" alt=\"Loading\" src=\"https:\/\/temucotelevision.cl\/web\/wp-content\/plugins\/page-views-count\/ajax-loader-2x.gif\" border=0 \/><\/p>\n<div class=\"pvc_clear\"><\/div>\n<p>Volver al colegio despu\u00e9s de las vacaciones implica, sobre todo, adaptarse nuevamente a los cambios de horario. Dormir y despertarse<\/p>\n","protected":false},"author":1,"featured_media":1776,"comment_status":"open","ping_status":"open","sticky":false,"template":"","format":"standard","meta":{"colormag_page_container_layout":"default_layout","colormag_page_sidebar_layout":"default_layout","footnotes":""},"categories":[101],"tags":[659,660,599,658,657],"class_list":["post-1775","post","type-post","status-publish","format-standard","has-post-thumbnail","hentry","category-actualidad","tag-clases","tag-escolar","tag-escolares","tag-rendimiento","tag-sueno"],"a3_pvc":{"activated":true,"total_views":35,"today_views":0},"_links":{"self":[{"href":"https:\/\/temucotelevision.cl\/web\/wp-json\/wp\/v2\/posts\/1775","targetHints":{"allow":["GET"]}}],"collection":[{"href":"https:\/\/temucotelevision.cl\/web\/wp-json\/wp\/v2\/posts"}],"about":[{"href":"https:\/\/temucotelevision.cl\/web\/wp-json\/wp\/v2\/types\/post"}],"author":[{"embeddable":true,"href":"https:\/\/temucotelevision.cl\/web\/wp-json\/wp\/v2\/users\/1"}],"replies":[{"embeddable":true,"href":"https:\/\/temucotelevision.cl\/web\/wp-json\/wp\/v2\/comments?post=1775"}],"version-history":[{"count":1,"href":"https:\/\/temucotelevision.cl\/web\/wp-json\/wp\/v2\/posts\/1775\/revisions"}],"predecessor-version":[{"id":1777,"href":"https:\/\/temucotelevision.cl\/web\/wp-json\/wp\/v2\/posts\/1775\/revisions\/1777"}],"wp:featuredmedia":[{"embeddable":true,"href":"https:\/\/temucotelevision.cl\/web\/wp-json\/wp\/v2\/media\/1776"}],"wp:attachment":[{"href":"https:\/\/temucotelevision.cl\/web\/wp-json\/wp\/v2\/media?parent=1775"}],"wp:term":[{"taxonomy":"category","embeddable":true,"href":"https:\/\/temucotelevision.cl\/web\/wp-json\/wp\/v2\/categories?post=1775"},{"taxonomy":"post_tag","embeddable":true,"href":"https:\/\/temucotelevision.cl\/web\/wp-json\/wp\/v2\/tags?post=1775"}],"curies":[{"name":"wp","href":"https:\/\/api.w.org\/{rel}","templated":true}]}}