{"id":1771,"date":"2019-02-25T11:46:39","date_gmt":"2019-02-25T14:46:39","guid":{"rendered":"https:\/\/temucotelevision.cl\/web\/?p=1771"},"modified":"2019-02-25T11:46:39","modified_gmt":"2019-02-25T14:46:39","slug":"araucania-ministro-moreno-se-reunio-con-dirigentes-mapuche-de-derecha","status":"publish","type":"post","link":"https:\/\/temucotelevision.cl\/web\/2019\/02\/25\/araucania-ministro-moreno-se-reunio-con-dirigentes-mapuche-de-derecha\/","title":{"rendered":"Araucan\u00eda: Ministro Moreno se reuni\u00f3 con dirigentes mapuche de derecha"},"content":{"rendered":"<div class=\"pvc_clear\"><\/div>\n<p id=\"pvc_stats_1771\" class=\"pvc_stats total_only  \" data-element-id=\"1771\" style=\"\"><i class=\"pvc-stats-icon large\" aria-hidden=\"true\"><svg aria-hidden=\"true\" focusable=\"false\" data-prefix=\"far\" data-icon=\"chart-bar\" role=\"img\" xmlns=\"http:\/\/www.w3.org\/2000\/svg\" viewBox=\"0 0 512 512\" class=\"svg-inline--fa fa-chart-bar fa-w-16 fa-2x\"><path fill=\"currentColor\" d=\"M396.8 352h22.4c6.4 0 12.8-6.4 12.8-12.8V108.8c0-6.4-6.4-12.8-12.8-12.8h-22.4c-6.4 0-12.8 6.4-12.8 12.8v230.4c0 6.4 6.4 12.8 12.8 12.8zm-192 0h22.4c6.4 0 12.8-6.4 12.8-12.8V140.8c0-6.4-6.4-12.8-12.8-12.8h-22.4c-6.4 0-12.8 6.4-12.8 12.8v198.4c0 6.4 6.4 12.8 12.8 12.8zm96 0h22.4c6.4 0 12.8-6.4 12.8-12.8V204.8c0-6.4-6.4-12.8-12.8-12.8h-22.4c-6.4 0-12.8 6.4-12.8 12.8v134.4c0 6.4 6.4 12.8 12.8 12.8zM496 400H48V80c0-8.84-7.16-16-16-16H16C7.16 64 0 71.16 0 80v336c0 17.67 14.33 32 32 32h464c8.84 0 16-7.16 16-16v-16c0-8.84-7.16-16-16-16zm-387.2-48h22.4c6.4 0 12.8-6.4 12.8-12.8v-70.4c0-6.4-6.4-12.8-12.8-12.8h-22.4c-6.4 0-12.8 6.4-12.8 12.8v70.4c0 6.4 6.4 12.8 12.8 12.8z\" class=\"\"><\/path><\/svg><\/i> <img loading=\"lazy\" decoding=\"async\" width=\"16\" height=\"16\" alt=\"Loading\" src=\"https:\/\/temucotelevision.cl\/web\/wp-content\/plugins\/page-views-count\/ajax-loader-2x.gif\" border=0 \/><\/p>\n<div class=\"pvc_clear\"><\/div>\n<p style=\"text-align: justify;\">El ministro de Desarrollo Social y encargado presidencial del Plan Impulso Araucan\u00eda,\u00a0Alfredo Moreno, se reuni\u00f3 en Temuco con dirigentes mapuche del oficialismo, agrupados en el\u00a0Consejo Pol\u00edtico Mapuche.<\/p>\n<p style=\"text-align: justify;\">Creado hace un mes, el nuevo referente ind\u00edgena re\u00fane a dirigentes de\u00a0Ev\u00f3poli, RN, UDI, adem\u00e1s de independientes y moderados que, seg\u00fan su declaraci\u00f3n de principios, apuestan por una salida pac\u00edfica a la problem\u00e1tica de tierras en la zona.<\/p>\n<p style=\"text-align: justify;\">Uno de los miembros de este consejo, el UDI Hans Curamil, sostuvo que &#8220;hay mucha gente que est\u00e1 de acuerdo con nosotros, tenemos una voz m\u00e1s mesurada y con una visi\u00f3n m\u00e1s amplia sobre las demandas del pueblo mapuche&#8221;.<\/p>\n<p style=\"text-align: justify;\">Por su parte el titular de Desarrollo Social,\u00a0Alfredo Moreno, dijo que\u00a0&#8220;se deben escuchar todas las visiones y valoro el aporte que pudiera hacer esta nueva organizaci\u00f3n&#8221;.<\/p>\n<div class=\"teads-adCall\" style=\"text-align: justify;\"><\/div>\n<p style=\"text-align: justify;\">El Consejo Pol\u00edtico Mapuche present\u00f3 una carta al intendente regional,\u00a0Jorge Atton, donde dan a conocer su posici\u00f3n respecto a la violencia rural y posibles alternativas de soluci\u00f3n a los sucesos que han originado un clima host\u00edl hace ya varios a\u00f1os especialmente en Malleco.<\/p>\n","protected":false},"excerpt":{"rendered":"<div class=\"pvc_clear\"><\/div>\n<p id=\"pvc_stats_1771\" class=\"pvc_stats total_only  \" data-element-id=\"1771\" style=\"\"><i class=\"pvc-stats-icon large\" aria-hidden=\"true\"><svg aria-hidden=\"true\" focusable=\"false\" data-prefix=\"far\" data-icon=\"chart-bar\" role=\"img\" xmlns=\"http:\/\/www.w3.org\/2000\/svg\" viewBox=\"0 0 512 512\" class=\"svg-inline--fa fa-chart-bar fa-w-16 fa-2x\"><path fill=\"currentColor\" d=\"M396.8 352h22.4c6.4 0 12.8-6.4 12.8-12.8V108.8c0-6.4-6.4-12.8-12.8-12.8h-22.4c-6.4 0-12.8 6.4-12.8 12.8v230.4c0 6.4 6.4 12.8 12.8 12.8zm-192 0h22.4c6.4 0 12.8-6.4 12.8-12.8V140.8c0-6.4-6.4-12.8-12.8-12.8h-22.4c-6.4 0-12.8 6.4-12.8 12.8v198.4c0 6.4 6.4 12.8 12.8 12.8zm96 0h22.4c6.4 0 12.8-6.4 12.8-12.8V204.8c0-6.4-6.4-12.8-12.8-12.8h-22.4c-6.4 0-12.8 6.4-12.8 12.8v134.4c0 6.4 6.4 12.8 12.8 12.8zM496 400H48V80c0-8.84-7.16-16-16-16H16C7.16 64 0 71.16 0 80v336c0 17.67 14.33 32 32 32h464c8.84 0 16-7.16 16-16v-16c0-8.84-7.16-16-16-16zm-387.2-48h22.4c6.4 0 12.8-6.4 12.8-12.8v-70.4c0-6.4-6.4-12.8-12.8-12.8h-22.4c-6.4 0-12.8 6.4-12.8 12.8v70.4c0 6.4 6.4 12.8 12.8 12.8z\" class=\"\"><\/path><\/svg><\/i> <img loading=\"lazy\" decoding=\"async\" width=\"16\" height=\"16\" alt=\"Loading\" src=\"https:\/\/temucotelevision.cl\/web\/wp-content\/plugins\/page-views-count\/ajax-loader-2x.gif\" border=0 \/><\/p>\n<div class=\"pvc_clear\"><\/div>\n<p>El ministro de Desarrollo Social y encargado presidencial del Plan Impulso Araucan\u00eda,\u00a0Alfredo Moreno, se reuni\u00f3 en Temuco con dirigentes mapuche<\/p>\n","protected":false},"author":1,"featured_media":1772,"comment_status":"open","ping_status":"open","sticky":false,"template":"","format":"standard","meta":{"colormag_page_container_layout":"default_layout","colormag_page_sidebar_layout":"default_layout","footnotes":""},"categories":[15],"tags":[116],"class_list":["post-1771","post","type-post","status-publish","format-standard","has-post-thumbnail","hentry","category-la-araucania","tag-la-araucania"],"a3_pvc":{"activated":true,"total_views":18,"today_views":0},"_links":{"self":[{"href":"https:\/\/temucotelevision.cl\/web\/wp-json\/wp\/v2\/posts\/1771","targetHints":{"allow":["GET"]}}],"collection":[{"href":"https:\/\/temucotelevision.cl\/web\/wp-json\/wp\/v2\/posts"}],"about":[{"href":"https:\/\/temucotelevision.cl\/web\/wp-json\/wp\/v2\/types\/post"}],"author":[{"embeddable":true,"href":"https:\/\/temucotelevision.cl\/web\/wp-json\/wp\/v2\/users\/1"}],"replies":[{"embeddable":true,"href":"https:\/\/temucotelevision.cl\/web\/wp-json\/wp\/v2\/comments?post=1771"}],"version-history":[{"count":1,"href":"https:\/\/temucotelevision.cl\/web\/wp-json\/wp\/v2\/posts\/1771\/revisions"}],"predecessor-version":[{"id":1773,"href":"https:\/\/temucotelevision.cl\/web\/wp-json\/wp\/v2\/posts\/1771\/revisions\/1773"}],"wp:featuredmedia":[{"embeddable":true,"href":"https:\/\/temucotelevision.cl\/web\/wp-json\/wp\/v2\/media\/1772"}],"wp:attachment":[{"href":"https:\/\/temucotelevision.cl\/web\/wp-json\/wp\/v2\/media?parent=1771"}],"wp:term":[{"taxonomy":"category","embeddable":true,"href":"https:\/\/temucotelevision.cl\/web\/wp-json\/wp\/v2\/categories?post=1771"},{"taxonomy":"post_tag","embeddable":true,"href":"https:\/\/temucotelevision.cl\/web\/wp-json\/wp\/v2\/tags?post=1771"}],"curies":[{"name":"wp","href":"https:\/\/api.w.org\/{rel}","templated":true}]}}