{"id":1757,"date":"2019-02-25T11:21:33","date_gmt":"2019-02-25T14:21:33","guid":{"rendered":"https:\/\/temucotelevision.cl\/web\/?p=1757"},"modified":"2019-02-25T11:21:33","modified_gmt":"2019-02-25T14:21:33","slug":"prision-preventiva-para-sujeto-acusado-de-provocar-incendio-forestal-en-la-araucania","status":"publish","type":"post","link":"https:\/\/temucotelevision.cl\/web\/2019\/02\/25\/prision-preventiva-para-sujeto-acusado-de-provocar-incendio-forestal-en-la-araucania\/","title":{"rendered":"Prisi\u00f3n preventiva para  sujeto acusado de provocar incendio forestal en La Araucan\u00eda"},"content":{"rendered":"<div class=\"pvc_clear\"><\/div>\n<p id=\"pvc_stats_1757\" class=\"pvc_stats total_only  \" data-element-id=\"1757\" style=\"\"><i class=\"pvc-stats-icon large\" aria-hidden=\"true\"><svg aria-hidden=\"true\" focusable=\"false\" data-prefix=\"far\" data-icon=\"chart-bar\" role=\"img\" xmlns=\"http:\/\/www.w3.org\/2000\/svg\" viewBox=\"0 0 512 512\" class=\"svg-inline--fa fa-chart-bar fa-w-16 fa-2x\"><path fill=\"currentColor\" d=\"M396.8 352h22.4c6.4 0 12.8-6.4 12.8-12.8V108.8c0-6.4-6.4-12.8-12.8-12.8h-22.4c-6.4 0-12.8 6.4-12.8 12.8v230.4c0 6.4 6.4 12.8 12.8 12.8zm-192 0h22.4c6.4 0 12.8-6.4 12.8-12.8V140.8c0-6.4-6.4-12.8-12.8-12.8h-22.4c-6.4 0-12.8 6.4-12.8 12.8v198.4c0 6.4 6.4 12.8 12.8 12.8zm96 0h22.4c6.4 0 12.8-6.4 12.8-12.8V204.8c0-6.4-6.4-12.8-12.8-12.8h-22.4c-6.4 0-12.8 6.4-12.8 12.8v134.4c0 6.4 6.4 12.8 12.8 12.8zM496 400H48V80c0-8.84-7.16-16-16-16H16C7.16 64 0 71.16 0 80v336c0 17.67 14.33 32 32 32h464c8.84 0 16-7.16 16-16v-16c0-8.84-7.16-16-16-16zm-387.2-48h22.4c6.4 0 12.8-6.4 12.8-12.8v-70.4c0-6.4-6.4-12.8-12.8-12.8h-22.4c-6.4 0-12.8 6.4-12.8 12.8v70.4c0 6.4 6.4 12.8 12.8 12.8z\" class=\"\"><\/path><\/svg><\/i> <img loading=\"lazy\" decoding=\"async\" width=\"16\" height=\"16\" alt=\"Loading\" src=\"https:\/\/temucotelevision.cl\/web\/wp-content\/plugins\/page-views-count\/ajax-loader-2x.gif\" border=0 \/><\/p>\n<div class=\"pvc_clear\"><\/div>\n<p style=\"text-align: justify;\">Por el delito de incendio fue formalizado hoy, en el Juzgado de Garant\u00eda de Collipulli, un hombre identificado con las iniciales D.M.C, a quien la fiscal\u00eda le atribuye responsabilidad en el inicio de un siniestro forestal en la Regi\u00f3n de la Araucan\u00eda.<\/p>\n<p style=\"text-align: justify;\">Tras declarar legal la detenci\u00f3n del sospechoso, el Juzgado de Garant\u00eda de Collipulli orden\u00f3 su prisi\u00f3n preventiva. Entre los argumentos del tribunal se consider\u00f3 que su libertad pone en peligro la seguridad de la sociedad y, adem\u00e1s, que el delito que se le imputa lo habr\u00eda cometido \u201cdurante el estado excepci\u00f3n\u201d que rige en la regi\u00f3n.<\/p>\n<p style=\"text-align: justify;\">El presunto incendio intencional da\u00f1\u00f3 tres hect\u00e1reas del fundo Hijuela de Chamicaco (Ercilla) el cual fue controlado por equipos de emergencia de la zona. Seg\u00fan declaraciones del propietario del lugar, 15 personas estar\u00edan implicadas en estos hechos, quienes habr\u00edan provocado las llamas montados a caballo.<\/p>\n<p style=\"text-align: justify;\">Para investigar la responsabilidad del imputado, el tribunal fij\u00f3 un plazo de investigaci\u00f3n de 60 d\u00edas.<\/p>\n","protected":false},"excerpt":{"rendered":"<div class=\"pvc_clear\"><\/div>\n<p id=\"pvc_stats_1757\" class=\"pvc_stats total_only  \" data-element-id=\"1757\" style=\"\"><i class=\"pvc-stats-icon large\" aria-hidden=\"true\"><svg aria-hidden=\"true\" focusable=\"false\" data-prefix=\"far\" data-icon=\"chart-bar\" role=\"img\" xmlns=\"http:\/\/www.w3.org\/2000\/svg\" viewBox=\"0 0 512 512\" class=\"svg-inline--fa fa-chart-bar fa-w-16 fa-2x\"><path fill=\"currentColor\" d=\"M396.8 352h22.4c6.4 0 12.8-6.4 12.8-12.8V108.8c0-6.4-6.4-12.8-12.8-12.8h-22.4c-6.4 0-12.8 6.4-12.8 12.8v230.4c0 6.4 6.4 12.8 12.8 12.8zm-192 0h22.4c6.4 0 12.8-6.4 12.8-12.8V140.8c0-6.4-6.4-12.8-12.8-12.8h-22.4c-6.4 0-12.8 6.4-12.8 12.8v198.4c0 6.4 6.4 12.8 12.8 12.8zm96 0h22.4c6.4 0 12.8-6.4 12.8-12.8V204.8c0-6.4-6.4-12.8-12.8-12.8h-22.4c-6.4 0-12.8 6.4-12.8 12.8v134.4c0 6.4 6.4 12.8 12.8 12.8zM496 400H48V80c0-8.84-7.16-16-16-16H16C7.16 64 0 71.16 0 80v336c0 17.67 14.33 32 32 32h464c8.84 0 16-7.16 16-16v-16c0-8.84-7.16-16-16-16zm-387.2-48h22.4c6.4 0 12.8-6.4 12.8-12.8v-70.4c0-6.4-6.4-12.8-12.8-12.8h-22.4c-6.4 0-12.8 6.4-12.8 12.8v70.4c0 6.4 6.4 12.8 12.8 12.8z\" class=\"\"><\/path><\/svg><\/i> <img loading=\"lazy\" decoding=\"async\" width=\"16\" height=\"16\" alt=\"Loading\" src=\"https:\/\/temucotelevision.cl\/web\/wp-content\/plugins\/page-views-count\/ajax-loader-2x.gif\" border=0 \/><\/p>\n<div class=\"pvc_clear\"><\/div>\n<p>Por el delito de incendio fue formalizado hoy, en el Juzgado de Garant\u00eda de Collipulli, un hombre identificado con las<\/p>\n","protected":false},"author":1,"featured_media":1519,"comment_status":"open","ping_status":"open","sticky":false,"template":"","format":"standard","meta":{"colormag_page_container_layout":"default_layout","colormag_page_sidebar_layout":"default_layout","footnotes":""},"categories":[15],"tags":[116],"class_list":["post-1757","post","type-post","status-publish","format-standard","has-post-thumbnail","hentry","category-la-araucania","tag-la-araucania"],"a3_pvc":{"activated":true,"total_views":13,"today_views":0},"_links":{"self":[{"href":"https:\/\/temucotelevision.cl\/web\/wp-json\/wp\/v2\/posts\/1757","targetHints":{"allow":["GET"]}}],"collection":[{"href":"https:\/\/temucotelevision.cl\/web\/wp-json\/wp\/v2\/posts"}],"about":[{"href":"https:\/\/temucotelevision.cl\/web\/wp-json\/wp\/v2\/types\/post"}],"author":[{"embeddable":true,"href":"https:\/\/temucotelevision.cl\/web\/wp-json\/wp\/v2\/users\/1"}],"replies":[{"embeddable":true,"href":"https:\/\/temucotelevision.cl\/web\/wp-json\/wp\/v2\/comments?post=1757"}],"version-history":[{"count":1,"href":"https:\/\/temucotelevision.cl\/web\/wp-json\/wp\/v2\/posts\/1757\/revisions"}],"predecessor-version":[{"id":1758,"href":"https:\/\/temucotelevision.cl\/web\/wp-json\/wp\/v2\/posts\/1757\/revisions\/1758"}],"wp:featuredmedia":[{"embeddable":true,"href":"https:\/\/temucotelevision.cl\/web\/wp-json\/wp\/v2\/media\/1519"}],"wp:attachment":[{"href":"https:\/\/temucotelevision.cl\/web\/wp-json\/wp\/v2\/media?parent=1757"}],"wp:term":[{"taxonomy":"category","embeddable":true,"href":"https:\/\/temucotelevision.cl\/web\/wp-json\/wp\/v2\/categories?post=1757"},{"taxonomy":"post_tag","embeddable":true,"href":"https:\/\/temucotelevision.cl\/web\/wp-json\/wp\/v2\/tags?post=1757"}],"curies":[{"name":"wp","href":"https:\/\/api.w.org\/{rel}","templated":true}]}}