{"id":1754,"date":"2019-02-24T15:05:03","date_gmt":"2019-02-24T18:05:03","guid":{"rendered":"https:\/\/temucotelevision.cl\/web\/?p=1754"},"modified":"2019-02-24T15:26:53","modified_gmt":"2019-02-24T18:26:53","slug":"ministro-de-bienes-nacionales-priorizacion-de-parques-nacionales-potenciara-el-turismo-en-la-araucania","status":"publish","type":"post","link":"https:\/\/temucotelevision.cl\/web\/2019\/02\/24\/ministro-de-bienes-nacionales-priorizacion-de-parques-nacionales-potenciara-el-turismo-en-la-araucania\/","title":{"rendered":"Ministro de Bienes Nacionales: \u201cPriorizaci\u00f3n de parques nacionales potenciar\u00e1 el turismo en La Araucan\u00eda\u201d"},"content":{"rendered":"<div class=\"pvc_clear\"><\/div>\n<p id=\"pvc_stats_1754\" class=\"pvc_stats total_only  \" data-element-id=\"1754\" style=\"\"><i class=\"pvc-stats-icon large\" aria-hidden=\"true\"><svg aria-hidden=\"true\" focusable=\"false\" data-prefix=\"far\" data-icon=\"chart-bar\" role=\"img\" xmlns=\"http:\/\/www.w3.org\/2000\/svg\" viewBox=\"0 0 512 512\" class=\"svg-inline--fa fa-chart-bar fa-w-16 fa-2x\"><path fill=\"currentColor\" d=\"M396.8 352h22.4c6.4 0 12.8-6.4 12.8-12.8V108.8c0-6.4-6.4-12.8-12.8-12.8h-22.4c-6.4 0-12.8 6.4-12.8 12.8v230.4c0 6.4 6.4 12.8 12.8 12.8zm-192 0h22.4c6.4 0 12.8-6.4 12.8-12.8V140.8c0-6.4-6.4-12.8-12.8-12.8h-22.4c-6.4 0-12.8 6.4-12.8 12.8v198.4c0 6.4 6.4 12.8 12.8 12.8zm96 0h22.4c6.4 0 12.8-6.4 12.8-12.8V204.8c0-6.4-6.4-12.8-12.8-12.8h-22.4c-6.4 0-12.8 6.4-12.8 12.8v134.4c0 6.4 6.4 12.8 12.8 12.8zM496 400H48V80c0-8.84-7.16-16-16-16H16C7.16 64 0 71.16 0 80v336c0 17.67 14.33 32 32 32h464c8.84 0 16-7.16 16-16v-16c0-8.84-7.16-16-16-16zm-387.2-48h22.4c6.4 0 12.8-6.4 12.8-12.8v-70.4c0-6.4-6.4-12.8-12.8-12.8h-22.4c-6.4 0-12.8 6.4-12.8 12.8v70.4c0 6.4 6.4 12.8 12.8 12.8z\" class=\"\"><\/path><\/svg><\/i> <img loading=\"lazy\" decoding=\"async\" width=\"16\" height=\"16\" alt=\"Loading\" src=\"https:\/\/temucotelevision.cl\/web\/wp-content\/plugins\/page-views-count\/ajax-loader-2x.gif\" border=0 \/><\/p>\n<div class=\"pvc_clear\"><\/div>\n<p style=\"text-align: justify;\">Felipe Ward confirm\u00f3 el compromiso de poner a disposici\u00f3n bienes fiscales para potenciar la actividad, uno de los ejes principales del Plan Impulso.<\/p>\n<p style=\"text-align: justify;\">Sentar las bases para desarrollar proyectos tur\u00edsticos de alto est\u00e1ndar en los parques nacionales, es uno de los objetivos que trae consigo la priorizaci\u00f3n de estos, medida que fue anunciada por el intendente de La Araucan\u00eda, Jorge Atton y que est\u00e1 dentro del Plan Impulso.<\/p>\n<p style=\"text-align: justify;\">Para ello el ejecutivo regional junto a los Secretarios Regionales Ministeriales de Econom\u00eda, Agricultura, Medio Ambiente, Energ\u00eda y Bienes Nacionales, firmaron un acta de acuerdo, despachada a la Subsecretar\u00eda de Turismo para que Conguill\u00edo, Huerquehue y Nahuelbuta, puedan abrirse a concesiones de \u00e1reas de servicios y por ende se pueda potenciar la actividad.<\/p>\n<p style=\"text-align: justify;\">Al respecto, el ministro de Bienes Nacionales, Felipe Ward, nuevamente fue claro en se\u00f1alar que el objetivo es que los visitantes cuenten con mejores espacios para disfrutar de estos lugares.<\/p>\n<p style=\"text-align: justify;\">\u201cLos Parques Nacionales de nuestro pa\u00eds son de primer nivel y los nuevos modelos de administraci\u00f3n apuntan hacia la conservaci\u00f3n y fomento del turismo\u201d, indic\u00f3 el titular de la cartera en el pa\u00eds.<\/p>\n<p style=\"text-align: justify;\">Por su parte la Seremi del ramo en La Araucan\u00eda, Natalia Rivera Vel\u00e1squez, enfatiz\u00f3 que con esto tambi\u00e9n se preservan estos espacios, algo que dar\u00e1 un nuevo auge al turismo de la regi\u00f3n.<\/p>\n<p style=\"text-align: justify;\">\u201cLa responsabilidad del Estado es cuidar y gestionar de la mejor forma los parques nacionales. Fomentar la actividad a trav\u00e9s de una administraci\u00f3n distinta estableciendo alianzas, permitir\u00e1 que el turista disfrute al m\u00e1ximo de la naturaleza y se encante con el territorio, que nos pertenece a todos los chilenos\u201d, fueron las palabras del titular de Bienes Nacionales.<\/p>\n<p style=\"text-align: justify;\">Los oferentes para la concesi\u00f3n de servicios deber\u00e1n cumplir con normativas legales y junto a lo anterior responder a requerimientos t\u00e9cnicos sociomedioambientales, lo cual asegura un exhaustivo proceso a la revisi\u00f3n de propuestas.<\/p>\n","protected":false},"excerpt":{"rendered":"<div class=\"pvc_clear\"><\/div>\n<p id=\"pvc_stats_1754\" class=\"pvc_stats total_only  \" data-element-id=\"1754\" style=\"\"><i class=\"pvc-stats-icon large\" aria-hidden=\"true\"><svg aria-hidden=\"true\" focusable=\"false\" data-prefix=\"far\" data-icon=\"chart-bar\" role=\"img\" xmlns=\"http:\/\/www.w3.org\/2000\/svg\" viewBox=\"0 0 512 512\" class=\"svg-inline--fa fa-chart-bar fa-w-16 fa-2x\"><path fill=\"currentColor\" d=\"M396.8 352h22.4c6.4 0 12.8-6.4 12.8-12.8V108.8c0-6.4-6.4-12.8-12.8-12.8h-22.4c-6.4 0-12.8 6.4-12.8 12.8v230.4c0 6.4 6.4 12.8 12.8 12.8zm-192 0h22.4c6.4 0 12.8-6.4 12.8-12.8V140.8c0-6.4-6.4-12.8-12.8-12.8h-22.4c-6.4 0-12.8 6.4-12.8 12.8v198.4c0 6.4 6.4 12.8 12.8 12.8zm96 0h22.4c6.4 0 12.8-6.4 12.8-12.8V204.8c0-6.4-6.4-12.8-12.8-12.8h-22.4c-6.4 0-12.8 6.4-12.8 12.8v134.4c0 6.4 6.4 12.8 12.8 12.8zM496 400H48V80c0-8.84-7.16-16-16-16H16C7.16 64 0 71.16 0 80v336c0 17.67 14.33 32 32 32h464c8.84 0 16-7.16 16-16v-16c0-8.84-7.16-16-16-16zm-387.2-48h22.4c6.4 0 12.8-6.4 12.8-12.8v-70.4c0-6.4-6.4-12.8-12.8-12.8h-22.4c-6.4 0-12.8 6.4-12.8 12.8v70.4c0 6.4 6.4 12.8 12.8 12.8z\" class=\"\"><\/path><\/svg><\/i> <img loading=\"lazy\" decoding=\"async\" width=\"16\" height=\"16\" alt=\"Loading\" src=\"https:\/\/temucotelevision.cl\/web\/wp-content\/plugins\/page-views-count\/ajax-loader-2x.gif\" border=0 \/><\/p>\n<div class=\"pvc_clear\"><\/div>\n<p>Felipe Ward confirm\u00f3 el compromiso de poner a disposici\u00f3n bienes fiscales para potenciar la actividad, uno de los ejes principales<\/p>\n","protected":false},"author":1,"featured_media":1755,"comment_status":"open","ping_status":"open","sticky":false,"template":"","format":"standard","meta":{"colormag_page_container_layout":"default_layout","colormag_page_sidebar_layout":"default_layout","footnotes":""},"categories":[101],"tags":[653,318,652,164,205,651],"class_list":["post-1754","post","type-post","status-publish","format-standard","has-post-thumbnail","hentry","category-actualidad","tag-impulso","tag-ministro","tag-naturaleza","tag-parques","tag-plan","tag-proyectos"],"a3_pvc":{"activated":true,"total_views":20,"today_views":0},"_links":{"self":[{"href":"https:\/\/temucotelevision.cl\/web\/wp-json\/wp\/v2\/posts\/1754","targetHints":{"allow":["GET"]}}],"collection":[{"href":"https:\/\/temucotelevision.cl\/web\/wp-json\/wp\/v2\/posts"}],"about":[{"href":"https:\/\/temucotelevision.cl\/web\/wp-json\/wp\/v2\/types\/post"}],"author":[{"embeddable":true,"href":"https:\/\/temucotelevision.cl\/web\/wp-json\/wp\/v2\/users\/1"}],"replies":[{"embeddable":true,"href":"https:\/\/temucotelevision.cl\/web\/wp-json\/wp\/v2\/comments?post=1754"}],"version-history":[{"count":1,"href":"https:\/\/temucotelevision.cl\/web\/wp-json\/wp\/v2\/posts\/1754\/revisions"}],"predecessor-version":[{"id":1756,"href":"https:\/\/temucotelevision.cl\/web\/wp-json\/wp\/v2\/posts\/1754\/revisions\/1756"}],"wp:featuredmedia":[{"embeddable":true,"href":"https:\/\/temucotelevision.cl\/web\/wp-json\/wp\/v2\/media\/1755"}],"wp:attachment":[{"href":"https:\/\/temucotelevision.cl\/web\/wp-json\/wp\/v2\/media?parent=1754"}],"wp:term":[{"taxonomy":"category","embeddable":true,"href":"https:\/\/temucotelevision.cl\/web\/wp-json\/wp\/v2\/categories?post=1754"},{"taxonomy":"post_tag","embeddable":true,"href":"https:\/\/temucotelevision.cl\/web\/wp-json\/wp\/v2\/tags?post=1754"}],"curies":[{"name":"wp","href":"https:\/\/api.w.org\/{rel}","templated":true}]}}