{"id":17490,"date":"2020-12-22T08:55:27","date_gmt":"2020-12-22T11:55:27","guid":{"rendered":"https:\/\/temucotelevision.cl\/web\/?p=17490"},"modified":"2020-12-22T08:55:30","modified_gmt":"2020-12-22T11:55:30","slug":"obras-de-puente-treng-treng-kay-kay-entran-en-su-fase-final-con-la-instalacion-de-los-ultimos-tirantes","status":"publish","type":"post","link":"https:\/\/temucotelevision.cl\/web\/2020\/12\/22\/obras-de-puente-treng-treng-kay-kay-entran-en-su-fase-final-con-la-instalacion-de-los-ultimos-tirantes\/","title":{"rendered":"Obras de puente Treng Treng \u2013 Kay Kay entran en su fase final con la instalaci\u00f3n de los \u00faltimos tirantes"},"content":{"rendered":"<div class=\"pvc_clear\"><\/div><p id=\"pvc_stats_17490\" class=\"pvc_stats total_only  \" data-element-id=\"17490\" style=\"\"><i class=\"pvc-stats-icon large\" aria-hidden=\"true\"><svg aria-hidden=\"true\" focusable=\"false\" data-prefix=\"far\" data-icon=\"chart-bar\" role=\"img\" xmlns=\"http:\/\/www.w3.org\/2000\/svg\" viewBox=\"0 0 512 512\" class=\"svg-inline--fa fa-chart-bar fa-w-16 fa-2x\"><path fill=\"currentColor\" d=\"M396.8 352h22.4c6.4 0 12.8-6.4 12.8-12.8V108.8c0-6.4-6.4-12.8-12.8-12.8h-22.4c-6.4 0-12.8 6.4-12.8 12.8v230.4c0 6.4 6.4 12.8 12.8 12.8zm-192 0h22.4c6.4 0 12.8-6.4 12.8-12.8V140.8c0-6.4-6.4-12.8-12.8-12.8h-22.4c-6.4 0-12.8 6.4-12.8 12.8v198.4c0 6.4 6.4 12.8 12.8 12.8zm96 0h22.4c6.4 0 12.8-6.4 12.8-12.8V204.8c0-6.4-6.4-12.8-12.8-12.8h-22.4c-6.4 0-12.8 6.4-12.8 12.8v134.4c0 6.4 6.4 12.8 12.8 12.8zM496 400H48V80c0-8.84-7.16-16-16-16H16C7.16 64 0 71.16 0 80v336c0 17.67 14.33 32 32 32h464c8.84 0 16-7.16 16-16v-16c0-8.84-7.16-16-16-16zm-387.2-48h22.4c6.4 0 12.8-6.4 12.8-12.8v-70.4c0-6.4-6.4-12.8-12.8-12.8h-22.4c-6.4 0-12.8 6.4-12.8 12.8v70.4c0 6.4 6.4 12.8 12.8 12.8z\" class=\"\"><\/path><\/svg><\/i> <img loading=\"lazy\" decoding=\"async\" width=\"16\" height=\"16\" alt=\"Loading\" src=\"https:\/\/temucotelevision.cl\/web\/wp-content\/plugins\/page-views-count\/ajax-loader-2x.gif\" border=0 \/><\/p><div class=\"pvc_clear\"><\/div>\n<p><strong><em>El Ministro de Vivienda y Urbanismo, Felipe Ward, destac\u00f3 que la mega estructura, adem\u00e1s de marcar un hito urban\u00edstico para la regi\u00f3n de La Araucan\u00eda al integrar en su dise\u00f1o elementos de la cultura mapuche, impactar\u00e1 positivamente en la calidad de vida de los habitantes de Temuco y Padre Las Casas al reducir los tiempos de desplazamientos entre ambas comunas.<\/em><\/strong><\/p>\n\n\n\n<p>El Ministro de Vivienda y Urbanismo, Felipe Ward, junto al Intendente (s) de La Araucan\u00eda, Richard Caifal, el alcalde de Padre Las Casas, Juan Eduardo Delgado y el alcalde de Temuco, Jaime Salinas, visitaron esta tarde las obras del nuevo\u00a0puente\u00a0Treng\u00a0Treng\u00a0\u2013\u00a0Kay\u00a0Kay, mega estructura que unir\u00e1 las comunas de Temuco y Padre Las Casas sobre el r\u00edo Caut\u00edn, dando soluci\u00f3n al problema de atochamiento de veh\u00edculos en horas punta.<\/p>\n\n\n\n<p>En la oportunidad, las autoridades observaron en terreno la instalaci\u00f3n de los \u00faltimos dos tirantes, marcando la recta final para la entrega a la comunidad de este puente que, adem\u00e1s, marcar\u00e1 un hito urban\u00edstico para la regi\u00f3n La Araucan\u00eda, al contemplar en su dise\u00f1o la cultura y cosmovisi\u00f3n mapuche y que permitir\u00e1 tambi\u00e9n integrar al paisaje el r\u00edo, constituyendo un espacio para que pueda ser apreciado por los visitantes.<\/p>\n\n\n\n<p>Al respecto, el ministro Ward destac\u00f3 que \u201ceste es un hito en una obra muy significativa, que une a dos comunas muy importantes tambi\u00e9n, en una obra muy relevante, que ha tenido su historia, con un nombre muy significativo, y hoy, al subir al m\u00e1stil, pudimos apreciar la magnitud de esta estructura. Estamos muy contentos con el avance y felicitamos a todos los actores que desde la regi\u00f3n han contribuido a que se vaya avanzando\u201d.<\/p>\n\n\n\n<p>Asimismo, agreg\u00f3 que \u201choy procedimos a dar la instrucci\u00f3n para la colocaci\u00f3n de los \u00faltimos cordones dentro de los tensores y ya va quedando para las pr\u00f3ximas semanas las pruebas de carga y, obviamente, la inauguraci\u00f3n oficial en marzo pr\u00f3ximo para que empiece a funcionar. Estamos realmente muy contentos, porque esta estructura va a ser la postal de la regi\u00f3n y muy posiblemente, parte del futuro, para siempre, de La Araucan\u00eda\u201d.<\/p>\n\n\n\n<p>Por su parte, el Intendente (s), Richard Caifal, indic\u00f3 que \u201ceste mega proyecto constituye una oportunidad de desarrollo, para descongestionar las comunas de Temuco y Padre Las Casas pero, al mismo tiempo, es una oportunidad tambi\u00e9n para la recuperaci\u00f3n econ\u00f3mica, para otorgar empleos en la Regi\u00f3n de La Araucan\u00eda, por lo que estamos muy contentos por esta mega estructura\u201d.<\/p>\n\n\n\n<p>A su vez, el alcalde de Padres Las Casas,&nbsp;Juan Eduardo Delgado, destac\u00f3 que \u201ces un orgullo que estemos terminando esta gran obra, que era un sue\u00f1o para nosotros durante mucho tiempo, que nos va a permitir tener una muy buena conectividad entre las dos comunas y tambi\u00e9n va a ser muy relevante la apuesta que se est\u00e1 haciendo con una obra de esta envergadura en el sentido que, probablemente, va a aumentar el turismo y va a ser un orgullo para la regi\u00f3n\u201d.<\/p>\n\n\n\n<p>Por su parte, el alcalde de la comuna de Temuco, Jaime Salimas, valor\u00f3 el mejoramiento de esta obra para la conectividad vial en la zona. &#8220;Temuco y Padre las Casas van a ser distintos y los atochamientos que tenemos en la parte vehicular ya no se ver\u00e1n en los pr\u00f3ximos a\u00f1os. Esto est\u00e1 pensando para 20 a 30 a\u00f1os en la conectividad vial para evitar la aglomeraci\u00f3n de veh\u00edculos&#8221;, indic\u00f3.<\/p>\n\n\n\n<p>El puente Treng Treng \u2013 Kay Kay, cuyo nombre responde a una antigua leyenda mapuche, implic\u00f3 una inversi\u00f3n total de&nbsp;$19.840 millones, generando 122 empleos, 12 de ellos para mujeres. Tendr\u00e1 una longitud de 240 metros y un ancho<strong>&nbsp;<\/strong>27, e incluir\u00e1 tambi\u00e9n v\u00edas peatonales y para ciclos (como bicicletas). A su vez, el&nbsp;atirantado del puente cuenta con 12 pares de tirantes por cada lado (24 en total) y 8 tirantes gruesos que cruzan la parte trasera del puente. Para esta mega estructura se utilizaron 100 km de cables de acero para los tirantes, que suman 5.247 toneladas; 8.926 toneladas de hormig\u00f3n para la construcci\u00f3n de su tablero, y otras 11.549 toneladas de hormig\u00f3n (72 metros de altura) para la construcci\u00f3n del m\u00e1stil.<\/p>\n\n\n\n<p>Asimismo, el proyecto contempla una regeneraci\u00f3n vial y urbana del sector, con obras como la&nbsp;conexi\u00f3n&nbsp;de&nbsp;calleGeneral&nbsp;Mackenna,&nbsp;el&nbsp;refuerzo&nbsp;estructural&nbsp;del&nbsp;puente&nbsp;Caut\u00edn&nbsp;Viejo,&nbsp;y&nbsp;un&nbsp;paso&nbsp;inferior&nbsp;ferroviario en&nbsp;calle&nbsp;Villa&nbsp;Alegre,que,&nbsp;unido&nbsp;a&nbsp;los&nbsp;15&nbsp;km&nbsp;de&nbsp;calzada&nbsp;y&nbsp;9&nbsp;km&nbsp;de&nbsp;ciclov\u00edas,&nbsp;proyectados&nbsp;en&nbsp;las&nbsp;comunas&nbsp;de&nbsp;Temuco&nbsp;y&nbsp;Padre&nbsp;Las&nbsp;Casas,dotar\u00e1&nbsp;de&nbsp;la&nbsp;infraestructura&nbsp;vial&nbsp;necesaria&nbsp;que&nbsp;permita&nbsp;descongestionar&nbsp;las&nbsp;v\u00edas.<\/p>\n\n\n\n<p><strong><u>Inicios de obras de conjuntos habitacionales en Padre Las Casas<\/u><\/strong><\/p>\n\n\n\n<p>Previo a la visita para conocer los avances en el puente, el ministro Ward junto al Intendente (s) y al alcalde de Padre Las Casas, encabez\u00f3 el hito de inicio de obras del Comit\u00e9 Bicentenario II, integrado por 159 familias y un total de 412 beneficiarios, cuyas viviendas, de 5 tipolog\u00edas distintas, contar\u00e1n entre 47,25m2 a 65 m2, as\u00ed como del Comit\u00e9 Un Nuevo Horizonte para San Joaqu\u00edn, de la misma comuna, para el que se construir\u00e1n 81 viviendas con 4 tipolog\u00edas distintas, que van desde los 47,25 m2 a los 61,65 m2, beneficiando a 210 personas.<\/p>\n","protected":false},"excerpt":{"rendered":"<div class=\"pvc_clear\"><\/div>\n<p id=\"pvc_stats_17490\" class=\"pvc_stats total_only  \" data-element-id=\"17490\" style=\"\"><i class=\"pvc-stats-icon large\" aria-hidden=\"true\"><svg aria-hidden=\"true\" focusable=\"false\" data-prefix=\"far\" data-icon=\"chart-bar\" role=\"img\" xmlns=\"http:\/\/www.w3.org\/2000\/svg\" viewBox=\"0 0 512 512\" class=\"svg-inline--fa fa-chart-bar fa-w-16 fa-2x\"><path fill=\"currentColor\" d=\"M396.8 352h22.4c6.4 0 12.8-6.4 12.8-12.8V108.8c0-6.4-6.4-12.8-12.8-12.8h-22.4c-6.4 0-12.8 6.4-12.8 12.8v230.4c0 6.4 6.4 12.8 12.8 12.8zm-192 0h22.4c6.4 0 12.8-6.4 12.8-12.8V140.8c0-6.4-6.4-12.8-12.8-12.8h-22.4c-6.4 0-12.8 6.4-12.8 12.8v198.4c0 6.4 6.4 12.8 12.8 12.8zm96 0h22.4c6.4 0 12.8-6.4 12.8-12.8V204.8c0-6.4-6.4-12.8-12.8-12.8h-22.4c-6.4 0-12.8 6.4-12.8 12.8v134.4c0 6.4 6.4 12.8 12.8 12.8zM496 400H48V80c0-8.84-7.16-16-16-16H16C7.16 64 0 71.16 0 80v336c0 17.67 14.33 32 32 32h464c8.84 0 16-7.16 16-16v-16c0-8.84-7.16-16-16-16zm-387.2-48h22.4c6.4 0 12.8-6.4 12.8-12.8v-70.4c0-6.4-6.4-12.8-12.8-12.8h-22.4c-6.4 0-12.8 6.4-12.8 12.8v70.4c0 6.4 6.4 12.8 12.8 12.8z\" class=\"\"><\/path><\/svg><\/i> <img loading=\"lazy\" decoding=\"async\" width=\"16\" height=\"16\" alt=\"Loading\" src=\"https:\/\/temucotelevision.cl\/web\/wp-content\/plugins\/page-views-count\/ajax-loader-2x.gif\" border=0 \/><\/p>\n<div class=\"pvc_clear\"><\/div>\n<p>El Ministro de Vivienda y Urbanismo, Felipe Ward, destac\u00f3 que la mega estructura, adem\u00e1s de marcar un hito urban\u00edstico para<\/p>\n","protected":false},"author":1,"featured_media":17491,"comment_status":"open","ping_status":"open","sticky":false,"template":"","format":"standard","meta":{"colormag_page_container_layout":"default_layout","colormag_page_sidebar_layout":"default_layout","footnotes":""},"categories":[15],"tags":[3362,925,1316,3361],"class_list":["post-17490","post","type-post","status-publish","format-standard","has-post-thumbnail","hentry","category-la-araucania","tag-kay-kay","tag-obra","tag-puente","tag-treng-treng"],"a3_pvc":{"activated":true,"total_views":43,"today_views":0},"_links":{"self":[{"href":"https:\/\/temucotelevision.cl\/web\/wp-json\/wp\/v2\/posts\/17490","targetHints":{"allow":["GET"]}}],"collection":[{"href":"https:\/\/temucotelevision.cl\/web\/wp-json\/wp\/v2\/posts"}],"about":[{"href":"https:\/\/temucotelevision.cl\/web\/wp-json\/wp\/v2\/types\/post"}],"author":[{"embeddable":true,"href":"https:\/\/temucotelevision.cl\/web\/wp-json\/wp\/v2\/users\/1"}],"replies":[{"embeddable":true,"href":"https:\/\/temucotelevision.cl\/web\/wp-json\/wp\/v2\/comments?post=17490"}],"version-history":[{"count":1,"href":"https:\/\/temucotelevision.cl\/web\/wp-json\/wp\/v2\/posts\/17490\/revisions"}],"predecessor-version":[{"id":17492,"href":"https:\/\/temucotelevision.cl\/web\/wp-json\/wp\/v2\/posts\/17490\/revisions\/17492"}],"wp:featuredmedia":[{"embeddable":true,"href":"https:\/\/temucotelevision.cl\/web\/wp-json\/wp\/v2\/media\/17491"}],"wp:attachment":[{"href":"https:\/\/temucotelevision.cl\/web\/wp-json\/wp\/v2\/media?parent=17490"}],"wp:term":[{"taxonomy":"category","embeddable":true,"href":"https:\/\/temucotelevision.cl\/web\/wp-json\/wp\/v2\/categories?post=17490"},{"taxonomy":"post_tag","embeddable":true,"href":"https:\/\/temucotelevision.cl\/web\/wp-json\/wp\/v2\/tags?post=17490"}],"curies":[{"name":"wp","href":"https:\/\/api.w.org\/{rel}","templated":true}]}}