{"id":17476,"date":"2020-12-21T17:38:26","date_gmt":"2020-12-21T20:38:26","guid":{"rendered":"https:\/\/temucotelevision.cl\/web\/?p=17476"},"modified":"2020-12-21T17:40:24","modified_gmt":"2020-12-21T20:40:24","slug":"caravana-familiar-recorrera-sectores-de-temuco-con-suenos-de-navidad","status":"publish","type":"post","link":"https:\/\/temucotelevision.cl\/web\/2020\/12\/21\/caravana-familiar-recorrera-sectores-de-temuco-con-suenos-de-navidad\/","title":{"rendered":"Caravana familiar recorrer\u00e1 sectores de Temuco con sue\u00f1os de navidad"},"content":{"rendered":"<div class=\"pvc_clear\"><\/div><p id=\"pvc_stats_17476\" class=\"pvc_stats total_only  \" data-element-id=\"17476\" style=\"\"><i class=\"pvc-stats-icon large\" aria-hidden=\"true\"><svg aria-hidden=\"true\" focusable=\"false\" data-prefix=\"far\" data-icon=\"chart-bar\" role=\"img\" xmlns=\"http:\/\/www.w3.org\/2000\/svg\" viewBox=\"0 0 512 512\" class=\"svg-inline--fa fa-chart-bar fa-w-16 fa-2x\"><path fill=\"currentColor\" d=\"M396.8 352h22.4c6.4 0 12.8-6.4 12.8-12.8V108.8c0-6.4-6.4-12.8-12.8-12.8h-22.4c-6.4 0-12.8 6.4-12.8 12.8v230.4c0 6.4 6.4 12.8 12.8 12.8zm-192 0h22.4c6.4 0 12.8-6.4 12.8-12.8V140.8c0-6.4-6.4-12.8-12.8-12.8h-22.4c-6.4 0-12.8 6.4-12.8 12.8v198.4c0 6.4 6.4 12.8 12.8 12.8zm96 0h22.4c6.4 0 12.8-6.4 12.8-12.8V204.8c0-6.4-6.4-12.8-12.8-12.8h-22.4c-6.4 0-12.8 6.4-12.8 12.8v134.4c0 6.4 6.4 12.8 12.8 12.8zM496 400H48V80c0-8.84-7.16-16-16-16H16C7.16 64 0 71.16 0 80v336c0 17.67 14.33 32 32 32h464c8.84 0 16-7.16 16-16v-16c0-8.84-7.16-16-16-16zm-387.2-48h22.4c6.4 0 12.8-6.4 12.8-12.8v-70.4c0-6.4-6.4-12.8-12.8-12.8h-22.4c-6.4 0-12.8 6.4-12.8 12.8v70.4c0 6.4 6.4 12.8 12.8 12.8z\" class=\"\"><\/path><\/svg><\/i> <img loading=\"lazy\" decoding=\"async\" width=\"16\" height=\"16\" alt=\"Loading\" src=\"https:\/\/temucotelevision.cl\/web\/wp-content\/plugins\/page-views-count\/ajax-loader-2x.gif\" border=0 \/><\/p><div class=\"pvc_clear\"><\/div>\n<p>La Municipalidad de Temuco y su Corporaci\u00f3n Cultural, reunieron la magia de la navidad en una carava familiar que transitar\u00e1 por las calles de la capital regional desde el 21 al 23 de diciembre. El espect\u00e1culo itinerante denominado Sue\u00f1os de Navidad, recorrer\u00e1 la ciudad, entre las 19 y las 22:30 horas, entregando un mensaje de alegr\u00eda, amor y esperanza, creado para celebrar la navidad en casa y mantener los resguardos y cuidados que obligan la crisis sanitaria.<\/p>\n\n\n\n<div class=\"wp-block-image is-style-rounded\"><figure class=\"alignleft size-large is-resized\"><img loading=\"lazy\" decoding=\"async\" src=\"https:\/\/temucotelevision.cl\/web\/wp-content\/uploads\/2020\/12\/Caravana6-1024x688.jpg\" alt=\"\" class=\"wp-image-17483\" width=\"270\" height=\"180\" srcset=\"https:\/\/temucotelevision.cl\/web\/wp-content\/uploads\/2020\/12\/Caravana6-1024x688.jpg 1024w, https:\/\/temucotelevision.cl\/web\/wp-content\/uploads\/2020\/12\/Caravana6-768x516.jpg 768w\" sizes=\"auto, (max-width: 270px) 100vw, 270px\" \/><\/figure><\/div>\n\n\n\n<p>\u201cEn este a\u00f1o que hemos estado complicados, en que los ni\u00f1os han tenido que estar encerrados en sus casas por esta pandemia, como Municipio y en conjunto con el Concejo Municipal, queremos llevarle esta alegr\u00eda, sobre todo a los ni\u00f1os m\u00e1s carenciados\u201d, explic\u00f3 el alcalde de Temuco, Jaime Salinas.\u00a0<\/p>\n\n\n\n<p>El show contar\u00e1 con 3 carros aleg\u00f3ricos que representan algunos \u00edconos emblem\u00e1ticos de la navidad, entre ellos, el taller de Santa Claus, su trineo y la f\u00e1brica de dulces, los que ir\u00e1n acompa\u00f1ados en su ruta por artistas de diferentes disciplinas. Este grupo, que deber\u00e1 respetar las normativas sanitarias de distanciamiento social y uso de mascarillas, son los responsables de un espect\u00e1culo que re\u00fane a m\u00fasicos, acr\u00f3batas, zanquistas de rebote, zancos de altura, bailarines, malabaristas y actores.<\/p>\n\n\n\n<figure class=\"wp-block-image size-large is-style-rounded\"><img loading=\"lazy\" decoding=\"async\" width=\"1024\" height=\"683\" src=\"https:\/\/temucotelevision.cl\/web\/wp-content\/uploads\/2020\/12\/Caravana3-1024x683.jpg\" alt=\"\" class=\"wp-image-17479\" srcset=\"https:\/\/temucotelevision.cl\/web\/wp-content\/uploads\/2020\/12\/Caravana3-1024x683.jpg 1024w, https:\/\/temucotelevision.cl\/web\/wp-content\/uploads\/2020\/12\/Caravana3-768x512.jpg 768w, https:\/\/temucotelevision.cl\/web\/wp-content\/uploads\/2020\/12\/Caravana3-1536x1024.jpg 1536w, https:\/\/temucotelevision.cl\/web\/wp-content\/uploads\/2020\/12\/Caravana3-2048x1365.jpg 2048w\" sizes=\"auto, (max-width: 1024px) 100vw, 1024px\" \/><\/figure>\n\n\n\n<p>El alcalde asegur\u00f3 que estos carros llegar\u00e1n a todos los macro sectores de Temuco, ofreciendo un espect\u00e1culo de primer nivel que podr\u00e1 ser visto en vivo y a trav\u00e9s de las redes sociales. En efecto, durante el recorrido por las calles de la ciudad, el municipio transmitir\u00e1 la actividad a trav\u00e9s de su facebook live, promoviendo que la comunidad y, especialmente los ni\u00f1os, se queden en casa y no se aglomeren en la v\u00eda p\u00fablica.<\/p>\n\n\n\n<p>La autoridad revel\u00f3 esta informaci\u00f3n en la presentaci\u00f3n del espect\u00e1culo Sue\u00f1os de Navidad, evento que se desarroll\u00f3 la ma\u00f1ana de este lunes en la plaza An\u00edbal Pinto. En la oportunidad tambi\u00e9n estuvo presente el concejal Esteban Barriga, quien record\u00f3 que el 2020 ha sido un a\u00f1o diferente, donde hemos vivido m\u00e1s en nuestras casas y hemos estado cuid\u00e1ndonos.&nbsp;&nbsp;<\/p>\n\n\n\n<p>\u201cNosotros desde el Municipio y como Concejo tambi\u00e9n estamos pensando en eso, por eso no queremos que la gente venga a exponerse al centro (\u2026) y hemos decidido llevar estos hermosos carros aleg\u00f3ricos a cada uno de los sectores de Temuco\u201d, asegur\u00f3.<\/p>\n\n\n\n<figure class=\"wp-block-image size-large is-style-rounded\"><img loading=\"lazy\" decoding=\"async\" width=\"1024\" height=\"683\" src=\"https:\/\/temucotelevision.cl\/web\/wp-content\/uploads\/2020\/12\/Caravana4-1024x683.jpg\" alt=\"\" class=\"wp-image-17480\" srcset=\"https:\/\/temucotelevision.cl\/web\/wp-content\/uploads\/2020\/12\/Caravana4-1024x683.jpg 1024w, https:\/\/temucotelevision.cl\/web\/wp-content\/uploads\/2020\/12\/Caravana4-768x512.jpg 768w, https:\/\/temucotelevision.cl\/web\/wp-content\/uploads\/2020\/12\/Caravana4-1536x1024.jpg 1536w, https:\/\/temucotelevision.cl\/web\/wp-content\/uploads\/2020\/12\/Caravana4-2048x1365.jpg 2048w\" sizes=\"auto, (max-width: 1024px) 100vw, 1024px\" \/><\/figure>\n\n\n\n<p>De acuerdo a las palabras del concejal Barriga, con esta actividad la idea es que la comunidad pueda compartir y acercarse a un espect\u00e1culo que se vivir\u00e1 en las avenidas y en las calles principales de sus barrios. El edil adelant\u00f3 que la Municipalidad est\u00e1 implementando, adem\u00e1s, las ferias navide\u00f1as en los barrios, las que se realizar\u00e1n en el sector de Labranza y Costanera.<\/p>\n\n\n\n<p>Por su parte la gerente de la Corporaci\u00f3n Cultural y directora del Teatro Municipal, Patricia Betancourt, record\u00f3 que Sue\u00f1os de Navidad es una propuesta que surgi\u00f3 por la iniciativa del Concejo Municipal de Temuco. De acuerdo a Betancourt, gracias al aporte y compromiso de los concejales, la Corporaci\u00f3n Cultural implement\u00f3 el programa de iluminaci\u00f3n y decoraci\u00f3n navide\u00f1a de las calles de Temuco y de la Plaza An\u00edbal Pinto, adem\u00e1s del espect\u00e1culo Sue\u00f1os de Navidad, actividades que buscan \u201centregar un momento de energ\u00eda y alegr\u00eda a quienes han estado confinados, especialmente a los ni\u00f1os y a los adultos mayores\u201d, asegur\u00f3<\/p>\n\n\n\n<p>En la oportunidad el alcalde de Temuco, tambi\u00e9n realiz\u00f3 un sentido llamado a la comunidad, motiv\u00e1ndolos a cuidarse de la pandemia y mantener el distanciamiento social, lo que evitar\u00e1 que la ciudad vuelva retroceder en el proceso paso a paso. \u201cEsto es un mensaje de amor y paz, y de esperanza para las personas que est\u00e1n carenciadas de todo, sobretodo queremos llevarles un poco de cari\u00f1o, un poco de amor, que es lo que nos falta para finalizar el a\u00f1o\u201d, asegur\u00f3 Jaime Salinas.&nbsp;<\/p>\n\n\n\n<p>Por lo pronto la invitaci\u00f3n es a estar atentos al paso de la caravana Sue\u00f1os de Navidad, que en su recorrido contempla el sector Amanecer, Santa Rosa, San Antonio y Pueblo nuevo para la jornada del lunes. Mientras el martes 22\u00a0\u00a0los artistas llegar\u00e1n a la Labranza, Ganaderos y Altamira, para finalizar el mi\u00e9rcoles 23 con Pedro de Valdivia, Fundo el Carmen, sector Estadio y Avenida Alemania.\u00a0<\/p>\n\n\n\n<figure class=\"wp-block-image size-large is-style-rounded\"><img loading=\"lazy\" decoding=\"async\" width=\"1024\" height=\"683\" src=\"https:\/\/temucotelevision.cl\/web\/wp-content\/uploads\/2020\/12\/Caravana5-1024x683.jpg\" alt=\"\" class=\"wp-image-17481\" srcset=\"https:\/\/temucotelevision.cl\/web\/wp-content\/uploads\/2020\/12\/Caravana5-1024x683.jpg 1024w, https:\/\/temucotelevision.cl\/web\/wp-content\/uploads\/2020\/12\/Caravana5-768x512.jpg 768w, https:\/\/temucotelevision.cl\/web\/wp-content\/uploads\/2020\/12\/Caravana5-1536x1024.jpg 1536w, https:\/\/temucotelevision.cl\/web\/wp-content\/uploads\/2020\/12\/Caravana5-2048x1365.jpg 2048w\" sizes=\"auto, (max-width: 1024px) 100vw, 1024px\" \/><\/figure>\n","protected":false},"excerpt":{"rendered":"<div class=\"pvc_clear\"><\/div>\n<p id=\"pvc_stats_17476\" class=\"pvc_stats total_only  \" data-element-id=\"17476\" style=\"\"><i class=\"pvc-stats-icon large\" aria-hidden=\"true\"><svg aria-hidden=\"true\" focusable=\"false\" data-prefix=\"far\" data-icon=\"chart-bar\" role=\"img\" xmlns=\"http:\/\/www.w3.org\/2000\/svg\" viewBox=\"0 0 512 512\" class=\"svg-inline--fa fa-chart-bar fa-w-16 fa-2x\"><path fill=\"currentColor\" d=\"M396.8 352h22.4c6.4 0 12.8-6.4 12.8-12.8V108.8c0-6.4-6.4-12.8-12.8-12.8h-22.4c-6.4 0-12.8 6.4-12.8 12.8v230.4c0 6.4 6.4 12.8 12.8 12.8zm-192 0h22.4c6.4 0 12.8-6.4 12.8-12.8V140.8c0-6.4-6.4-12.8-12.8-12.8h-22.4c-6.4 0-12.8 6.4-12.8 12.8v198.4c0 6.4 6.4 12.8 12.8 12.8zm96 0h22.4c6.4 0 12.8-6.4 12.8-12.8V204.8c0-6.4-6.4-12.8-12.8-12.8h-22.4c-6.4 0-12.8 6.4-12.8 12.8v134.4c0 6.4 6.4 12.8 12.8 12.8zM496 400H48V80c0-8.84-7.16-16-16-16H16C7.16 64 0 71.16 0 80v336c0 17.67 14.33 32 32 32h464c8.84 0 16-7.16 16-16v-16c0-8.84-7.16-16-16-16zm-387.2-48h22.4c6.4 0 12.8-6.4 12.8-12.8v-70.4c0-6.4-6.4-12.8-12.8-12.8h-22.4c-6.4 0-12.8 6.4-12.8 12.8v70.4c0 6.4 6.4 12.8 12.8 12.8z\" class=\"\"><\/path><\/svg><\/i> <img loading=\"lazy\" decoding=\"async\" width=\"16\" height=\"16\" alt=\"Loading\" src=\"https:\/\/temucotelevision.cl\/web\/wp-content\/plugins\/page-views-count\/ajax-loader-2x.gif\" border=0 \/><\/p>\n<div class=\"pvc_clear\"><\/div>\n<p>La Municipalidad de Temuco y su Corporaci\u00f3n Cultural, reunieron la magia de la navidad en una carava familiar que transitar\u00e1<\/p>\n","protected":false},"author":1,"featured_media":17478,"comment_status":"open","ping_status":"open","sticky":false,"template":"","format":"standard","meta":{"colormag_page_container_layout":"default_layout","colormag_page_sidebar_layout":"default_layout","footnotes":""},"categories":[15],"tags":[2672,147,2085,3360],"class_list":["post-17476","post","type-post","status-publish","format-standard","has-post-thumbnail","hentry","category-la-araucania","tag-caravana","tag-familias","tag-navidad","tag-suenos"],"a3_pvc":{"activated":true,"total_views":111,"today_views":0},"_links":{"self":[{"href":"https:\/\/temucotelevision.cl\/web\/wp-json\/wp\/v2\/posts\/17476","targetHints":{"allow":["GET"]}}],"collection":[{"href":"https:\/\/temucotelevision.cl\/web\/wp-json\/wp\/v2\/posts"}],"about":[{"href":"https:\/\/temucotelevision.cl\/web\/wp-json\/wp\/v2\/types\/post"}],"author":[{"embeddable":true,"href":"https:\/\/temucotelevision.cl\/web\/wp-json\/wp\/v2\/users\/1"}],"replies":[{"embeddable":true,"href":"https:\/\/temucotelevision.cl\/web\/wp-json\/wp\/v2\/comments?post=17476"}],"version-history":[{"count":2,"href":"https:\/\/temucotelevision.cl\/web\/wp-json\/wp\/v2\/posts\/17476\/revisions"}],"predecessor-version":[{"id":17485,"href":"https:\/\/temucotelevision.cl\/web\/wp-json\/wp\/v2\/posts\/17476\/revisions\/17485"}],"wp:featuredmedia":[{"embeddable":true,"href":"https:\/\/temucotelevision.cl\/web\/wp-json\/wp\/v2\/media\/17478"}],"wp:attachment":[{"href":"https:\/\/temucotelevision.cl\/web\/wp-json\/wp\/v2\/media?parent=17476"}],"wp:term":[{"taxonomy":"category","embeddable":true,"href":"https:\/\/temucotelevision.cl\/web\/wp-json\/wp\/v2\/categories?post=17476"},{"taxonomy":"post_tag","embeddable":true,"href":"https:\/\/temucotelevision.cl\/web\/wp-json\/wp\/v2\/tags?post=17476"}],"curies":[{"name":"wp","href":"https:\/\/api.w.org\/{rel}","templated":true}]}}