{"id":17466,"date":"2020-12-21T16:21:15","date_gmt":"2020-12-21T19:21:15","guid":{"rendered":"https:\/\/temucotelevision.cl\/web\/?p=17466"},"modified":"2020-12-21T16:21:18","modified_gmt":"2020-12-21T19:21:18","slug":"informan-de-medidas-ante-presencia-de-la-mosca-de-alas-manchadas-en-la-araucania","status":"publish","type":"post","link":"https:\/\/temucotelevision.cl\/web\/2020\/12\/21\/informan-de-medidas-ante-presencia-de-la-mosca-de-alas-manchadas-en-la-araucania\/","title":{"rendered":"Informan de medidas ante presencia de la mosca de alas manchadas en La Araucan\u00eda"},"content":{"rendered":"<div class=\"pvc_clear\"><\/div><p id=\"pvc_stats_17466\" class=\"pvc_stats total_only  \" data-element-id=\"17466\" style=\"\"><i class=\"pvc-stats-icon large\" aria-hidden=\"true\"><svg aria-hidden=\"true\" focusable=\"false\" data-prefix=\"far\" data-icon=\"chart-bar\" role=\"img\" xmlns=\"http:\/\/www.w3.org\/2000\/svg\" viewBox=\"0 0 512 512\" class=\"svg-inline--fa fa-chart-bar fa-w-16 fa-2x\"><path fill=\"currentColor\" d=\"M396.8 352h22.4c6.4 0 12.8-6.4 12.8-12.8V108.8c0-6.4-6.4-12.8-12.8-12.8h-22.4c-6.4 0-12.8 6.4-12.8 12.8v230.4c0 6.4 6.4 12.8 12.8 12.8zm-192 0h22.4c6.4 0 12.8-6.4 12.8-12.8V140.8c0-6.4-6.4-12.8-12.8-12.8h-22.4c-6.4 0-12.8 6.4-12.8 12.8v198.4c0 6.4 6.4 12.8 12.8 12.8zm96 0h22.4c6.4 0 12.8-6.4 12.8-12.8V204.8c0-6.4-6.4-12.8-12.8-12.8h-22.4c-6.4 0-12.8 6.4-12.8 12.8v134.4c0 6.4 6.4 12.8 12.8 12.8zM496 400H48V80c0-8.84-7.16-16-16-16H16C7.16 64 0 71.16 0 80v336c0 17.67 14.33 32 32 32h464c8.84 0 16-7.16 16-16v-16c0-8.84-7.16-16-16-16zm-387.2-48h22.4c6.4 0 12.8-6.4 12.8-12.8v-70.4c0-6.4-6.4-12.8-12.8-12.8h-22.4c-6.4 0-12.8 6.4-12.8 12.8v70.4c0 6.4 6.4 12.8 12.8 12.8z\" class=\"\"><\/path><\/svg><\/i> <img loading=\"lazy\" decoding=\"async\" width=\"16\" height=\"16\" alt=\"Loading\" src=\"https:\/\/temucotelevision.cl\/web\/wp-content\/plugins\/page-views-count\/ajax-loader-2x.gif\" border=0 \/><\/p><div class=\"pvc_clear\"><\/div>\n<p>La D<em>rosophila suzukii<\/em>&nbsp;o tambi\u00e9n conocida como \u201cmosca del vinagre\u201d est\u00e1 presente en la regi\u00f3n desde el a\u00f1o 2017.<\/p>\n\n\n\n<p>La Drosophila de alas manchadas es considerada una plaga presente que ataca a una amplia gama de cultivos de frutas, as\u00ed como a un n\u00famero creciente de frutas silvestres, en las regiones de \u00d1uble, Biob\u00edo, La Araucan\u00eda, Los R\u00edos y Los Lagos, ya que de acuerdo a los registros del SAG, tiene una amplia distribuci\u00f3n.<\/p>\n\n\n\n<p>Desde hace varias temporadas tanto el SAG, INDAP e INIA han estado capacitando a los agricultores en medidas fitosanitarias para un manejo integrado tanto de los huertos caseros como comerciales, reforzando adem\u00e1s este a\u00f1o la entrega de informaci\u00f3n a los productores sobre esta plaga que fue detectada por el Servicio por primera vez en nuestro pa\u00eds el a\u00f1o 2017.<\/p>\n\n\n\n<p>En este sentido el seremi de Agricultura, Ricardo Senn, explic\u00f3 que \u201clamentablemente, aunque el SAG ha llevado adelante acciones de capacitaci\u00f3n y prevenci\u00f3n de esta plaga, en conjunto con instituciones p\u00fablicas y privadas, en el llamado a tomar las precauciones y hacer el manejo indicado de los huertos han sido considerados en mayor medida las plantaciones comerciales, produci\u00e9ndose a nivel de huertos familiares mayoritariamente una inacci\u00f3n hasta este momento, en que hemos visto preocupantes brotes a nivel de peque\u00f1os agricultores. No obstante, hemos iniciado acciones tendientes a generar el dimensionamiento real de la plaga, que nos permita tomar acciones de prevenci\u00f3n con miras a las pr\u00f3ximas cosechas de berries y tambi\u00e9n de cerezas para la temporada 2021\u201c.&nbsp;&nbsp;<\/p>\n\n\n\n<p>Sobre las medidas preventivas, internacionalmente se sugiere que exista un manejo integrado de la plaga, lo que implica que en momentos espec\u00edficos se realicen aplicaciones qu\u00edmicas en caso de detecciones de ejemplares de la mosca de alas manchadas, adem\u00e1s de limpieza del huerto, eliminaci\u00f3n de malezas que pudieran ser hospedantes de plaga, buen manejo del riego, entre otras acciones, las que est\u00e1n indicadas en la web del SAG\u00a0<a href=\"http:\/\/www.sag.cl\/\" target=\"_blank\" rel=\"noreferrer noopener\">www.sag.cl<\/a><\/p>\n\n\n\n<p><strong>Mosca de alas manchadas<\/strong><\/p>\n\n\n\n<p>Esta plaga se diferencia de la mayor\u00eda de las especies de su g\u00e9nero -denominadas com\u00fanmente \u201cmoscas del vinagre\u201d, las cuales no son plagas, debido a que infestan fruta sobre-madura, ca\u00edda o en estado de fermentaci\u00f3n, \u00e9sta ovipone en frutas sanas que se encuentran en estado de maduraci\u00f3n y que preferentemente poseen epidermis suave y delgada.<\/p>\n\n\n\n<p>Posteriormente, sus larvas se desarrollan y se alimentan de la pulpa de la fruta, generando que \u00e9sta se vuelva no comercializable. Esta plaga ha demostrado tener una r\u00e1pida expansi\u00f3n, una fecundidad t\u00edpicamente alta y un ciclo vital de corto tiempo, lo cual sumado a la disponibilidad de hospederos y a las condiciones clim\u00e1ticas de nuestro pa\u00eds, permiten contar con las condiciones adecuadas para su establecimiento.<\/p>\n","protected":false},"excerpt":{"rendered":"<div class=\"pvc_clear\"><\/div>\n<p id=\"pvc_stats_17466\" class=\"pvc_stats total_only  \" data-element-id=\"17466\" style=\"\"><i class=\"pvc-stats-icon large\" aria-hidden=\"true\"><svg aria-hidden=\"true\" focusable=\"false\" data-prefix=\"far\" data-icon=\"chart-bar\" role=\"img\" xmlns=\"http:\/\/www.w3.org\/2000\/svg\" viewBox=\"0 0 512 512\" class=\"svg-inline--fa fa-chart-bar fa-w-16 fa-2x\"><path fill=\"currentColor\" d=\"M396.8 352h22.4c6.4 0 12.8-6.4 12.8-12.8V108.8c0-6.4-6.4-12.8-12.8-12.8h-22.4c-6.4 0-12.8 6.4-12.8 12.8v230.4c0 6.4 6.4 12.8 12.8 12.8zm-192 0h22.4c6.4 0 12.8-6.4 12.8-12.8V140.8c0-6.4-6.4-12.8-12.8-12.8h-22.4c-6.4 0-12.8 6.4-12.8 12.8v198.4c0 6.4 6.4 12.8 12.8 12.8zm96 0h22.4c6.4 0 12.8-6.4 12.8-12.8V204.8c0-6.4-6.4-12.8-12.8-12.8h-22.4c-6.4 0-12.8 6.4-12.8 12.8v134.4c0 6.4 6.4 12.8 12.8 12.8zM496 400H48V80c0-8.84-7.16-16-16-16H16C7.16 64 0 71.16 0 80v336c0 17.67 14.33 32 32 32h464c8.84 0 16-7.16 16-16v-16c0-8.84-7.16-16-16-16zm-387.2-48h22.4c6.4 0 12.8-6.4 12.8-12.8v-70.4c0-6.4-6.4-12.8-12.8-12.8h-22.4c-6.4 0-12.8 6.4-12.8 12.8v70.4c0 6.4 6.4 12.8 12.8 12.8z\" class=\"\"><\/path><\/svg><\/i> <img loading=\"lazy\" decoding=\"async\" width=\"16\" height=\"16\" alt=\"Loading\" src=\"https:\/\/temucotelevision.cl\/web\/wp-content\/plugins\/page-views-count\/ajax-loader-2x.gif\" border=0 \/><\/p>\n<div class=\"pvc_clear\"><\/div>\n<p>La Drosophila suzukii&nbsp;o tambi\u00e9n conocida como \u201cmosca del vinagre\u201d est\u00e1 presente en la regi\u00f3n desde el a\u00f1o 2017. La Drosophila<\/p>\n","protected":false},"author":1,"featured_media":17467,"comment_status":"open","ping_status":"open","sticky":false,"template":"","format":"standard","meta":{"colormag_page_container_layout":"default_layout","colormag_page_sidebar_layout":"default_layout","footnotes":""},"categories":[15],"tags":[3358,3359,3357],"class_list":["post-17466","post","type-post","status-publish","format-standard","has-post-thumbnail","hentry","category-la-araucania","tag-alas","tag-manchadas","tag-mosca"],"a3_pvc":{"activated":true,"total_views":51,"today_views":0},"_links":{"self":[{"href":"https:\/\/temucotelevision.cl\/web\/wp-json\/wp\/v2\/posts\/17466","targetHints":{"allow":["GET"]}}],"collection":[{"href":"https:\/\/temucotelevision.cl\/web\/wp-json\/wp\/v2\/posts"}],"about":[{"href":"https:\/\/temucotelevision.cl\/web\/wp-json\/wp\/v2\/types\/post"}],"author":[{"embeddable":true,"href":"https:\/\/temucotelevision.cl\/web\/wp-json\/wp\/v2\/users\/1"}],"replies":[{"embeddable":true,"href":"https:\/\/temucotelevision.cl\/web\/wp-json\/wp\/v2\/comments?post=17466"}],"version-history":[{"count":1,"href":"https:\/\/temucotelevision.cl\/web\/wp-json\/wp\/v2\/posts\/17466\/revisions"}],"predecessor-version":[{"id":17468,"href":"https:\/\/temucotelevision.cl\/web\/wp-json\/wp\/v2\/posts\/17466\/revisions\/17468"}],"wp:featuredmedia":[{"embeddable":true,"href":"https:\/\/temucotelevision.cl\/web\/wp-json\/wp\/v2\/media\/17467"}],"wp:attachment":[{"href":"https:\/\/temucotelevision.cl\/web\/wp-json\/wp\/v2\/media?parent=17466"}],"wp:term":[{"taxonomy":"category","embeddable":true,"href":"https:\/\/temucotelevision.cl\/web\/wp-json\/wp\/v2\/categories?post=17466"},{"taxonomy":"post_tag","embeddable":true,"href":"https:\/\/temucotelevision.cl\/web\/wp-json\/wp\/v2\/tags?post=17466"}],"curies":[{"name":"wp","href":"https:\/\/api.w.org\/{rel}","templated":true}]}}