{"id":17463,"date":"2020-12-21T14:58:31","date_gmt":"2020-12-21T17:58:31","guid":{"rendered":"https:\/\/temucotelevision.cl\/web\/?p=17463"},"modified":"2020-12-21T14:58:34","modified_gmt":"2020-12-21T17:58:34","slug":"45-de-cuentos-recibidos-en-araucania-en-100-palabras-abordan-la-pandemia","status":"publish","type":"post","link":"https:\/\/temucotelevision.cl\/web\/2020\/12\/21\/45-de-cuentos-recibidos-en-araucania-en-100-palabras-abordan-la-pandemia\/","title":{"rendered":"45% de cuentos recibidos en Araucan\u00eda en 100 palabras abordan la pandemia"},"content":{"rendered":"<div class=\"pvc_clear\"><\/div><p id=\"pvc_stats_17463\" class=\"pvc_stats total_only  \" data-element-id=\"17463\" style=\"\"><i class=\"pvc-stats-icon large\" aria-hidden=\"true\"><svg aria-hidden=\"true\" focusable=\"false\" data-prefix=\"far\" data-icon=\"chart-bar\" role=\"img\" xmlns=\"http:\/\/www.w3.org\/2000\/svg\" viewBox=\"0 0 512 512\" class=\"svg-inline--fa fa-chart-bar fa-w-16 fa-2x\"><path fill=\"currentColor\" d=\"M396.8 352h22.4c6.4 0 12.8-6.4 12.8-12.8V108.8c0-6.4-6.4-12.8-12.8-12.8h-22.4c-6.4 0-12.8 6.4-12.8 12.8v230.4c0 6.4 6.4 12.8 12.8 12.8zm-192 0h22.4c6.4 0 12.8-6.4 12.8-12.8V140.8c0-6.4-6.4-12.8-12.8-12.8h-22.4c-6.4 0-12.8 6.4-12.8 12.8v198.4c0 6.4 6.4 12.8 12.8 12.8zm96 0h22.4c6.4 0 12.8-6.4 12.8-12.8V204.8c0-6.4-6.4-12.8-12.8-12.8h-22.4c-6.4 0-12.8 6.4-12.8 12.8v134.4c0 6.4 6.4 12.8 12.8 12.8zM496 400H48V80c0-8.84-7.16-16-16-16H16C7.16 64 0 71.16 0 80v336c0 17.67 14.33 32 32 32h464c8.84 0 16-7.16 16-16v-16c0-8.84-7.16-16-16-16zm-387.2-48h22.4c6.4 0 12.8-6.4 12.8-12.8v-70.4c0-6.4-6.4-12.8-12.8-12.8h-22.4c-6.4 0-12.8 6.4-12.8 12.8v70.4c0 6.4 6.4 12.8 12.8 12.8z\" class=\"\"><\/path><\/svg><\/i> <img loading=\"lazy\" decoding=\"async\" width=\"16\" height=\"16\" alt=\"Loading\" src=\"https:\/\/temucotelevision.cl\/web\/wp-content\/plugins\/page-views-count\/ajax-loader-2x.gif\" border=0 \/><\/p><div class=\"pvc_clear\"><\/div>\n<p>II versi\u00f3n del concurso:&nbsp;<\/p>\n\n\n\n<ul class=\"wp-block-list\"><li><strong>De los 3.426 cuentos breves que llegaron este a\u00f1o al concurso, m\u00e1s de 1.500 abordan&nbsp;la crisis sanitaria a ra\u00edz del Covid-19<\/strong><\/li><li><strong>El jurado integrado por<\/strong><strong>&nbsp;los escritores&nbsp;<\/strong><strong>Alejandra Costamagna, Sim\u00f3n Soto, junto a la ling\u00fcista y profesora de la Universidad de La Frontera, Jaqueline Caniguan,&nbsp;ya sesion\u00f3 y pronto se dar\u00e1n a conocer los ganadores&nbsp;<\/strong><\/li><li><strong>\u201cAraucan\u00eda en 100 Palabras\u201d es&nbsp;presentado por Fundaci\u00f3n Plagio y CMPC<\/strong><\/li><\/ul>\n\n\n\n<p><em>\u00a0<\/em>\u201cCovid\u201d, \u201cpandemia\u201d, \u201ccoronavirus\u201d, \u201ccuarentena\u201d, \u201cmascarilla\u201d y \u201cencierro\u201d, fueron algunas de las palabras m\u00e1s usadas en los cuentos breves que llegaron este a\u00f1o al concurso \u201cAraucan\u00eda en 100 Palabras\u201d.\u00a0<\/p>\n\n\n\n<p>El certamen, que en su II edici\u00f3n recibi\u00f3<strong>&nbsp;3.426 cuentos<\/strong>, es presentado po<strong>r Fundaci\u00f3n Plagio y CMPC.&nbsp;&nbsp;<\/strong>Se destaca la alta participaci\u00f3n de habitantes de las comunas de&nbsp;<strong>Temuco, Padre Las Casas,&nbsp;<\/strong><\/p>\n\n\n\n<p><strong>Loncoche, Angol y Nueva Imperial.&nbsp;<\/strong>Los&nbsp;<strong>ni\u00f1os y j\u00f3venes<\/strong>&nbsp;fueron los m\u00e1s entusiastas a la hora de participar, enviando un total de 948 cuentos, lo que representa un&nbsp;<strong>31%<\/strong>&nbsp;de los relatos recibidos.&nbsp;&nbsp;<\/p>\n\n\n\n<p>A ra\u00edz de la pandemia, la II edici\u00f3n de \u201cAraucan\u00eda en 100 palabras\u201d se realiz\u00f3&nbsp;<strong>completamente online, adaptando todas sus actividades&nbsp;<\/strong>y herramientas al&nbsp;<strong>formato digital,&nbsp;<\/strong>logrando muy buena recepci\u00f3n entre la comunidad.&nbsp;<\/p>\n\n\n\n<p>En ese sentido, los talleres y encuentros online realizados durante la convocatoria del concurso&nbsp;<strong>alcanzaron m\u00e1s de 30 mil reproducciones<\/strong>. Entre las actividades con mayor n\u00famero de visitas se destacan: los encuentros&nbsp;con la<strong>&nbsp;ling\u00fcista Jaqueline Caniguan y el escritor Sim\u00f3n Soto,&nbsp;<\/strong>el<strong>&nbsp;actor Alfredo Castro<\/strong>&nbsp;y el taller de iniciaci\u00f3n al mapudung\u00fan con la&nbsp;<strong>acad\u00e9mica y poetisa mapuche Mar\u00eda Isabel Lara.<\/strong><\/p>\n\n\n\n<p><strong>Jurado sesion\u00f3 online&nbsp;<\/strong>&nbsp;<\/p>\n\n\n\n<p>El jurado&nbsp;<strong>integrado por&nbsp;los escritores&nbsp;<\/strong><strong>Alejandra Costamagna, Sim\u00f3n Soto,<\/strong>&nbsp;junto a la ling\u00fcista y profesora de la Universidad de La Frontera,<strong>&nbsp;Jaqueline Caniguan,&nbsp;<\/strong>se reuni\u00f3 recientemente<strong>&nbsp;v\u00eda online&nbsp;<\/strong>para definir a los nueve&nbsp;<strong>ganadores de la II edici\u00f3n de \u201cAraucan\u00eda en 100 Palabras\u201d<\/strong>, incluyendo al Mejor Relato en Mapudung\u00fan.<\/p>\n\n\n\n<p><em>\u201cQuiero destacar que se releve el idioma mapuche a trav\u00e9s de la categor\u00eda de relatos en mapuzung\u00fan. Creo que es sumamente importante, porque es un \u00e1rea que no se ha explorado, la escritura desde el mapuzung\u00fan. Lo que tenemos habitualmente es escritura desde el castellano hacia el mapuzung\u00fan y no al rev\u00e9s. Entonces, en ese sentido creo que es importante destacar la presencia de la lengua mapuche en La Araucan\u00eda y en las regiones donde todav\u00eda existen hablantes\u201d<\/em>,&nbsp;afirma la ling\u00fcista y profesora de la Universidad de La Frontera,&nbsp;<strong>Jaqueline Caniguan<\/strong>.<\/p>\n\n\n\n<p><strong>Para la escritora Alejandra Costamagna \u201c<\/strong><em>el concurso es maravilloso porque es una especie de bar\u00f3metro de todo lo que hemos estado viviendo. Lo m\u00e1s interesante es que ese bar\u00f3metro no se queda solamente con el espejo de la realidad, sino que lo transforma en arte\u201d.&nbsp;<\/em>Adem\u00e1s, agrega:<em>&nbsp;\u201cLos cuentos que llegaron este a\u00f1o me parecen de una calidad muy alta, con realidades s\u00faper distintas, muy diversas, con registros muy diversos, con hablas tambi\u00e9n muy diversas.&nbsp;&nbsp;Creo que fue una experiencia muy extraordinaria la de este a\u00f1o<\/em>\u201d.&nbsp;<\/p>\n\n\n\n<p><strong>Por \u00faltimo, el escritor Sim\u00f3n Soto reflexiona:&nbsp;<\/strong>\u201c<em>Creo que las personas que han participado en el concurso han aprovechado la enorme riqueza de sus espacios, su historia, de sus conflictos, desde muchas aristas, desde muchos puntos de vista con una enorme capacidad de imaginaci\u00f3n y de trabajo. Cuando vemos que hay distintas formas de escritura, aproximaciones al lenguaje, eso habla de un esfuerzo, de un deseo, de no solo plasmar una experiencia o una an\u00e9cdota, sino de hacer una construcci\u00f3n literaria, y eso es muy valioso<\/em>\u201d.<\/p>\n\n\n\n<p>Los<strong>&nbsp;ganadores&nbsp;<\/strong>de la II edici\u00f3n de&nbsp;\u201cAraucan\u00eda en 100 Palabras\u201d&nbsp;<strong>se dar\u00e1n a conocer&nbsp;<\/strong>en una ceremonia online que contar\u00e1 con&nbsp;<strong>grandes sorpresas<\/strong>. Pr\u00f3ximamente se entregar\u00e1n los detalles.&nbsp;<\/p>\n","protected":false},"excerpt":{"rendered":"<div class=\"pvc_clear\"><\/div>\n<p id=\"pvc_stats_17463\" class=\"pvc_stats total_only  \" data-element-id=\"17463\" style=\"\"><i class=\"pvc-stats-icon large\" aria-hidden=\"true\"><svg aria-hidden=\"true\" focusable=\"false\" data-prefix=\"far\" data-icon=\"chart-bar\" role=\"img\" xmlns=\"http:\/\/www.w3.org\/2000\/svg\" viewBox=\"0 0 512 512\" class=\"svg-inline--fa fa-chart-bar fa-w-16 fa-2x\"><path fill=\"currentColor\" d=\"M396.8 352h22.4c6.4 0 12.8-6.4 12.8-12.8V108.8c0-6.4-6.4-12.8-12.8-12.8h-22.4c-6.4 0-12.8 6.4-12.8 12.8v230.4c0 6.4 6.4 12.8 12.8 12.8zm-192 0h22.4c6.4 0 12.8-6.4 12.8-12.8V140.8c0-6.4-6.4-12.8-12.8-12.8h-22.4c-6.4 0-12.8 6.4-12.8 12.8v198.4c0 6.4 6.4 12.8 12.8 12.8zm96 0h22.4c6.4 0 12.8-6.4 12.8-12.8V204.8c0-6.4-6.4-12.8-12.8-12.8h-22.4c-6.4 0-12.8 6.4-12.8 12.8v134.4c0 6.4 6.4 12.8 12.8 12.8zM496 400H48V80c0-8.84-7.16-16-16-16H16C7.16 64 0 71.16 0 80v336c0 17.67 14.33 32 32 32h464c8.84 0 16-7.16 16-16v-16c0-8.84-7.16-16-16-16zm-387.2-48h22.4c6.4 0 12.8-6.4 12.8-12.8v-70.4c0-6.4-6.4-12.8-12.8-12.8h-22.4c-6.4 0-12.8 6.4-12.8 12.8v70.4c0 6.4 6.4 12.8 12.8 12.8z\" class=\"\"><\/path><\/svg><\/i> <img loading=\"lazy\" decoding=\"async\" width=\"16\" height=\"16\" alt=\"Loading\" src=\"https:\/\/temucotelevision.cl\/web\/wp-content\/plugins\/page-views-count\/ajax-loader-2x.gif\" border=0 \/><\/p>\n<div class=\"pvc_clear\"><\/div>\n<p>II versi\u00f3n del concurso:&nbsp; De los 3.426 cuentos breves que llegaron este a\u00f1o al concurso, m\u00e1s de 1.500 abordan&nbsp;la crisis<\/p>\n","protected":false},"author":1,"featured_media":17464,"comment_status":"open","ping_status":"open","sticky":false,"template":"","format":"standard","meta":{"colormag_page_container_layout":"default_layout","colormag_page_sidebar_layout":"default_layout","footnotes":""},"categories":[15],"tags":[2833,2312],"class_list":["post-17463","post","type-post","status-publish","format-standard","has-post-thumbnail","hentry","category-la-araucania","tag-100-palabras","tag-pandemia"],"a3_pvc":{"activated":true,"total_views":55,"today_views":0},"_links":{"self":[{"href":"https:\/\/temucotelevision.cl\/web\/wp-json\/wp\/v2\/posts\/17463","targetHints":{"allow":["GET"]}}],"collection":[{"href":"https:\/\/temucotelevision.cl\/web\/wp-json\/wp\/v2\/posts"}],"about":[{"href":"https:\/\/temucotelevision.cl\/web\/wp-json\/wp\/v2\/types\/post"}],"author":[{"embeddable":true,"href":"https:\/\/temucotelevision.cl\/web\/wp-json\/wp\/v2\/users\/1"}],"replies":[{"embeddable":true,"href":"https:\/\/temucotelevision.cl\/web\/wp-json\/wp\/v2\/comments?post=17463"}],"version-history":[{"count":1,"href":"https:\/\/temucotelevision.cl\/web\/wp-json\/wp\/v2\/posts\/17463\/revisions"}],"predecessor-version":[{"id":17465,"href":"https:\/\/temucotelevision.cl\/web\/wp-json\/wp\/v2\/posts\/17463\/revisions\/17465"}],"wp:featuredmedia":[{"embeddable":true,"href":"https:\/\/temucotelevision.cl\/web\/wp-json\/wp\/v2\/media\/17464"}],"wp:attachment":[{"href":"https:\/\/temucotelevision.cl\/web\/wp-json\/wp\/v2\/media?parent=17463"}],"wp:term":[{"taxonomy":"category","embeddable":true,"href":"https:\/\/temucotelevision.cl\/web\/wp-json\/wp\/v2\/categories?post=17463"},{"taxonomy":"post_tag","embeddable":true,"href":"https:\/\/temucotelevision.cl\/web\/wp-json\/wp\/v2\/tags?post=17463"}],"curies":[{"name":"wp","href":"https:\/\/api.w.org\/{rel}","templated":true}]}}