{"id":17458,"date":"2020-12-21T14:44:35","date_gmt":"2020-12-21T17:44:35","guid":{"rendered":"https:\/\/temucotelevision.cl\/web\/?p=17458"},"modified":"2020-12-21T14:46:26","modified_gmt":"2020-12-21T17:46:26","slug":"municipalidad-de-vilcun-realiza-entrega-de-catres-clinicos-a-pacientes-postrados","status":"publish","type":"post","link":"https:\/\/temucotelevision.cl\/web\/2020\/12\/21\/municipalidad-de-vilcun-realiza-entrega-de-catres-clinicos-a-pacientes-postrados\/","title":{"rendered":"Municipalidad de Vilc\u00fan realiza entrega de catres cl\u00ednicos a pacientes postrados"},"content":{"rendered":"<div class=\"pvc_clear\"><\/div><p id=\"pvc_stats_17458\" class=\"pvc_stats total_only  \" data-element-id=\"17458\" style=\"\"><i class=\"pvc-stats-icon large\" aria-hidden=\"true\"><svg aria-hidden=\"true\" focusable=\"false\" data-prefix=\"far\" data-icon=\"chart-bar\" role=\"img\" xmlns=\"http:\/\/www.w3.org\/2000\/svg\" viewBox=\"0 0 512 512\" class=\"svg-inline--fa fa-chart-bar fa-w-16 fa-2x\"><path fill=\"currentColor\" d=\"M396.8 352h22.4c6.4 0 12.8-6.4 12.8-12.8V108.8c0-6.4-6.4-12.8-12.8-12.8h-22.4c-6.4 0-12.8 6.4-12.8 12.8v230.4c0 6.4 6.4 12.8 12.8 12.8zm-192 0h22.4c6.4 0 12.8-6.4 12.8-12.8V140.8c0-6.4-6.4-12.8-12.8-12.8h-22.4c-6.4 0-12.8 6.4-12.8 12.8v198.4c0 6.4 6.4 12.8 12.8 12.8zm96 0h22.4c6.4 0 12.8-6.4 12.8-12.8V204.8c0-6.4-6.4-12.8-12.8-12.8h-22.4c-6.4 0-12.8 6.4-12.8 12.8v134.4c0 6.4 6.4 12.8 12.8 12.8zM496 400H48V80c0-8.84-7.16-16-16-16H16C7.16 64 0 71.16 0 80v336c0 17.67 14.33 32 32 32h464c8.84 0 16-7.16 16-16v-16c0-8.84-7.16-16-16-16zm-387.2-48h22.4c6.4 0 12.8-6.4 12.8-12.8v-70.4c0-6.4-6.4-12.8-12.8-12.8h-22.4c-6.4 0-12.8 6.4-12.8 12.8v70.4c0 6.4 6.4 12.8 12.8 12.8z\" class=\"\"><\/path><\/svg><\/i> <img loading=\"lazy\" decoding=\"async\" width=\"16\" height=\"16\" alt=\"Loading\" src=\"https:\/\/temucotelevision.cl\/web\/wp-content\/plugins\/page-views-count\/ajax-loader-2x.gif\" border=0 \/><\/p><div class=\"pvc_clear\"><\/div>\n<p><em>La Alcaldesa Susana Aguilera Vega visit\u00f3 a m\u00e1s de 10 familias en una primera entrega. A mediados de enero de 2021 se completar\u00e1 el apoyo para 22 pacientes.<\/em><\/p>\n\n\n\n<p>M\u00faltiples han sido las ayudas sociales que ha entregado el Municipio de Vilc\u00fan en tiempos de pandemia por Covid-19. Entre ellas destacan las m\u00e1s de 14 mil cajas de alimento financiadas con recursos municipales, m\u00e1s de 1.300 kits de emergencia agr\u00edcola consistente en 17 variedades de semillas y nylon para construir invernaderos, subvenciones a familias m\u00e1s vulnerables, entre tantos otros, donde hoy se suma un apoyo m\u00e1s en materia de salud.<\/p>\n\n\n\n<p>Se trata de la entrega de catres cl\u00ednicos a pacientes postrados registrados en el departamento de Salud Municipal, que se encuentran en condici\u00f3n de dependencia severa. En esta instancia, fueron otorgados m\u00e1s de 10 catres cl\u00ednicos financiados con recursos municipales a pacientes en las distintas localidades de nuestra comuna.&nbsp;<\/p>\n\n\n\n<p>Sobre esta acci\u00f3n, la Alcaldesa Susana Aguilera Vega dijo que,&nbsp;<em>\u201cestuvimos haciendo una tremenda labor con funcionarios del departamento de Salud municipal, una labor muy importante, porque si hay algo que le mejora la vida a las personas que est\u00e1n postradas es precisamente estos catres cl\u00ednicos, y no solo a las personas en esta situaci\u00f3n, sino que al cuidador tambi\u00e9n\u201d.<\/em><\/p>\n\n\n\n<p>Por otra parte, la primer autoridad comunal enfatiz\u00f3 en que,&nbsp;<em>\u201ctrabajamos pensando que la salud debe ser una responsabilidad comunal, y no tan solo para lo que estamos mandatados como municipio, que es atenci\u00f3n primaria, que ve postas, Cecosf, Cesfam. El hospital tambi\u00e9n debe incorporarse a la labor que realizamos diariamente, y en ese trabajo de coordinaci\u00f3n nos estamos enfocando, para as\u00ed potenciar y mejorar cada d\u00eda m\u00e1s en la atenci\u00f3n de salud de nuestros habitantes. La idea es trabajar siempre unidos\u201d.<\/em><\/p>\n\n\n\n<p>Cabe se\u00f1alar que, los 22 catres cl\u00ednicos que fueron adquiridos por el municipio de Vilc\u00fan y que ser\u00e1n entregados a pacientes de diversas localidades de la comuna, est\u00e1n dotados de protecciones para evitar las ca\u00eddas, adem\u00e1s de ser una cama que permite manejar los tipos de posiciones que le den mayor comodidad al paciente. Asimismo, se dispone de un colch\u00f3n especial anti escaras.<\/p>\n\n\n\n<p>Finalmente, la Alcaldesa Susana Aguilera Vega explic\u00f3 que,\u00a0<em>\u201cen la primera quincena de enero de 2021, se entregar\u00e1n cerca de 14 catres cl\u00ednicos m\u00e1s en comodato a los cuidadores de los beneficiarios y beneficiarias\u201d.<\/em><\/p>\n\n\n\n<figure class=\"wp-block-image size-large is-style-rounded\"><img loading=\"lazy\" decoding=\"async\" width=\"800\" height=\"455\" src=\"https:\/\/temucotelevision.cl\/web\/wp-content\/uploads\/2020\/12\/Catres3.jpg\" alt=\"\" class=\"wp-image-17461\" srcset=\"https:\/\/temucotelevision.cl\/web\/wp-content\/uploads\/2020\/12\/Catres3.jpg 800w, https:\/\/temucotelevision.cl\/web\/wp-content\/uploads\/2020\/12\/Catres3-768x437.jpg 768w\" sizes=\"auto, (max-width: 800px) 100vw, 800px\" \/><\/figure>\n","protected":false},"excerpt":{"rendered":"<div class=\"pvc_clear\"><\/div>\n<p id=\"pvc_stats_17458\" class=\"pvc_stats total_only  \" data-element-id=\"17458\" style=\"\"><i class=\"pvc-stats-icon large\" aria-hidden=\"true\"><svg aria-hidden=\"true\" focusable=\"false\" data-prefix=\"far\" data-icon=\"chart-bar\" role=\"img\" xmlns=\"http:\/\/www.w3.org\/2000\/svg\" viewBox=\"0 0 512 512\" class=\"svg-inline--fa fa-chart-bar fa-w-16 fa-2x\"><path fill=\"currentColor\" d=\"M396.8 352h22.4c6.4 0 12.8-6.4 12.8-12.8V108.8c0-6.4-6.4-12.8-12.8-12.8h-22.4c-6.4 0-12.8 6.4-12.8 12.8v230.4c0 6.4 6.4 12.8 12.8 12.8zm-192 0h22.4c6.4 0 12.8-6.4 12.8-12.8V140.8c0-6.4-6.4-12.8-12.8-12.8h-22.4c-6.4 0-12.8 6.4-12.8 12.8v198.4c0 6.4 6.4 12.8 12.8 12.8zm96 0h22.4c6.4 0 12.8-6.4 12.8-12.8V204.8c0-6.4-6.4-12.8-12.8-12.8h-22.4c-6.4 0-12.8 6.4-12.8 12.8v134.4c0 6.4 6.4 12.8 12.8 12.8zM496 400H48V80c0-8.84-7.16-16-16-16H16C7.16 64 0 71.16 0 80v336c0 17.67 14.33 32 32 32h464c8.84 0 16-7.16 16-16v-16c0-8.84-7.16-16-16-16zm-387.2-48h22.4c6.4 0 12.8-6.4 12.8-12.8v-70.4c0-6.4-6.4-12.8-12.8-12.8h-22.4c-6.4 0-12.8 6.4-12.8 12.8v70.4c0 6.4 6.4 12.8 12.8 12.8z\" class=\"\"><\/path><\/svg><\/i> <img loading=\"lazy\" decoding=\"async\" width=\"16\" height=\"16\" alt=\"Loading\" src=\"https:\/\/temucotelevision.cl\/web\/wp-content\/plugins\/page-views-count\/ajax-loader-2x.gif\" border=0 \/><\/p>\n<div class=\"pvc_clear\"><\/div>\n<p>La Alcaldesa Susana Aguilera Vega visit\u00f3 a m\u00e1s de 10 familias en una primera entrega. A mediados de enero de<\/p>\n","protected":false},"author":1,"featured_media":17459,"comment_status":"open","ping_status":"open","sticky":false,"template":"","format":"standard","meta":{"colormag_page_container_layout":"default_layout","colormag_page_sidebar_layout":"default_layout","footnotes":""},"categories":[15],"tags":[1070],"class_list":["post-17458","post","type-post","status-publish","format-standard","has-post-thumbnail","hentry","category-la-araucania","tag-pacientes"],"a3_pvc":{"activated":true,"total_views":43,"today_views":0},"_links":{"self":[{"href":"https:\/\/temucotelevision.cl\/web\/wp-json\/wp\/v2\/posts\/17458","targetHints":{"allow":["GET"]}}],"collection":[{"href":"https:\/\/temucotelevision.cl\/web\/wp-json\/wp\/v2\/posts"}],"about":[{"href":"https:\/\/temucotelevision.cl\/web\/wp-json\/wp\/v2\/types\/post"}],"author":[{"embeddable":true,"href":"https:\/\/temucotelevision.cl\/web\/wp-json\/wp\/v2\/users\/1"}],"replies":[{"embeddable":true,"href":"https:\/\/temucotelevision.cl\/web\/wp-json\/wp\/v2\/comments?post=17458"}],"version-history":[{"count":2,"href":"https:\/\/temucotelevision.cl\/web\/wp-json\/wp\/v2\/posts\/17458\/revisions"}],"predecessor-version":[{"id":17462,"href":"https:\/\/temucotelevision.cl\/web\/wp-json\/wp\/v2\/posts\/17458\/revisions\/17462"}],"wp:featuredmedia":[{"embeddable":true,"href":"https:\/\/temucotelevision.cl\/web\/wp-json\/wp\/v2\/media\/17459"}],"wp:attachment":[{"href":"https:\/\/temucotelevision.cl\/web\/wp-json\/wp\/v2\/media?parent=17458"}],"wp:term":[{"taxonomy":"category","embeddable":true,"href":"https:\/\/temucotelevision.cl\/web\/wp-json\/wp\/v2\/categories?post=17458"},{"taxonomy":"post_tag","embeddable":true,"href":"https:\/\/temucotelevision.cl\/web\/wp-json\/wp\/v2\/tags?post=17458"}],"curies":[{"name":"wp","href":"https:\/\/api.w.org\/{rel}","templated":true}]}}