{"id":17443,"date":"2020-12-21T13:49:43","date_gmt":"2020-12-21T16:49:43","guid":{"rendered":"https:\/\/temucotelevision.cl\/web\/?p=17443"},"modified":"2020-12-21T13:50:07","modified_gmt":"2020-12-21T16:50:07","slug":"seremi-de-gobierno-llama-de-forma-urgente-a-respetar-medidas-sanitarias-por-fiestas-de-fin-de-ano","status":"publish","type":"post","link":"https:\/\/temucotelevision.cl\/web\/2020\/12\/21\/seremi-de-gobierno-llama-de-forma-urgente-a-respetar-medidas-sanitarias-por-fiestas-de-fin-de-ano\/","title":{"rendered":"Seremi de Gobierno llama de forma urgente a respetar medidas sanitarias por fiestas de fin de a\u00f1o"},"content":{"rendered":"<div class=\"pvc_clear\"><\/div><p id=\"pvc_stats_17443\" class=\"pvc_stats total_only  \" data-element-id=\"17443\" style=\"\"><i class=\"pvc-stats-icon large\" aria-hidden=\"true\"><svg aria-hidden=\"true\" focusable=\"false\" data-prefix=\"far\" data-icon=\"chart-bar\" role=\"img\" xmlns=\"http:\/\/www.w3.org\/2000\/svg\" viewBox=\"0 0 512 512\" class=\"svg-inline--fa fa-chart-bar fa-w-16 fa-2x\"><path fill=\"currentColor\" d=\"M396.8 352h22.4c6.4 0 12.8-6.4 12.8-12.8V108.8c0-6.4-6.4-12.8-12.8-12.8h-22.4c-6.4 0-12.8 6.4-12.8 12.8v230.4c0 6.4 6.4 12.8 12.8 12.8zm-192 0h22.4c6.4 0 12.8-6.4 12.8-12.8V140.8c0-6.4-6.4-12.8-12.8-12.8h-22.4c-6.4 0-12.8 6.4-12.8 12.8v198.4c0 6.4 6.4 12.8 12.8 12.8zm96 0h22.4c6.4 0 12.8-6.4 12.8-12.8V204.8c0-6.4-6.4-12.8-12.8-12.8h-22.4c-6.4 0-12.8 6.4-12.8 12.8v134.4c0 6.4 6.4 12.8 12.8 12.8zM496 400H48V80c0-8.84-7.16-16-16-16H16C7.16 64 0 71.16 0 80v336c0 17.67 14.33 32 32 32h464c8.84 0 16-7.16 16-16v-16c0-8.84-7.16-16-16-16zm-387.2-48h22.4c6.4 0 12.8-6.4 12.8-12.8v-70.4c0-6.4-6.4-12.8-12.8-12.8h-22.4c-6.4 0-12.8 6.4-12.8 12.8v70.4c0 6.4 6.4 12.8 12.8 12.8z\" class=\"\"><\/path><\/svg><\/i> <img loading=\"lazy\" decoding=\"async\" width=\"16\" height=\"16\" alt=\"Loading\" src=\"https:\/\/temucotelevision.cl\/web\/wp-content\/plugins\/page-views-count\/ajax-loader-2x.gif\" border=0 \/><\/p><div class=\"pvc_clear\"><\/div>\n<p>Preocupaci\u00f3n mostr\u00f3 la seremi de Gobierno, P\u00eda Bersezio ante el masivo desplazamiento peatonal y vehicular que durante este lunes se registr\u00f3 en las principales calles de Temuco y Padre Las Casas, previo a las fiestas de fin de a\u00f1o, esto luego que ambas comunas avanzaran a la etapa 2 de transici\u00f3n en el Plan Paso a Paso. La autoridad llam\u00f3 a la ciudadan\u00eda a velar por el autocuidado y evitar contagios por Covid-19.<\/p>\n\n\n\n<p>\u201cPor favor como gobierno llamamos a la m\u00e1xima responsabilidad, ya que durante las primeras horas de esta jornada vimos una cantidad enorme de gente por las calles c\u00e9ntricas de Temuco y Padre Las Casas, y donde no se est\u00e1n respetando las medidas sanitarias, existe cero distanciamiento social y eso solo nos traer\u00e1 consecuencias negativas. Por eso reiteramos a la gente a cuidarse, salir solo si es estrictamente necesario, no expongamos a nuestros ni\u00f1os, ni adultos mayores, cuidemos a nuestras familias porque de esta manera evitaremos lamentar m\u00e1s contagios, incluso fallecimientos, as\u00ed tambi\u00e9n de retroceder a un nuevo confinamiento\u201d, asegur\u00f3 la vocera de Gobierno, P\u00eda Bersezio.<\/p>\n\n\n\n<p>La autoridad agreg\u00f3 adem\u00e1s que \u201ces necesario tomar conciencia de lo que estamos viviendo como regi\u00f3n y pa\u00eds, el virus sigue latente y no discrimina. Por eso es tan importante el autocuidado, el uso de mascarillas, la cual debe cubrir boca y nariz y no a medias, alcohol gel, o lavado de manos constante y por supuesto el distanciamiento a m\u00e1s de un metro de otras personas\u201d.<\/p>\n\n\n\n<p>Cabe destacar que si bien en La Araucan\u00eda Temuco y Padre Las Casas lograron avanzar a fase 2 del Plan Paso a Paso, la regi\u00f3n sigue con altos casos activos por covid-19, superando la cifra de m\u00e1s de mil personas.<\/p>\n","protected":false},"excerpt":{"rendered":"<div class=\"pvc_clear\"><\/div>\n<p id=\"pvc_stats_17443\" class=\"pvc_stats total_only  \" data-element-id=\"17443\" style=\"\"><i class=\"pvc-stats-icon large\" aria-hidden=\"true\"><svg aria-hidden=\"true\" focusable=\"false\" data-prefix=\"far\" data-icon=\"chart-bar\" role=\"img\" xmlns=\"http:\/\/www.w3.org\/2000\/svg\" viewBox=\"0 0 512 512\" class=\"svg-inline--fa fa-chart-bar fa-w-16 fa-2x\"><path fill=\"currentColor\" d=\"M396.8 352h22.4c6.4 0 12.8-6.4 12.8-12.8V108.8c0-6.4-6.4-12.8-12.8-12.8h-22.4c-6.4 0-12.8 6.4-12.8 12.8v230.4c0 6.4 6.4 12.8 12.8 12.8zm-192 0h22.4c6.4 0 12.8-6.4 12.8-12.8V140.8c0-6.4-6.4-12.8-12.8-12.8h-22.4c-6.4 0-12.8 6.4-12.8 12.8v198.4c0 6.4 6.4 12.8 12.8 12.8zm96 0h22.4c6.4 0 12.8-6.4 12.8-12.8V204.8c0-6.4-6.4-12.8-12.8-12.8h-22.4c-6.4 0-12.8 6.4-12.8 12.8v134.4c0 6.4 6.4 12.8 12.8 12.8zM496 400H48V80c0-8.84-7.16-16-16-16H16C7.16 64 0 71.16 0 80v336c0 17.67 14.33 32 32 32h464c8.84 0 16-7.16 16-16v-16c0-8.84-7.16-16-16-16zm-387.2-48h22.4c6.4 0 12.8-6.4 12.8-12.8v-70.4c0-6.4-6.4-12.8-12.8-12.8h-22.4c-6.4 0-12.8 6.4-12.8 12.8v70.4c0 6.4 6.4 12.8 12.8 12.8z\" class=\"\"><\/path><\/svg><\/i> <img loading=\"lazy\" decoding=\"async\" width=\"16\" height=\"16\" alt=\"Loading\" src=\"https:\/\/temucotelevision.cl\/web\/wp-content\/plugins\/page-views-count\/ajax-loader-2x.gif\" border=0 \/><\/p>\n<div class=\"pvc_clear\"><\/div>\n<p>Preocupaci\u00f3n mostr\u00f3 la seremi de Gobierno, P\u00eda Bersezio ante el masivo desplazamiento peatonal y vehicular que durante este lunes se<\/p>\n","protected":false},"author":1,"featured_media":17442,"comment_status":"open","ping_status":"open","sticky":false,"template":"","format":"standard","meta":{"colormag_page_container_layout":"default_layout","colormag_page_sidebar_layout":"default_layout","footnotes":""},"categories":[15],"tags":[2815,252,1434,620],"class_list":["post-17443","post","type-post","status-publish","format-standard","has-post-thumbnail","hentry","category-la-araucania","tag-autocuidado","tag-centro","tag-fiestas","tag-medidas"],"a3_pvc":{"activated":true,"total_views":17,"today_views":0},"_links":{"self":[{"href":"https:\/\/temucotelevision.cl\/web\/wp-json\/wp\/v2\/posts\/17443","targetHints":{"allow":["GET"]}}],"collection":[{"href":"https:\/\/temucotelevision.cl\/web\/wp-json\/wp\/v2\/posts"}],"about":[{"href":"https:\/\/temucotelevision.cl\/web\/wp-json\/wp\/v2\/types\/post"}],"author":[{"embeddable":true,"href":"https:\/\/temucotelevision.cl\/web\/wp-json\/wp\/v2\/users\/1"}],"replies":[{"embeddable":true,"href":"https:\/\/temucotelevision.cl\/web\/wp-json\/wp\/v2\/comments?post=17443"}],"version-history":[{"count":1,"href":"https:\/\/temucotelevision.cl\/web\/wp-json\/wp\/v2\/posts\/17443\/revisions"}],"predecessor-version":[{"id":17444,"href":"https:\/\/temucotelevision.cl\/web\/wp-json\/wp\/v2\/posts\/17443\/revisions\/17444"}],"wp:featuredmedia":[{"embeddable":true,"href":"https:\/\/temucotelevision.cl\/web\/wp-json\/wp\/v2\/media\/17442"}],"wp:attachment":[{"href":"https:\/\/temucotelevision.cl\/web\/wp-json\/wp\/v2\/media?parent=17443"}],"wp:term":[{"taxonomy":"category","embeddable":true,"href":"https:\/\/temucotelevision.cl\/web\/wp-json\/wp\/v2\/categories?post=17443"},{"taxonomy":"post_tag","embeddable":true,"href":"https:\/\/temucotelevision.cl\/web\/wp-json\/wp\/v2\/tags?post=17443"}],"curies":[{"name":"wp","href":"https:\/\/api.w.org\/{rel}","templated":true}]}}