{"id":1744,"date":"2019-02-24T13:40:15","date_gmt":"2019-02-24T16:40:15","guid":{"rendered":"https:\/\/temucotelevision.cl\/web\/?p=1744"},"modified":"2019-02-24T13:48:46","modified_gmt":"2019-02-24T16:48:46","slug":"temuco-comuneros-de-temucuicui-convocan-una-gran-movilizacion-para-el-20-de-marzo","status":"publish","type":"post","link":"https:\/\/temucotelevision.cl\/web\/2019\/02\/24\/temuco-comuneros-de-temucuicui-convocan-una-gran-movilizacion-para-el-20-de-marzo\/","title":{"rendered":"Temuco: Comuneros de Temucuicui convocan una gran movilizaci\u00f3n para el 20 de marzo"},"content":{"rendered":"<div class=\"pvc_clear\"><\/div>\n<p id=\"pvc_stats_1744\" class=\"pvc_stats total_only  \" data-element-id=\"1744\" style=\"\"><i class=\"pvc-stats-icon large\" aria-hidden=\"true\"><svg aria-hidden=\"true\" focusable=\"false\" data-prefix=\"far\" data-icon=\"chart-bar\" role=\"img\" xmlns=\"http:\/\/www.w3.org\/2000\/svg\" viewBox=\"0 0 512 512\" class=\"svg-inline--fa fa-chart-bar fa-w-16 fa-2x\"><path fill=\"currentColor\" d=\"M396.8 352h22.4c6.4 0 12.8-6.4 12.8-12.8V108.8c0-6.4-6.4-12.8-12.8-12.8h-22.4c-6.4 0-12.8 6.4-12.8 12.8v230.4c0 6.4 6.4 12.8 12.8 12.8zm-192 0h22.4c6.4 0 12.8-6.4 12.8-12.8V140.8c0-6.4-6.4-12.8-12.8-12.8h-22.4c-6.4 0-12.8 6.4-12.8 12.8v198.4c0 6.4 6.4 12.8 12.8 12.8zm96 0h22.4c6.4 0 12.8-6.4 12.8-12.8V204.8c0-6.4-6.4-12.8-12.8-12.8h-22.4c-6.4 0-12.8 6.4-12.8 12.8v134.4c0 6.4 6.4 12.8 12.8 12.8zM496 400H48V80c0-8.84-7.16-16-16-16H16C7.16 64 0 71.16 0 80v336c0 17.67 14.33 32 32 32h464c8.84 0 16-7.16 16-16v-16c0-8.84-7.16-16-16-16zm-387.2-48h22.4c6.4 0 12.8-6.4 12.8-12.8v-70.4c0-6.4-6.4-12.8-12.8-12.8h-22.4c-6.4 0-12.8 6.4-12.8 12.8v70.4c0 6.4 6.4 12.8 12.8 12.8z\" class=\"\"><\/path><\/svg><\/i> <img loading=\"lazy\" decoding=\"async\" width=\"16\" height=\"16\" alt=\"Loading\" src=\"https:\/\/temucotelevision.cl\/web\/wp-content\/plugins\/page-views-count\/ajax-loader-2x.gif\" border=0 \/><\/p>\n<div class=\"pvc_clear\"><\/div>\n<p>A trav\u00e9s de un video enviado a nuestro medio, l\u00edderes de la comunidad de Temucuicui convocan a una gran movilizaci\u00f3n para el pr\u00f3ximo 20 de marzo en Temuco.<\/p>\n<p>EN esta movilizaci\u00f3n, uno de los objetivos es rechazar la militarizaci\u00f3n de la zona, afirmar el derecho a la restituci\u00f3n de las tierras, que aseguran fueron usurpadas, y el derecho a la libre determinaci\u00f3n.<\/p>\n<p>En el video el padre de Camilo Catrillanca indica que esta ser\u00e1 el inicio de diversas movilizaciones que se realizaron en La Araucan\u00eda.<\/p>\n<div id=\"fb-root\"><\/div>\n<p><script async=\"1\" defer=\"1\" src=\"https:\/\/connect.facebook.net\/de_DE\/sdk.js#xfbml=1&amp;version=v3.2\"><\/script><\/p>\n<div class=\"fb-video\" data-href=\"https:\/\/www.facebook.com\/TemucoTelevision\/videos\/354629805384247\/?t=0\" data-width=\"800\">\n<blockquote cite=\"https:\/\/www.facebook.com\/TemucoTelevision\/videos\/354629805384247\/\" class=\"fb-xfbml-parse-ignore\"><p><a href=\"https:\/\/www.facebook.com\/TemucoTelevision\/videos\/354629805384247\/\"><\/a><\/p>\n<p>#Temuco: Comuneros de Temucuicui convocan a una gran movilizaci\u00f3n para el 20 de marzo https:\/\/temucotelevision.cl\/web\/2019\/02\/24\/temuco-comuneros-de-temucuicui-convocan-una-gran-movilizacion-para-el-20-de-marzo\/<\/p>\n<p>Gepostet von <a href=\"https:\/\/www.facebook.com\/TemucoTelevision\/\">Temuco Televisi\u00f3n<\/a> am Sonntag, 24. Februar 2019<\/p><\/blockquote>\n<\/div>\n","protected":false},"excerpt":{"rendered":"<div class=\"pvc_clear\"><\/div>\n<p id=\"pvc_stats_1744\" class=\"pvc_stats total_only  \" data-element-id=\"1744\" style=\"\"><i class=\"pvc-stats-icon large\" aria-hidden=\"true\"><svg aria-hidden=\"true\" focusable=\"false\" data-prefix=\"far\" data-icon=\"chart-bar\" role=\"img\" xmlns=\"http:\/\/www.w3.org\/2000\/svg\" viewBox=\"0 0 512 512\" class=\"svg-inline--fa fa-chart-bar fa-w-16 fa-2x\"><path fill=\"currentColor\" d=\"M396.8 352h22.4c6.4 0 12.8-6.4 12.8-12.8V108.8c0-6.4-6.4-12.8-12.8-12.8h-22.4c-6.4 0-12.8 6.4-12.8 12.8v230.4c0 6.4 6.4 12.8 12.8 12.8zm-192 0h22.4c6.4 0 12.8-6.4 12.8-12.8V140.8c0-6.4-6.4-12.8-12.8-12.8h-22.4c-6.4 0-12.8 6.4-12.8 12.8v198.4c0 6.4 6.4 12.8 12.8 12.8zm96 0h22.4c6.4 0 12.8-6.4 12.8-12.8V204.8c0-6.4-6.4-12.8-12.8-12.8h-22.4c-6.4 0-12.8 6.4-12.8 12.8v134.4c0 6.4 6.4 12.8 12.8 12.8zM496 400H48V80c0-8.84-7.16-16-16-16H16C7.16 64 0 71.16 0 80v336c0 17.67 14.33 32 32 32h464c8.84 0 16-7.16 16-16v-16c0-8.84-7.16-16-16-16zm-387.2-48h22.4c6.4 0 12.8-6.4 12.8-12.8v-70.4c0-6.4-6.4-12.8-12.8-12.8h-22.4c-6.4 0-12.8 6.4-12.8 12.8v70.4c0 6.4 6.4 12.8 12.8 12.8z\" class=\"\"><\/path><\/svg><\/i> <img loading=\"lazy\" decoding=\"async\" width=\"16\" height=\"16\" alt=\"Loading\" src=\"https:\/\/temucotelevision.cl\/web\/wp-content\/plugins\/page-views-count\/ajax-loader-2x.gif\" border=0 \/><\/p>\n<div class=\"pvc_clear\"><\/div>\n<p>A trav\u00e9s de un video enviado a nuestro medio, l\u00edderes de la comunidad de Temucuicui convocan a una gran movilizaci\u00f3n<\/p>\n","protected":false},"author":1,"featured_media":1745,"comment_status":"open","ping_status":"open","sticky":false,"template":"","format":"standard","meta":{"colormag_page_container_layout":"default_layout","colormag_page_sidebar_layout":"default_layout","footnotes":""},"categories":[14],"tags":[572,216,645,646,647,648],"class_list":["post-1744","post","type-post","status-publish","format-standard","has-post-thumbnail","hentry","category-temuco","tag-catrillanca","tag-mapuche","tag-marcha","tag-movilizacion","tag-padre","tag-temucuicui"],"a3_pvc":{"activated":true,"total_views":18,"today_views":0},"_links":{"self":[{"href":"https:\/\/temucotelevision.cl\/web\/wp-json\/wp\/v2\/posts\/1744","targetHints":{"allow":["GET"]}}],"collection":[{"href":"https:\/\/temucotelevision.cl\/web\/wp-json\/wp\/v2\/posts"}],"about":[{"href":"https:\/\/temucotelevision.cl\/web\/wp-json\/wp\/v2\/types\/post"}],"author":[{"embeddable":true,"href":"https:\/\/temucotelevision.cl\/web\/wp-json\/wp\/v2\/users\/1"}],"replies":[{"embeddable":true,"href":"https:\/\/temucotelevision.cl\/web\/wp-json\/wp\/v2\/comments?post=1744"}],"version-history":[{"count":2,"href":"https:\/\/temucotelevision.cl\/web\/wp-json\/wp\/v2\/posts\/1744\/revisions"}],"predecessor-version":[{"id":1747,"href":"https:\/\/temucotelevision.cl\/web\/wp-json\/wp\/v2\/posts\/1744\/revisions\/1747"}],"wp:featuredmedia":[{"embeddable":true,"href":"https:\/\/temucotelevision.cl\/web\/wp-json\/wp\/v2\/media\/1745"}],"wp:attachment":[{"href":"https:\/\/temucotelevision.cl\/web\/wp-json\/wp\/v2\/media?parent=1744"}],"wp:term":[{"taxonomy":"category","embeddable":true,"href":"https:\/\/temucotelevision.cl\/web\/wp-json\/wp\/v2\/categories?post=1744"},{"taxonomy":"post_tag","embeddable":true,"href":"https:\/\/temucotelevision.cl\/web\/wp-json\/wp\/v2\/tags?post=1744"}],"curies":[{"name":"wp","href":"https:\/\/api.w.org\/{rel}","templated":true}]}}