{"id":17436,"date":"2020-12-21T10:24:41","date_gmt":"2020-12-21T13:24:41","guid":{"rendered":"https:\/\/temucotelevision.cl\/web\/?p=17436"},"modified":"2020-12-21T10:24:44","modified_gmt":"2020-12-21T13:24:44","slug":"gran-conjuncion-de-jupiter-y-saturno-sera-visible-en-la-araucania","status":"publish","type":"post","link":"https:\/\/temucotelevision.cl\/web\/2020\/12\/21\/gran-conjuncion-de-jupiter-y-saturno-sera-visible-en-la-araucania\/","title":{"rendered":"Gran conjunci\u00f3n de J\u00fapiter y Saturno ser\u00e1 visible en La Araucan\u00eda"},"content":{"rendered":"<div class=\"pvc_clear\"><\/div><p id=\"pvc_stats_17436\" class=\"pvc_stats total_only  \" data-element-id=\"17436\" style=\"\"><i class=\"pvc-stats-icon large\" aria-hidden=\"true\"><svg aria-hidden=\"true\" focusable=\"false\" data-prefix=\"far\" data-icon=\"chart-bar\" role=\"img\" xmlns=\"http:\/\/www.w3.org\/2000\/svg\" viewBox=\"0 0 512 512\" class=\"svg-inline--fa fa-chart-bar fa-w-16 fa-2x\"><path fill=\"currentColor\" d=\"M396.8 352h22.4c6.4 0 12.8-6.4 12.8-12.8V108.8c0-6.4-6.4-12.8-12.8-12.8h-22.4c-6.4 0-12.8 6.4-12.8 12.8v230.4c0 6.4 6.4 12.8 12.8 12.8zm-192 0h22.4c6.4 0 12.8-6.4 12.8-12.8V140.8c0-6.4-6.4-12.8-12.8-12.8h-22.4c-6.4 0-12.8 6.4-12.8 12.8v198.4c0 6.4 6.4 12.8 12.8 12.8zm96 0h22.4c6.4 0 12.8-6.4 12.8-12.8V204.8c0-6.4-6.4-12.8-12.8-12.8h-22.4c-6.4 0-12.8 6.4-12.8 12.8v134.4c0 6.4 6.4 12.8 12.8 12.8zM496 400H48V80c0-8.84-7.16-16-16-16H16C7.16 64 0 71.16 0 80v336c0 17.67 14.33 32 32 32h464c8.84 0 16-7.16 16-16v-16c0-8.84-7.16-16-16-16zm-387.2-48h22.4c6.4 0 12.8-6.4 12.8-12.8v-70.4c0-6.4-6.4-12.8-12.8-12.8h-22.4c-6.4 0-12.8 6.4-12.8 12.8v70.4c0 6.4 6.4 12.8 12.8 12.8z\" class=\"\"><\/path><\/svg><\/i> <img loading=\"lazy\" decoding=\"async\" width=\"16\" height=\"16\" alt=\"Loading\" src=\"https:\/\/temucotelevision.cl\/web\/wp-content\/plugins\/page-views-count\/ajax-loader-2x.gif\" border=0 \/><\/p><div class=\"pvc_clear\"><\/div>\n<p><em>Hoy lunes, despu\u00e9s de que el sol se esconda, el cielo ofrecer\u00e1 un nuevo espect\u00e1culo astron\u00f3mico, en el que estos dos planetas se volver\u00e1n a encontrar con la Luna como testigo. \u201cLa principal recomendaci\u00f3n es asomarse al horizonte y disfrutar de este lindo momento\u201d, dice la doctora en Ciencias F\u00edsicas y acad\u00e9mica de la Universidad Mayor, Fabiola Ar\u00e9valo.&nbsp;&nbsp;&nbsp;&nbsp;&nbsp;&nbsp;<\/em><\/p>\n\n\n\n<p>Hoy lunes 21 de diciembre, cuando caiga la noche, el cielo ofrecer\u00e1 uno de los espect\u00e1culos astron\u00f3micos m\u00e1s esperados de 2020. Se trata de la gran conjunci\u00f3n de J\u00fapiter y Saturno, planetas que por un breve momento parecer\u00e1n brillar al un\u00edsono, salud\u00e1ndose en v\u00edsperas de la Navidad, con la Luna como testigo.<\/p>\n\n\n\n<p>Si bien estos dos planetas se encuentran cada 20 a\u00f1os, esta alineaci\u00f3n resulta especialmente llamativa, porque han pasado cuatro siglos desde que estuvieron tan cerca el uno del otro, y 800 a\u00f1os desde que esa proximidad ocurri\u00f3 de noche, lo que permitir\u00e1 que sea visible desde casi todas partes del mundo, incluyendo a La Araucan\u00eda.<\/p>\n\n\n\n<p>\u201cUna conjunci\u00f3n es una superposici\u00f3n aparente de objetos celestes, ya que vistos desde la Tierra parecen juntarse o estar a muy pocos grados de separaci\u00f3n en el cielo\u201d, explica la doctora en Ciencias F\u00edsicas y acad\u00e9mica de la Universidad Mayor sede Temuco, Fabiola Ar\u00e9valo.<\/p>\n\n\n\n<p>\u201cEs una cosa de perspectiva, pues ambos est\u00e1n orbitando el Sol a distancias de cientos de millones de kil\u00f3metros entre s\u00ed, pero justo en este instante, y por lo lejos que est\u00e1n de la Tierra, podremos taparlos con un dedo al estirar nuestro brazo\u201d, agrega la investigadora.<\/p>\n\n\n\n<p><strong>Despu\u00e9s del atardecer<\/strong><\/p>\n\n\n\n<p>Un evento de estas caracter\u00edsticas no ocurr\u00eda desde la Edad Media, es por eso que la Dra. Ar\u00e9valo llama a prepararse con anticipaci\u00f3n. \u201cHay que mirar hacia el suroeste poco despu\u00e9s del atardecer, pero no mucho despu\u00e9s, ya que una hora m\u00e1s tarde los planetas se ocultan bajo la l\u00ednea del horizonte\u201d, precisa.&nbsp;<\/p>\n\n\n\n<p>La gran conjunci\u00f3n se podr\u00e1 observar sin instrumentos especiales, pero \u201csi tienen binoculares o telescopios se puede apreciar a\u00fan mejor y tal vez hasta observar las cuatro lunas m\u00e1s grandes de J\u00fapiter\u201d, dice la experta.&nbsp;<\/p>\n\n\n\n<p>Quienes quieran lograr buenas fotograf\u00edas de este espect\u00e1culo natural, deben contar con un tr\u00edpode y tener la c\u00e1mara en un ISO bajo. Aunque, \u201cla principal recomendaci\u00f3n es asomarse al horizonte y disfrutar de este lindo momento\u201d, concluye la acad\u00e9mica U. Mayor.<\/p>\n","protected":false},"excerpt":{"rendered":"<div class=\"pvc_clear\"><\/div>\n<p id=\"pvc_stats_17436\" class=\"pvc_stats total_only  \" data-element-id=\"17436\" style=\"\"><i class=\"pvc-stats-icon large\" aria-hidden=\"true\"><svg aria-hidden=\"true\" focusable=\"false\" data-prefix=\"far\" data-icon=\"chart-bar\" role=\"img\" xmlns=\"http:\/\/www.w3.org\/2000\/svg\" viewBox=\"0 0 512 512\" class=\"svg-inline--fa fa-chart-bar fa-w-16 fa-2x\"><path fill=\"currentColor\" d=\"M396.8 352h22.4c6.4 0 12.8-6.4 12.8-12.8V108.8c0-6.4-6.4-12.8-12.8-12.8h-22.4c-6.4 0-12.8 6.4-12.8 12.8v230.4c0 6.4 6.4 12.8 12.8 12.8zm-192 0h22.4c6.4 0 12.8-6.4 12.8-12.8V140.8c0-6.4-6.4-12.8-12.8-12.8h-22.4c-6.4 0-12.8 6.4-12.8 12.8v198.4c0 6.4 6.4 12.8 12.8 12.8zm96 0h22.4c6.4 0 12.8-6.4 12.8-12.8V204.8c0-6.4-6.4-12.8-12.8-12.8h-22.4c-6.4 0-12.8 6.4-12.8 12.8v134.4c0 6.4 6.4 12.8 12.8 12.8zM496 400H48V80c0-8.84-7.16-16-16-16H16C7.16 64 0 71.16 0 80v336c0 17.67 14.33 32 32 32h464c8.84 0 16-7.16 16-16v-16c0-8.84-7.16-16-16-16zm-387.2-48h22.4c6.4 0 12.8-6.4 12.8-12.8v-70.4c0-6.4-6.4-12.8-12.8-12.8h-22.4c-6.4 0-12.8 6.4-12.8 12.8v70.4c0 6.4 6.4 12.8 12.8 12.8z\" class=\"\"><\/path><\/svg><\/i> <img loading=\"lazy\" decoding=\"async\" width=\"16\" height=\"16\" alt=\"Loading\" src=\"https:\/\/temucotelevision.cl\/web\/wp-content\/plugins\/page-views-count\/ajax-loader-2x.gif\" border=0 \/><\/p>\n<div class=\"pvc_clear\"><\/div>\n<p>Hoy lunes, despu\u00e9s de que el sol se esconda, el cielo ofrecer\u00e1 un nuevo espect\u00e1culo astron\u00f3mico, en el que estos<\/p>\n","protected":false},"author":1,"featured_media":17437,"comment_status":"open","ping_status":"open","sticky":false,"template":"","format":"standard","meta":{"colormag_page_container_layout":"default_layout","colormag_page_sidebar_layout":"default_layout","footnotes":""},"categories":[15],"tags":[3352,3354],"class_list":["post-17436","post","type-post","status-publish","format-standard","has-post-thumbnail","hentry","category-la-araucania","tag-planetas","tag-saturno"],"a3_pvc":{"activated":true,"total_views":83,"today_views":0},"_links":{"self":[{"href":"https:\/\/temucotelevision.cl\/web\/wp-json\/wp\/v2\/posts\/17436","targetHints":{"allow":["GET"]}}],"collection":[{"href":"https:\/\/temucotelevision.cl\/web\/wp-json\/wp\/v2\/posts"}],"about":[{"href":"https:\/\/temucotelevision.cl\/web\/wp-json\/wp\/v2\/types\/post"}],"author":[{"embeddable":true,"href":"https:\/\/temucotelevision.cl\/web\/wp-json\/wp\/v2\/users\/1"}],"replies":[{"embeddable":true,"href":"https:\/\/temucotelevision.cl\/web\/wp-json\/wp\/v2\/comments?post=17436"}],"version-history":[{"count":1,"href":"https:\/\/temucotelevision.cl\/web\/wp-json\/wp\/v2\/posts\/17436\/revisions"}],"predecessor-version":[{"id":17438,"href":"https:\/\/temucotelevision.cl\/web\/wp-json\/wp\/v2\/posts\/17436\/revisions\/17438"}],"wp:featuredmedia":[{"embeddable":true,"href":"https:\/\/temucotelevision.cl\/web\/wp-json\/wp\/v2\/media\/17437"}],"wp:attachment":[{"href":"https:\/\/temucotelevision.cl\/web\/wp-json\/wp\/v2\/media?parent=17436"}],"wp:term":[{"taxonomy":"category","embeddable":true,"href":"https:\/\/temucotelevision.cl\/web\/wp-json\/wp\/v2\/categories?post=17436"},{"taxonomy":"post_tag","embeddable":true,"href":"https:\/\/temucotelevision.cl\/web\/wp-json\/wp\/v2\/tags?post=17436"}],"curies":[{"name":"wp","href":"https:\/\/api.w.org\/{rel}","templated":true}]}}