{"id":17433,"date":"2020-12-21T09:58:37","date_gmt":"2020-12-21T12:58:37","guid":{"rendered":"https:\/\/temucotelevision.cl\/web\/?p=17433"},"modified":"2020-12-21T09:58:39","modified_gmt":"2020-12-21T12:58:39","slug":"temuco-juzgado-de-garantia-decreta-prision-preventiva-de-imputados-por-trafico-ilicito-de-estupefacientes","status":"publish","type":"post","link":"https:\/\/temucotelevision.cl\/web\/2020\/12\/21\/temuco-juzgado-de-garantia-decreta-prision-preventiva-de-imputados-por-trafico-ilicito-de-estupefacientes\/","title":{"rendered":"Temuco: Juzgado de Garant\u00eda decreta prisi\u00f3n preventiva de imputados por tr\u00e1fico il\u00edcito de estupefacientes"},"content":{"rendered":"<div class=\"pvc_clear\"><\/div><p id=\"pvc_stats_17433\" class=\"pvc_stats total_only  \" data-element-id=\"17433\" style=\"\"><i class=\"pvc-stats-icon large\" aria-hidden=\"true\"><svg aria-hidden=\"true\" focusable=\"false\" data-prefix=\"far\" data-icon=\"chart-bar\" role=\"img\" xmlns=\"http:\/\/www.w3.org\/2000\/svg\" viewBox=\"0 0 512 512\" class=\"svg-inline--fa fa-chart-bar fa-w-16 fa-2x\"><path fill=\"currentColor\" d=\"M396.8 352h22.4c6.4 0 12.8-6.4 12.8-12.8V108.8c0-6.4-6.4-12.8-12.8-12.8h-22.4c-6.4 0-12.8 6.4-12.8 12.8v230.4c0 6.4 6.4 12.8 12.8 12.8zm-192 0h22.4c6.4 0 12.8-6.4 12.8-12.8V140.8c0-6.4-6.4-12.8-12.8-12.8h-22.4c-6.4 0-12.8 6.4-12.8 12.8v198.4c0 6.4 6.4 12.8 12.8 12.8zm96 0h22.4c6.4 0 12.8-6.4 12.8-12.8V204.8c0-6.4-6.4-12.8-12.8-12.8h-22.4c-6.4 0-12.8 6.4-12.8 12.8v134.4c0 6.4 6.4 12.8 12.8 12.8zM496 400H48V80c0-8.84-7.16-16-16-16H16C7.16 64 0 71.16 0 80v336c0 17.67 14.33 32 32 32h464c8.84 0 16-7.16 16-16v-16c0-8.84-7.16-16-16-16zm-387.2-48h22.4c6.4 0 12.8-6.4 12.8-12.8v-70.4c0-6.4-6.4-12.8-12.8-12.8h-22.4c-6.4 0-12.8 6.4-12.8 12.8v70.4c0 6.4 6.4 12.8 12.8 12.8z\" class=\"\"><\/path><\/svg><\/i> <img loading=\"lazy\" decoding=\"async\" width=\"16\" height=\"16\" alt=\"Loading\" src=\"https:\/\/temucotelevision.cl\/web\/wp-content\/plugins\/page-views-count\/ajax-loader-2x.gif\" border=0 \/><\/p><div class=\"pvc_clear\"><\/div>\n<p>El Juzgado de Garant\u00eda de Temuco dej\u00f3 ayer \u2013domingo 20 de diciembre\u2013 sujetos a la medida cautelar de prisi\u00f3n preventiva a Carlos Glausser D\u00edaz, Italo Erices Pino, Alejandro Yevilao Alarc\u00f3n, Sebasti\u00e1n Sep\u00falveda Rivera, Felipe Cinto V\u00e1squez, Osvaldo Sep\u00falveda Vargas, Rodrigo Far\u00edas Parra y V\u00edctor Zambrano Suazo, imputados por el Ministerio P\u00fablico como autores de los delitos consumados de tr\u00e1fico il\u00edcito de estupefacientes; siembra y cultivo de plantas del g\u00e9nero cannabis y agrupaci\u00f3n de delincuentes para el tr\u00e1fico il\u00edcito de drogas. Hechos presuntamente perpetrados entre abril y diciembre del presente a\u00f1o, en territorio jurisdiccional del tribunal.<\/p>\n\n\n\n<p>La fiscal\u00eda imput\u00f3, adem\u00e1s, a Rodrigo Far\u00edas Parra y a V\u00edctor Zambrano Suazo la autor\u00eda de los delitos consumados de porte ilegal de armas de fuego y porte ilegal de municiones.<\/p>\n\n\n\n<p>En la audiencia de formalizaci\u00f3n de la investigaci\u00f3n, la magistrada Ruth Mart\u00ednez Vel\u00e1squez decret\u00f3 la medida cautelar m\u00e1s gravosa para ocho imputados en la causa, ponderando el actuar en grupo o pandilla, condenas previas \u2013en el caso de Glausser, Yevilao, Erices, Far\u00edas y Sep\u00falveda-, causas abiertas por delitos de la misma especie &#8211; Zambrano y Cinto- concluyendo que la libertad de los imputados constituye un peligro para la seguridad de la sociedad y para el \u00e9xito de la investigaci\u00f3n. Adem\u00e1s, fij\u00f3 en 4 meses el plazo de investigaci\u00f3n.<\/p>\n\n\n\n<p>Adem\u00e1s, en la causa, el tribunal dej\u00f3 sujetos a las medidas cautelares de arraigo nacional y arresto domiciliario parcial nocturno a \u00c1lvaro Emilio Guti\u00e9rrez Rivas y a&nbsp; Lem\u00fan Lic\u00e1n Huilcam\u00e1n Ayenao, imputados por el Ministerio P\u00fablico como autores de los delitos consumados de tr\u00e1fico il\u00edcito de estupefacientes; siembra y cultivo de plantas del g\u00e9nero cannabis y agrupaci\u00f3n de delincuentes para estos fines.<\/p>\n\n\n\n<p>Seg\u00fan el ente persecutor, en abril de 2020, la fiscal\u00eda local y la Brigada antinarc\u00f3ticos y del crimen organizado (Brianco) de la PDI, tomaron conocimiento que los imputados V\u00edctor Zambrano Suazo y Felipe Cinto V\u00e1squez lideraban una agrupaci\u00f3n para comercializar droga, manteniendo plantaciones de cannabis sativa en diversos sectores rurales cercanos a Temuco, Mulch\u00e9n, Collipulli, entre otras localidades.&nbsp;<\/p>\n\n\n\n<p>Para desarrollar tal actividad, Zambrano Suazo y Cinto V\u00e1squez reclutaron a los imputados Carlos Glausser D\u00edaz, Italo Erices Pino, Alejandro Yevilao Alarc\u00f3n, Sebasti\u00e1n Sep\u00falveda Rivera, Osvaldo Sep\u00falveda Vargas, Rodrigo Far\u00edas Parra, \u00c1lvaro Guti\u00e9rrez Rivas y Lem\u00fan Huilcam\u00e1n Ayenao, a quienes asignaron los roles de cuidador de cultivos, transportistas, informantes, encargados de adquisici\u00f3n, venta y traslado de drogas, desde diversos puntos hacia Temuco.&nbsp;<\/p>\n\n\n\n<p>Personal policial, durante los d\u00edas 16, 17 y 18 de diciembre de 2020, en cumplimiento de diversas \u00f3rdenes judiciales de entrada, registro e incautaci\u00f3n, tanto a las viviendas de los imputados y lugares de acopio, as\u00ed como en diversos sectores rurales donde la organizaci\u00f3n liderada por Zambrano y Cinto manten\u00edan plantaciones, y en los veh\u00edculos en que estos se movilizaban en evasi\u00f3n a la polic\u00eda, lograron incautar 4,655 gramos de clorhidrato de coca\u00edna, 61,43 gramos de cannabis sativa granel ya cosechada, 789 plantas de cannabis sativa, 2 rev\u00f3lveres, una pistola, munici\u00f3n&nbsp; y dinero en efectivo, entre otras especies.<\/p>\n","protected":false},"excerpt":{"rendered":"<div class=\"pvc_clear\"><\/div>\n<p id=\"pvc_stats_17433\" class=\"pvc_stats total_only  \" data-element-id=\"17433\" style=\"\"><i class=\"pvc-stats-icon large\" aria-hidden=\"true\"><svg aria-hidden=\"true\" focusable=\"false\" data-prefix=\"far\" data-icon=\"chart-bar\" role=\"img\" xmlns=\"http:\/\/www.w3.org\/2000\/svg\" viewBox=\"0 0 512 512\" class=\"svg-inline--fa fa-chart-bar fa-w-16 fa-2x\"><path fill=\"currentColor\" d=\"M396.8 352h22.4c6.4 0 12.8-6.4 12.8-12.8V108.8c0-6.4-6.4-12.8-12.8-12.8h-22.4c-6.4 0-12.8 6.4-12.8 12.8v230.4c0 6.4 6.4 12.8 12.8 12.8zm-192 0h22.4c6.4 0 12.8-6.4 12.8-12.8V140.8c0-6.4-6.4-12.8-12.8-12.8h-22.4c-6.4 0-12.8 6.4-12.8 12.8v198.4c0 6.4 6.4 12.8 12.8 12.8zm96 0h22.4c6.4 0 12.8-6.4 12.8-12.8V204.8c0-6.4-6.4-12.8-12.8-12.8h-22.4c-6.4 0-12.8 6.4-12.8 12.8v134.4c0 6.4 6.4 12.8 12.8 12.8zM496 400H48V80c0-8.84-7.16-16-16-16H16C7.16 64 0 71.16 0 80v336c0 17.67 14.33 32 32 32h464c8.84 0 16-7.16 16-16v-16c0-8.84-7.16-16-16-16zm-387.2-48h22.4c6.4 0 12.8-6.4 12.8-12.8v-70.4c0-6.4-6.4-12.8-12.8-12.8h-22.4c-6.4 0-12.8 6.4-12.8 12.8v70.4c0 6.4 6.4 12.8 12.8 12.8z\" class=\"\"><\/path><\/svg><\/i> <img loading=\"lazy\" decoding=\"async\" width=\"16\" height=\"16\" alt=\"Loading\" src=\"https:\/\/temucotelevision.cl\/web\/wp-content\/plugins\/page-views-count\/ajax-loader-2x.gif\" border=0 \/><\/p>\n<div class=\"pvc_clear\"><\/div>\n<p>El Juzgado de Garant\u00eda de Temuco dej\u00f3 ayer \u2013domingo 20 de diciembre\u2013 sujetos a la medida cautelar de prisi\u00f3n preventiva<\/p>\n","protected":false},"author":1,"featured_media":17434,"comment_status":"open","ping_status":"open","sticky":false,"template":"","format":"standard","meta":{"colormag_page_container_layout":"default_layout","colormag_page_sidebar_layout":"default_layout","footnotes":""},"categories":[14],"tags":[2024,979,1245],"class_list":["post-17433","post","type-post","status-publish","format-standard","has-post-thumbnail","hentry","category-temuco","tag-imputados","tag-juzgado","tag-trafico"],"a3_pvc":{"activated":true,"total_views":129,"today_views":0},"_links":{"self":[{"href":"https:\/\/temucotelevision.cl\/web\/wp-json\/wp\/v2\/posts\/17433","targetHints":{"allow":["GET"]}}],"collection":[{"href":"https:\/\/temucotelevision.cl\/web\/wp-json\/wp\/v2\/posts"}],"about":[{"href":"https:\/\/temucotelevision.cl\/web\/wp-json\/wp\/v2\/types\/post"}],"author":[{"embeddable":true,"href":"https:\/\/temucotelevision.cl\/web\/wp-json\/wp\/v2\/users\/1"}],"replies":[{"embeddable":true,"href":"https:\/\/temucotelevision.cl\/web\/wp-json\/wp\/v2\/comments?post=17433"}],"version-history":[{"count":1,"href":"https:\/\/temucotelevision.cl\/web\/wp-json\/wp\/v2\/posts\/17433\/revisions"}],"predecessor-version":[{"id":17435,"href":"https:\/\/temucotelevision.cl\/web\/wp-json\/wp\/v2\/posts\/17433\/revisions\/17435"}],"wp:featuredmedia":[{"embeddable":true,"href":"https:\/\/temucotelevision.cl\/web\/wp-json\/wp\/v2\/media\/17434"}],"wp:attachment":[{"href":"https:\/\/temucotelevision.cl\/web\/wp-json\/wp\/v2\/media?parent=17433"}],"wp:term":[{"taxonomy":"category","embeddable":true,"href":"https:\/\/temucotelevision.cl\/web\/wp-json\/wp\/v2\/categories?post=17433"},{"taxonomy":"post_tag","embeddable":true,"href":"https:\/\/temucotelevision.cl\/web\/wp-json\/wp\/v2\/tags?post=17433"}],"curies":[{"name":"wp","href":"https:\/\/api.w.org\/{rel}","templated":true}]}}