{"id":17416,"date":"2020-12-20T15:02:37","date_gmt":"2020-12-20T18:02:37","guid":{"rendered":"https:\/\/temucotelevision.cl\/web\/?p=17416"},"modified":"2020-12-20T15:51:58","modified_gmt":"2020-12-20T18:51:58","slug":"pdi-saca-de-circulacion-mas-de-8-mil-dosis-de-cocaina-y-305-plantas-de-cannabis","status":"publish","type":"post","link":"https:\/\/temucotelevision.cl\/web\/2020\/12\/20\/pdi-saca-de-circulacion-mas-de-8-mil-dosis-de-cocaina-y-305-plantas-de-cannabis\/","title":{"rendered":"PDI detiene a 10 sujetos y saca de circulaci\u00f3n m\u00e1s de 8 mil dosis de coca\u00edna, avaluada en m\u00e1s de $83 millones"},"content":{"rendered":"<div class=\"pvc_clear\"><\/div><p id=\"pvc_stats_17416\" class=\"pvc_stats total_only  \" data-element-id=\"17416\" style=\"\"><i class=\"pvc-stats-icon large\" aria-hidden=\"true\"><svg aria-hidden=\"true\" focusable=\"false\" data-prefix=\"far\" data-icon=\"chart-bar\" role=\"img\" xmlns=\"http:\/\/www.w3.org\/2000\/svg\" viewBox=\"0 0 512 512\" class=\"svg-inline--fa fa-chart-bar fa-w-16 fa-2x\"><path fill=\"currentColor\" d=\"M396.8 352h22.4c6.4 0 12.8-6.4 12.8-12.8V108.8c0-6.4-6.4-12.8-12.8-12.8h-22.4c-6.4 0-12.8 6.4-12.8 12.8v230.4c0 6.4 6.4 12.8 12.8 12.8zm-192 0h22.4c6.4 0 12.8-6.4 12.8-12.8V140.8c0-6.4-6.4-12.8-12.8-12.8h-22.4c-6.4 0-12.8 6.4-12.8 12.8v198.4c0 6.4 6.4 12.8 12.8 12.8zm96 0h22.4c6.4 0 12.8-6.4 12.8-12.8V204.8c0-6.4-6.4-12.8-12.8-12.8h-22.4c-6.4 0-12.8 6.4-12.8 12.8v134.4c0 6.4 6.4 12.8 12.8 12.8zM496 400H48V80c0-8.84-7.16-16-16-16H16C7.16 64 0 71.16 0 80v336c0 17.67 14.33 32 32 32h464c8.84 0 16-7.16 16-16v-16c0-8.84-7.16-16-16-16zm-387.2-48h22.4c6.4 0 12.8-6.4 12.8-12.8v-70.4c0-6.4-6.4-12.8-12.8-12.8h-22.4c-6.4 0-12.8 6.4-12.8 12.8v70.4c0 6.4 6.4 12.8 12.8 12.8z\" class=\"\"><\/path><\/svg><\/i> <img loading=\"lazy\" decoding=\"async\" width=\"16\" height=\"16\" alt=\"Loading\" src=\"https:\/\/temucotelevision.cl\/web\/wp-content\/plugins\/page-views-count\/ajax-loader-2x.gif\" border=0 \/><\/p><div class=\"pvc_clear\"><\/div>\n<p>Detectives de la Brigada Antinarc\u00f3ticos y Contra el Crimen Organizado (Brianco) Temuco detuvieron a 10 hombres -todos mayores de edad- como presuntos autores de los delitos de tr\u00e1fico de drogas y cultivo de cannabis sativa, incautando m\u00e1s de 4 kilos de clorhidrato de coca\u00edna &#8211; lo que equivale a 8 mil dosis sacadas de circulaci\u00f3n-, adem\u00e1s de 305 plantas de cannabis sativa.<\/p>\n\n\n\n<p>Tras una investigaci\u00f3n -de siete meses- realizada en conjunto con la Fiscal\u00eda local de Temuco, los detectives de la Brianco lograron estructurar el modus operandis de una banda criminal dedicada a comercializar grandes cantidades de distintos tipos de droga en la regi\u00f3n de La Araucan\u00eda.<\/p>\n\n\n\n<p>Al respecto, la prefecta Catalina Barr\u00eda, jefa de la prefectura provincial Caut\u00edn, indic\u00f3 que &#8220;los distintos tipos de drogas eran adquiridos en las regiones Metropolitana y del Maule. No obstante, adem\u00e1s, se dedicaban al cultivo de cannabis sativa en distintos sectores rurales de esta provincia&#8221;.<\/p>\n\n\n\n<p>El comisario Freddy Ag\u00fcero, jefe de la Brianco Temuco, agreg\u00f3 que &#8220;los integrantes de la banda ten\u00edan funciones definidas de transporte, acopio, distribuci\u00f3n y cultivo de cannabis sativa y las otras drogas&#8221;.<\/p>\n\n\n\n<p>&#8220;La coca\u00edna est\u00e1 avaluada en m\u00e1s de 83 millones de pesos, asimismo, la plantaci\u00f3n de marihuana, ubicada en la comuna de Melipeuco, si hubiera sido procesada se habr\u00eda transformado en m\u00e1s de 50 kilos de este alucin\u00f3geno lo que tendr\u00eda un valor comercial de m\u00e1s de 300 millones de pesos&#8221;, asegur\u00f3 el comisario Ag\u00fcero.<\/p>\n\n\n\n<p>En el procedimiento, se incautaron en total, adem\u00e1s del clorhidrato de coca\u00edna y plantas de cannabis; marihuana a granel, 6 veh\u00edculos,&nbsp; una motocicleta, 3 armas de fuego y municiones de distintos calibres, 378 mil pesos en efectivo y elementos destinados al cultivo de cannabis.<\/p>\n\n\n\n<p>Cabe destacar que en este amplio operativo policial, se cont\u00f3 con apoyo de personal de distintas unidades del pa\u00eds, como de la jefatura nacional Antinarc\u00f3ticos y Contra el Crimen Organizado, quienes siguen colaborando, ya que a\u00fan se realizan diligencias en la denominada &#8220;Operaci\u00f3n Zambrano&#8221;.<\/p>\n\n\n\n<p>Los detenidos fueron puestos a disposici\u00f3n del Juzgado de Garant\u00eda\u00a0 para el correspondiente control de detenci\u00f3n, donde se decret\u00f3 legal la detenci\u00f3n para todos los imputados. Ocho de ellos quedaron en prisi\u00f3n\u00a0 preventiva en\u00a0 el Centro de Reclusi\u00f3n Penitenciaria de Temuco, mientras que dos quedaron con la medida cautelar de arraigo nacional y reclusi\u00f3n nocturna.\u00a0 Se fijaron 4 meses de plazo para la investigaci\u00f3n.<\/p>\n\n\n\n<figure class=\"wp-block-image size-large\"><img loading=\"lazy\" decoding=\"async\" width=\"768\" height=\"1024\" src=\"https:\/\/temucotelevision.cl\/web\/wp-content\/uploads\/2020\/12\/PDI-Circulacion.jpg\" alt=\"\" class=\"wp-image-17419\"\/><\/figure>\n","protected":false},"excerpt":{"rendered":"<div class=\"pvc_clear\"><\/div>\n<p id=\"pvc_stats_17416\" class=\"pvc_stats total_only  \" data-element-id=\"17416\" style=\"\"><i class=\"pvc-stats-icon large\" aria-hidden=\"true\"><svg aria-hidden=\"true\" focusable=\"false\" data-prefix=\"far\" data-icon=\"chart-bar\" role=\"img\" xmlns=\"http:\/\/www.w3.org\/2000\/svg\" viewBox=\"0 0 512 512\" class=\"svg-inline--fa fa-chart-bar fa-w-16 fa-2x\"><path fill=\"currentColor\" d=\"M396.8 352h22.4c6.4 0 12.8-6.4 12.8-12.8V108.8c0-6.4-6.4-12.8-12.8-12.8h-22.4c-6.4 0-12.8 6.4-12.8 12.8v230.4c0 6.4 6.4 12.8 12.8 12.8zm-192 0h22.4c6.4 0 12.8-6.4 12.8-12.8V140.8c0-6.4-6.4-12.8-12.8-12.8h-22.4c-6.4 0-12.8 6.4-12.8 12.8v198.4c0 6.4 6.4 12.8 12.8 12.8zm96 0h22.4c6.4 0 12.8-6.4 12.8-12.8V204.8c0-6.4-6.4-12.8-12.8-12.8h-22.4c-6.4 0-12.8 6.4-12.8 12.8v134.4c0 6.4 6.4 12.8 12.8 12.8zM496 400H48V80c0-8.84-7.16-16-16-16H16C7.16 64 0 71.16 0 80v336c0 17.67 14.33 32 32 32h464c8.84 0 16-7.16 16-16v-16c0-8.84-7.16-16-16-16zm-387.2-48h22.4c6.4 0 12.8-6.4 12.8-12.8v-70.4c0-6.4-6.4-12.8-12.8-12.8h-22.4c-6.4 0-12.8 6.4-12.8 12.8v70.4c0 6.4 6.4 12.8 12.8 12.8z\" class=\"\"><\/path><\/svg><\/i> <img loading=\"lazy\" decoding=\"async\" width=\"16\" height=\"16\" alt=\"Loading\" src=\"https:\/\/temucotelevision.cl\/web\/wp-content\/plugins\/page-views-count\/ajax-loader-2x.gif\" border=0 \/><\/p>\n<div class=\"pvc_clear\"><\/div>\n<p>Detectives de la Brigada Antinarc\u00f3ticos y Contra el Crimen Organizado (Brianco) Temuco detuvieron a 10 hombres -todos mayores de edad-<\/p>\n","protected":false},"author":1,"featured_media":17417,"comment_status":"open","ping_status":"open","sticky":false,"template":"","format":"standard","meta":{"colormag_page_container_layout":"default_layout","colormag_page_sidebar_layout":"default_layout","footnotes":""},"categories":[15,16],"tags":[537],"class_list":["post-17416","post","type-post","status-publish","format-standard","has-post-thumbnail","hentry","category-la-araucania","category-policial","tag-plantas"],"a3_pvc":{"activated":true,"total_views":53,"today_views":0},"_links":{"self":[{"href":"https:\/\/temucotelevision.cl\/web\/wp-json\/wp\/v2\/posts\/17416","targetHints":{"allow":["GET"]}}],"collection":[{"href":"https:\/\/temucotelevision.cl\/web\/wp-json\/wp\/v2\/posts"}],"about":[{"href":"https:\/\/temucotelevision.cl\/web\/wp-json\/wp\/v2\/types\/post"}],"author":[{"embeddable":true,"href":"https:\/\/temucotelevision.cl\/web\/wp-json\/wp\/v2\/users\/1"}],"replies":[{"embeddable":true,"href":"https:\/\/temucotelevision.cl\/web\/wp-json\/wp\/v2\/comments?post=17416"}],"version-history":[{"count":3,"href":"https:\/\/temucotelevision.cl\/web\/wp-json\/wp\/v2\/posts\/17416\/revisions"}],"predecessor-version":[{"id":17422,"href":"https:\/\/temucotelevision.cl\/web\/wp-json\/wp\/v2\/posts\/17416\/revisions\/17422"}],"wp:featuredmedia":[{"embeddable":true,"href":"https:\/\/temucotelevision.cl\/web\/wp-json\/wp\/v2\/media\/17417"}],"wp:attachment":[{"href":"https:\/\/temucotelevision.cl\/web\/wp-json\/wp\/v2\/media?parent=17416"}],"wp:term":[{"taxonomy":"category","embeddable":true,"href":"https:\/\/temucotelevision.cl\/web\/wp-json\/wp\/v2\/categories?post=17416"},{"taxonomy":"post_tag","embeddable":true,"href":"https:\/\/temucotelevision.cl\/web\/wp-json\/wp\/v2\/tags?post=17416"}],"curies":[{"name":"wp","href":"https:\/\/api.w.org\/{rel}","templated":true}]}}