{"id":17414,"date":"2020-12-20T16:08:39","date_gmt":"2020-12-20T19:08:39","guid":{"rendered":"https:\/\/temucotelevision.cl\/web\/?p=17414"},"modified":"2020-12-20T16:08:41","modified_gmt":"2020-12-20T19:08:41","slug":"lonquimay-arbol-de-navidad-es-adornado-con-mascarillas-representando-la-expresion-de-la-ciudadania-en-pandemia","status":"publish","type":"post","link":"https:\/\/temucotelevision.cl\/web\/2020\/12\/20\/lonquimay-arbol-de-navidad-es-adornado-con-mascarillas-representando-la-expresion-de-la-ciudadania-en-pandemia\/","title":{"rendered":"Lonquimay: \u00c1rbol de navidad es adornado con mascarillas, representando la expresi\u00f3n de la ciudadan\u00eda en pandemia"},"content":{"rendered":"<div class=\"pvc_clear\"><\/div><p id=\"pvc_stats_17414\" class=\"pvc_stats total_only  \" data-element-id=\"17414\" style=\"\"><i class=\"pvc-stats-icon large\" aria-hidden=\"true\"><svg aria-hidden=\"true\" focusable=\"false\" data-prefix=\"far\" data-icon=\"chart-bar\" role=\"img\" xmlns=\"http:\/\/www.w3.org\/2000\/svg\" viewBox=\"0 0 512 512\" class=\"svg-inline--fa fa-chart-bar fa-w-16 fa-2x\"><path fill=\"currentColor\" d=\"M396.8 352h22.4c6.4 0 12.8-6.4 12.8-12.8V108.8c0-6.4-6.4-12.8-12.8-12.8h-22.4c-6.4 0-12.8 6.4-12.8 12.8v230.4c0 6.4 6.4 12.8 12.8 12.8zm-192 0h22.4c6.4 0 12.8-6.4 12.8-12.8V140.8c0-6.4-6.4-12.8-12.8-12.8h-22.4c-6.4 0-12.8 6.4-12.8 12.8v198.4c0 6.4 6.4 12.8 12.8 12.8zm96 0h22.4c6.4 0 12.8-6.4 12.8-12.8V204.8c0-6.4-6.4-12.8-12.8-12.8h-22.4c-6.4 0-12.8 6.4-12.8 12.8v134.4c0 6.4 6.4 12.8 12.8 12.8zM496 400H48V80c0-8.84-7.16-16-16-16H16C7.16 64 0 71.16 0 80v336c0 17.67 14.33 32 32 32h464c8.84 0 16-7.16 16-16v-16c0-8.84-7.16-16-16-16zm-387.2-48h22.4c6.4 0 12.8-6.4 12.8-12.8v-70.4c0-6.4-6.4-12.8-12.8-12.8h-22.4c-6.4 0-12.8 6.4-12.8 12.8v70.4c0 6.4 6.4 12.8 12.8 12.8z\" class=\"\"><\/path><\/svg><\/i> <img loading=\"lazy\" decoding=\"async\" width=\"16\" height=\"16\" alt=\"Loading\" src=\"https:\/\/temucotelevision.cl\/web\/wp-content\/plugins\/page-views-count\/ajax-loader-2x.gif\" border=0 \/><\/p><div class=\"pvc_clear\"><\/div>\n<p>El Alcalde de la comuna indic\u00f3 que: &#8220;Lo que representa b\u00e1sicamente es la expresi\u00f3n de la ciudadan\u00eda lonquimayina sobre lo que ha sido para nosotros esta Pandem\u00eda. Es una forma de arte colectivo de la ciudadan\u00eda, aqu\u00ed muchos hemos podido plasmar nuestros sentimientos y emociones&#8221;.<\/p>\n\n\n\n<p>Esta iniciativa es apoyada por la oficina de cultura del municipio, donde se opt\u00f3 este a\u00f1o por recubrir con mascarillas el \u00e1rbol de navidad. <\/p>\n\n\n\n<p>En la ocasi\u00f3n se ocup\u00f3 la misma maqueta e indumentaria del 2019, el cual fue recubierto con cuadritos de tejidos a crochet por adultos mayores. <\/p>\n\n\n\n<p>Las mascarillas del arbolito levan mensajes escritos, comuna forma de motivar a la poblaci\u00f3n a seguir con las medidas de auto cuidado.<\/p>\n\n\n\n<div class=\"wp-block-image\"><figure class=\"aligncenter size-large\"><img loading=\"lazy\" decoding=\"async\" width=\"461\" height=\"1024\" src=\"https:\/\/temucotelevision.cl\/web\/wp-content\/uploads\/2020\/12\/Arbol-Lonqumay3-461x1024.jpg\" alt=\"\" class=\"wp-image-17424\" srcset=\"https:\/\/temucotelevision.cl\/web\/wp-content\/uploads\/2020\/12\/Arbol-Lonqumay3-461x1024.jpg 461w, https:\/\/temucotelevision.cl\/web\/wp-content\/uploads\/2020\/12\/Arbol-Lonqumay3.jpg 576w\" sizes=\"auto, (max-width: 461px) 100vw, 461px\" \/><\/figure><\/div>\n\n\n\n<div class=\"wp-block-image\"><figure class=\"aligncenter size-large\"><img loading=\"lazy\" decoding=\"async\" width=\"461\" height=\"1024\" src=\"https:\/\/temucotelevision.cl\/web\/wp-content\/uploads\/2020\/12\/Arbol-Lonquimay4-461x1024.jpg\" alt=\"\" class=\"wp-image-17425\" srcset=\"https:\/\/temucotelevision.cl\/web\/wp-content\/uploads\/2020\/12\/Arbol-Lonquimay4-461x1024.jpg 461w, https:\/\/temucotelevision.cl\/web\/wp-content\/uploads\/2020\/12\/Arbol-Lonquimay4.jpg 576w\" sizes=\"auto, (max-width: 461px) 100vw, 461px\" \/><\/figure><\/div>\n","protected":false},"excerpt":{"rendered":"<div class=\"pvc_clear\"><\/div>\n<p id=\"pvc_stats_17414\" class=\"pvc_stats total_only  \" data-element-id=\"17414\" style=\"\"><i class=\"pvc-stats-icon large\" aria-hidden=\"true\"><svg aria-hidden=\"true\" focusable=\"false\" data-prefix=\"far\" data-icon=\"chart-bar\" role=\"img\" xmlns=\"http:\/\/www.w3.org\/2000\/svg\" viewBox=\"0 0 512 512\" class=\"svg-inline--fa fa-chart-bar fa-w-16 fa-2x\"><path fill=\"currentColor\" d=\"M396.8 352h22.4c6.4 0 12.8-6.4 12.8-12.8V108.8c0-6.4-6.4-12.8-12.8-12.8h-22.4c-6.4 0-12.8 6.4-12.8 12.8v230.4c0 6.4 6.4 12.8 12.8 12.8zm-192 0h22.4c6.4 0 12.8-6.4 12.8-12.8V140.8c0-6.4-6.4-12.8-12.8-12.8h-22.4c-6.4 0-12.8 6.4-12.8 12.8v198.4c0 6.4 6.4 12.8 12.8 12.8zm96 0h22.4c6.4 0 12.8-6.4 12.8-12.8V204.8c0-6.4-6.4-12.8-12.8-12.8h-22.4c-6.4 0-12.8 6.4-12.8 12.8v134.4c0 6.4 6.4 12.8 12.8 12.8zM496 400H48V80c0-8.84-7.16-16-16-16H16C7.16 64 0 71.16 0 80v336c0 17.67 14.33 32 32 32h464c8.84 0 16-7.16 16-16v-16c0-8.84-7.16-16-16-16zm-387.2-48h22.4c6.4 0 12.8-6.4 12.8-12.8v-70.4c0-6.4-6.4-12.8-12.8-12.8h-22.4c-6.4 0-12.8 6.4-12.8 12.8v70.4c0 6.4 6.4 12.8 12.8 12.8z\" class=\"\"><\/path><\/svg><\/i> <img loading=\"lazy\" decoding=\"async\" width=\"16\" height=\"16\" alt=\"Loading\" src=\"https:\/\/temucotelevision.cl\/web\/wp-content\/plugins\/page-views-count\/ajax-loader-2x.gif\" border=0 \/><\/p>\n<div class=\"pvc_clear\"><\/div>\n<p>El Alcalde de la comuna indic\u00f3 que: &#8220;Lo que representa b\u00e1sicamente es la expresi\u00f3n de la ciudadan\u00eda lonquimayina sobre lo<\/p>\n","protected":false},"author":1,"featured_media":17423,"comment_status":"open","ping_status":"open","sticky":false,"template":"","format":"standard","meta":{"colormag_page_container_layout":"default_layout","colormag_page_sidebar_layout":"default_layout","footnotes":""},"categories":[15],"tags":[591,2085,2312,1205],"class_list":["post-17414","post","type-post","status-publish","format-standard","has-post-thumbnail","hentry","category-la-araucania","tag-municipio","tag-navidad","tag-pandemia","tag-pascua"],"a3_pvc":{"activated":true,"total_views":114,"today_views":0},"_links":{"self":[{"href":"https:\/\/temucotelevision.cl\/web\/wp-json\/wp\/v2\/posts\/17414","targetHints":{"allow":["GET"]}}],"collection":[{"href":"https:\/\/temucotelevision.cl\/web\/wp-json\/wp\/v2\/posts"}],"about":[{"href":"https:\/\/temucotelevision.cl\/web\/wp-json\/wp\/v2\/types\/post"}],"author":[{"embeddable":true,"href":"https:\/\/temucotelevision.cl\/web\/wp-json\/wp\/v2\/users\/1"}],"replies":[{"embeddable":true,"href":"https:\/\/temucotelevision.cl\/web\/wp-json\/wp\/v2\/comments?post=17414"}],"version-history":[{"count":2,"href":"https:\/\/temucotelevision.cl\/web\/wp-json\/wp\/v2\/posts\/17414\/revisions"}],"predecessor-version":[{"id":17426,"href":"https:\/\/temucotelevision.cl\/web\/wp-json\/wp\/v2\/posts\/17414\/revisions\/17426"}],"wp:featuredmedia":[{"embeddable":true,"href":"https:\/\/temucotelevision.cl\/web\/wp-json\/wp\/v2\/media\/17423"}],"wp:attachment":[{"href":"https:\/\/temucotelevision.cl\/web\/wp-json\/wp\/v2\/media?parent=17414"}],"wp:term":[{"taxonomy":"category","embeddable":true,"href":"https:\/\/temucotelevision.cl\/web\/wp-json\/wp\/v2\/categories?post=17414"},{"taxonomy":"post_tag","embeddable":true,"href":"https:\/\/temucotelevision.cl\/web\/wp-json\/wp\/v2\/tags?post=17414"}],"curies":[{"name":"wp","href":"https:\/\/api.w.org\/{rel}","templated":true}]}}