{"id":1740,"date":"2019-02-23T20:33:29","date_gmt":"2019-02-23T23:33:29","guid":{"rendered":"https:\/\/temucotelevision.cl\/web\/?p=1740"},"modified":"2019-02-23T20:33:29","modified_gmt":"2019-02-23T23:33:29","slug":"tia-rica-aumenta-el-valor-de-la-tasacion-por-gramo-de-oro-a-contar-del-25-de-febrero-y-hasta-el-29-de-marzo-2019","status":"publish","type":"post","link":"https:\/\/temucotelevision.cl\/web\/2019\/02\/23\/tia-rica-aumenta-el-valor-de-la-tasacion-por-gramo-de-oro-a-contar-del-25-de-febrero-y-hasta-el-29-de-marzo-2019\/","title":{"rendered":"T\u00eda Rica aumenta el valor de la tasaci\u00f3n por gramo de oro a contar del 25 de Febrero y hasta el 29 de Marzo 2019"},"content":{"rendered":"<div class=\"pvc_clear\"><\/div>\n<p id=\"pvc_stats_1740\" class=\"pvc_stats total_only  \" data-element-id=\"1740\" style=\"\"><i class=\"pvc-stats-icon large\" aria-hidden=\"true\"><svg aria-hidden=\"true\" focusable=\"false\" data-prefix=\"far\" data-icon=\"chart-bar\" role=\"img\" xmlns=\"http:\/\/www.w3.org\/2000\/svg\" viewBox=\"0 0 512 512\" class=\"svg-inline--fa fa-chart-bar fa-w-16 fa-2x\"><path fill=\"currentColor\" d=\"M396.8 352h22.4c6.4 0 12.8-6.4 12.8-12.8V108.8c0-6.4-6.4-12.8-12.8-12.8h-22.4c-6.4 0-12.8 6.4-12.8 12.8v230.4c0 6.4 6.4 12.8 12.8 12.8zm-192 0h22.4c6.4 0 12.8-6.4 12.8-12.8V140.8c0-6.4-6.4-12.8-12.8-12.8h-22.4c-6.4 0-12.8 6.4-12.8 12.8v198.4c0 6.4 6.4 12.8 12.8 12.8zm96 0h22.4c6.4 0 12.8-6.4 12.8-12.8V204.8c0-6.4-6.4-12.8-12.8-12.8h-22.4c-6.4 0-12.8 6.4-12.8 12.8v134.4c0 6.4 6.4 12.8 12.8 12.8zM496 400H48V80c0-8.84-7.16-16-16-16H16C7.16 64 0 71.16 0 80v336c0 17.67 14.33 32 32 32h464c8.84 0 16-7.16 16-16v-16c0-8.84-7.16-16-16-16zm-387.2-48h22.4c6.4 0 12.8-6.4 12.8-12.8v-70.4c0-6.4-6.4-12.8-12.8-12.8h-22.4c-6.4 0-12.8 6.4-12.8 12.8v70.4c0 6.4 6.4 12.8 12.8 12.8z\" class=\"\"><\/path><\/svg><\/i> <img loading=\"lazy\" decoding=\"async\" width=\"16\" height=\"16\" alt=\"Loading\" src=\"https:\/\/temucotelevision.cl\/web\/wp-content\/plugins\/page-views-count\/ajax-loader-2x.gif\" border=0 \/><\/p>\n<div class=\"pvc_clear\"><\/div>\n<p style=\"text-align: justify;\">El Administrador de la Direcci\u00f3n de Cr\u00e9dito Prendario, Claudio C\u00e1rcamo, inform\u00d3 que desde el 25 de Febrero, al 29 de Marzo 2019, la DICREP aument\u00f3 el precio de la tasaci\u00f3n por el gramo de oro de 18 quilates de $10.500 a $11.200 mil pesos.<\/p>\n<p style=\"text-align: justify;\">De esta forma, la instituci\u00f3n aumentar\u00e1 en un 6.7 por ciento el valor del gramo de oro y beneficiar\u00e1 a las familias en sus presupuestos del mes Marzo. Todo esto, manteniendo las mismas condiciones que hacen de la DICREP una alternativa oportuna de financiamiento. Vale decir el cobro de un inter\u00e9s del 2,5 por ciento mensual y el otorgamiento de un plazo de 6 meses para pagar, el cual se puede renovar por otro per\u00edodo similar de tiempo.<\/p>\n<p style=\"text-align: justify;\">C\u00f3mo acceder a un cr\u00e9dito<\/p>\n<p style=\"text-align: justify;\">Es muy f\u00e1cil solicitar un cr\u00e9dito social en la DICREP. La persona s\u00f3lo debe ser mayor de 18 a\u00f1os de edad, tener c\u00e9dula de identidad y llevar una especie, que puede ser joya u objetos varios, para dejar en garant\u00eda. Muy accesible y conveniente. No es necesario acreditar antecedentes comerciales, ni laborales. Sumando varios lotes, una persona puede acceder a un monto tope de $2.800.000 de pesos.<\/p>\n<p style=\"text-align: justify;\">Desde su creaci\u00f3n, la DICREP ha facilitado el acceso al cr\u00e9dito de miles de personas d\u00eda a d\u00eda, personas que muchas veces no pueden acceder a otra instituci\u00f3n financiera, o porque no cumplen los requisitos para obtener servicios de la banca tradicional, o porque son excluidos por haber tenido dificultades a la hora de su cumplimiento.<\/p>\n","protected":false},"excerpt":{"rendered":"<div class=\"pvc_clear\"><\/div>\n<p id=\"pvc_stats_1740\" class=\"pvc_stats total_only  \" data-element-id=\"1740\" style=\"\"><i class=\"pvc-stats-icon large\" aria-hidden=\"true\"><svg aria-hidden=\"true\" focusable=\"false\" data-prefix=\"far\" data-icon=\"chart-bar\" role=\"img\" xmlns=\"http:\/\/www.w3.org\/2000\/svg\" viewBox=\"0 0 512 512\" class=\"svg-inline--fa fa-chart-bar fa-w-16 fa-2x\"><path fill=\"currentColor\" d=\"M396.8 352h22.4c6.4 0 12.8-6.4 12.8-12.8V108.8c0-6.4-6.4-12.8-12.8-12.8h-22.4c-6.4 0-12.8 6.4-12.8 12.8v230.4c0 6.4 6.4 12.8 12.8 12.8zm-192 0h22.4c6.4 0 12.8-6.4 12.8-12.8V140.8c0-6.4-6.4-12.8-12.8-12.8h-22.4c-6.4 0-12.8 6.4-12.8 12.8v198.4c0 6.4 6.4 12.8 12.8 12.8zm96 0h22.4c6.4 0 12.8-6.4 12.8-12.8V204.8c0-6.4-6.4-12.8-12.8-12.8h-22.4c-6.4 0-12.8 6.4-12.8 12.8v134.4c0 6.4 6.4 12.8 12.8 12.8zM496 400H48V80c0-8.84-7.16-16-16-16H16C7.16 64 0 71.16 0 80v336c0 17.67 14.33 32 32 32h464c8.84 0 16-7.16 16-16v-16c0-8.84-7.16-16-16-16zm-387.2-48h22.4c6.4 0 12.8-6.4 12.8-12.8v-70.4c0-6.4-6.4-12.8-12.8-12.8h-22.4c-6.4 0-12.8 6.4-12.8 12.8v70.4c0 6.4 6.4 12.8 12.8 12.8z\" class=\"\"><\/path><\/svg><\/i> <img loading=\"lazy\" decoding=\"async\" width=\"16\" height=\"16\" alt=\"Loading\" src=\"https:\/\/temucotelevision.cl\/web\/wp-content\/plugins\/page-views-count\/ajax-loader-2x.gif\" border=0 \/><\/p>\n<div class=\"pvc_clear\"><\/div>\n<p>El Administrador de la Direcci\u00f3n de Cr\u00e9dito Prendario, Claudio C\u00e1rcamo, inform\u00d3 que desde el 25 de Febrero, al 29 de<\/p>\n","protected":false},"author":1,"featured_media":1741,"comment_status":"open","ping_status":"open","sticky":false,"template":"","format":"standard","meta":{"colormag_page_container_layout":"default_layout","colormag_page_sidebar_layout":"default_layout","footnotes":""},"categories":[14],"tags":[644,641,642,643,638,640,639],"class_list":["post-1740","post","type-post","status-publish","format-standard","has-post-thumbnail","hentry","category-temuco","tag-creditos","tag-dicrep","tag-joyas","tag-lotes","tag-oro","tag-tia-rica","tag-valor"],"a3_pvc":{"activated":true,"total_views":31,"today_views":0},"_links":{"self":[{"href":"https:\/\/temucotelevision.cl\/web\/wp-json\/wp\/v2\/posts\/1740","targetHints":{"allow":["GET"]}}],"collection":[{"href":"https:\/\/temucotelevision.cl\/web\/wp-json\/wp\/v2\/posts"}],"about":[{"href":"https:\/\/temucotelevision.cl\/web\/wp-json\/wp\/v2\/types\/post"}],"author":[{"embeddable":true,"href":"https:\/\/temucotelevision.cl\/web\/wp-json\/wp\/v2\/users\/1"}],"replies":[{"embeddable":true,"href":"https:\/\/temucotelevision.cl\/web\/wp-json\/wp\/v2\/comments?post=1740"}],"version-history":[{"count":1,"href":"https:\/\/temucotelevision.cl\/web\/wp-json\/wp\/v2\/posts\/1740\/revisions"}],"predecessor-version":[{"id":1742,"href":"https:\/\/temucotelevision.cl\/web\/wp-json\/wp\/v2\/posts\/1740\/revisions\/1742"}],"wp:featuredmedia":[{"embeddable":true,"href":"https:\/\/temucotelevision.cl\/web\/wp-json\/wp\/v2\/media\/1741"}],"wp:attachment":[{"href":"https:\/\/temucotelevision.cl\/web\/wp-json\/wp\/v2\/media?parent=1740"}],"wp:term":[{"taxonomy":"category","embeddable":true,"href":"https:\/\/temucotelevision.cl\/web\/wp-json\/wp\/v2\/categories?post=1740"},{"taxonomy":"post_tag","embeddable":true,"href":"https:\/\/temucotelevision.cl\/web\/wp-json\/wp\/v2\/tags?post=1740"}],"curies":[{"name":"wp","href":"https:\/\/api.w.org\/{rel}","templated":true}]}}