{"id":17393,"date":"2020-12-19T13:14:31","date_gmt":"2020-12-19T16:14:31","guid":{"rendered":"https:\/\/temucotelevision.cl\/web\/?p=17393"},"modified":"2020-12-19T13:14:58","modified_gmt":"2020-12-19T16:14:58","slug":"vetaveta-lanza-su-primer-single-oficial-modo-pillo","status":"publish","type":"post","link":"https:\/\/temucotelevision.cl\/web\/2020\/12\/19\/vetaveta-lanza-su-primer-single-oficial-modo-pillo\/","title":{"rendered":"VetaVeta lanza su primer single oficial \u201cMODO PILLO\u201d"},"content":{"rendered":"<div class=\"pvc_clear\"><\/div><p id=\"pvc_stats_17393\" class=\"pvc_stats total_only  \" data-element-id=\"17393\" style=\"\"><i class=\"pvc-stats-icon large\" aria-hidden=\"true\"><svg aria-hidden=\"true\" focusable=\"false\" data-prefix=\"far\" data-icon=\"chart-bar\" role=\"img\" xmlns=\"http:\/\/www.w3.org\/2000\/svg\" viewBox=\"0 0 512 512\" class=\"svg-inline--fa fa-chart-bar fa-w-16 fa-2x\"><path fill=\"currentColor\" d=\"M396.8 352h22.4c6.4 0 12.8-6.4 12.8-12.8V108.8c0-6.4-6.4-12.8-12.8-12.8h-22.4c-6.4 0-12.8 6.4-12.8 12.8v230.4c0 6.4 6.4 12.8 12.8 12.8zm-192 0h22.4c6.4 0 12.8-6.4 12.8-12.8V140.8c0-6.4-6.4-12.8-12.8-12.8h-22.4c-6.4 0-12.8 6.4-12.8 12.8v198.4c0 6.4 6.4 12.8 12.8 12.8zm96 0h22.4c6.4 0 12.8-6.4 12.8-12.8V204.8c0-6.4-6.4-12.8-12.8-12.8h-22.4c-6.4 0-12.8 6.4-12.8 12.8v134.4c0 6.4 6.4 12.8 12.8 12.8zM496 400H48V80c0-8.84-7.16-16-16-16H16C7.16 64 0 71.16 0 80v336c0 17.67 14.33 32 32 32h464c8.84 0 16-7.16 16-16v-16c0-8.84-7.16-16-16-16zm-387.2-48h22.4c6.4 0 12.8-6.4 12.8-12.8v-70.4c0-6.4-6.4-12.8-12.8-12.8h-22.4c-6.4 0-12.8 6.4-12.8 12.8v70.4c0 6.4 6.4 12.8 12.8 12.8z\" class=\"\"><\/path><\/svg><\/i> <img loading=\"lazy\" decoding=\"async\" width=\"16\" height=\"16\" alt=\"Loading\" src=\"https:\/\/temucotelevision.cl\/web\/wp-content\/plugins\/page-views-count\/ajax-loader-2x.gif\" border=0 \/><\/p><div class=\"pvc_clear\"><\/div>\n<p>El tr\u00edo uruguayo llega para conquistar el verano\u00a0con su estilo \u00fanico de hacer pop urbano.<\/p>\n\n\n\n<p>Tres amigos y un s\u00f3lo sue\u00f1o: contar historias a trav\u00e9s de su m\u00fasica. <strong>Niko Falero<\/strong> de 24 a\u00f1os, <strong>Cris Mirabal<\/strong> de 22, y <strong>Mart\u00edn Parado<\/strong> de 24, tras exitosos a\u00f1os en la escena musical del Cono Sur se unieron en <strong><em>un fresco concepto que mezcla sabores y sonidos uruguayos, argentinos y chilenos<\/em><\/strong>, con una gran vibra que los convirti\u00f3 en lo que son hoy, <strong>VetaVeta<\/strong>.<\/p>\n\n\n\n<iframe loading=\"lazy\" width=\"560\" height=\"315\" src=\"https:\/\/www.youtube.com\/embed\/76CmcHaPNFI\" frameborder=\"0\" allow=\"accelerometer; autoplay; clipboard-write; encrypted-media; gyroscope; picture-in-picture\" allowfullscreen><\/iframe>\n\n\n\n<p>Si algo tienen en com\u00fan los integrantes es que desde temprana edad desarrollaron su pasi\u00f3n por la m\u00fasica, tan es as\u00ed que al momento ya han recorrido un proceso lleno de aprendizajes y experiencias que les ha brindado las bases para formarse como artistas: <strong>Cris<\/strong> fue parte de una banda de cumbia, algo que le permiti\u00f3 recorrer su pa\u00eds de punta a punta y compartir su m\u00fasica; <strong>Niko<\/strong> comenz\u00f3 tocando la bater\u00eda en bandas de rock y de jazz, esto lo llev\u00f3 a subir covers de canciones del momento en YouTube; <strong>Martin<\/strong> fue parte de bandas de rock formadas por sus amigos y despu\u00e9s recorri\u00f3 el camino de la cumbia, un g\u00e9nero que le permiti\u00f3 conocer su pa\u00eds por la popularidad entre el p\u00fablico de Uruguay.<\/p>\n\n\n\n<p>Aunque cada uno empez\u00f3 su carrera de manera individual, el tiempo y las circunstancias los unieron para crear un proyecto que busca conectar con las nuevas generaciones a trav\u00e9s de un mensaje en el que los sue\u00f1os se pueden cumplir, a pesar de los altibajos que la vida te pone enfrente.&nbsp;<\/p>\n\n\n\n<p>Hoy, de manera oficial y de la mano de <strong><em>Ocesa Seitrack<\/em><\/strong>, <strong>VetaVeta<\/strong> lanza su primer single: <strong><em>\u201cModo Pillo\u201d<\/em><\/strong>, una propuesta fresca y entusiasta que promete acompa\u00f1ar las fiestas decembrinas.<\/p>\n\n\n\n<p>Tras el confinamiento de los \u00faltimos meses causado por la pandemia mundial, esta chispa de canci\u00f3n es una provocativa invitaci\u00f3n a encender el fuego interno y dejarse llevar por el caracter\u00edstico sonido de este nuevo grupo. Con este candente tema, se inicia una adicci\u00f3n al ritmo de <strong>VetaVeta<\/strong>.<\/p>\n","protected":false},"excerpt":{"rendered":"<div class=\"pvc_clear\"><\/div>\n<p id=\"pvc_stats_17393\" class=\"pvc_stats total_only  \" data-element-id=\"17393\" style=\"\"><i class=\"pvc-stats-icon large\" aria-hidden=\"true\"><svg aria-hidden=\"true\" focusable=\"false\" data-prefix=\"far\" data-icon=\"chart-bar\" role=\"img\" xmlns=\"http:\/\/www.w3.org\/2000\/svg\" viewBox=\"0 0 512 512\" class=\"svg-inline--fa fa-chart-bar fa-w-16 fa-2x\"><path fill=\"currentColor\" d=\"M396.8 352h22.4c6.4 0 12.8-6.4 12.8-12.8V108.8c0-6.4-6.4-12.8-12.8-12.8h-22.4c-6.4 0-12.8 6.4-12.8 12.8v230.4c0 6.4 6.4 12.8 12.8 12.8zm-192 0h22.4c6.4 0 12.8-6.4 12.8-12.8V140.8c0-6.4-6.4-12.8-12.8-12.8h-22.4c-6.4 0-12.8 6.4-12.8 12.8v198.4c0 6.4 6.4 12.8 12.8 12.8zm96 0h22.4c6.4 0 12.8-6.4 12.8-12.8V204.8c0-6.4-6.4-12.8-12.8-12.8h-22.4c-6.4 0-12.8 6.4-12.8 12.8v134.4c0 6.4 6.4 12.8 12.8 12.8zM496 400H48V80c0-8.84-7.16-16-16-16H16C7.16 64 0 71.16 0 80v336c0 17.67 14.33 32 32 32h464c8.84 0 16-7.16 16-16v-16c0-8.84-7.16-16-16-16zm-387.2-48h22.4c6.4 0 12.8-6.4 12.8-12.8v-70.4c0-6.4-6.4-12.8-12.8-12.8h-22.4c-6.4 0-12.8 6.4-12.8 12.8v70.4c0 6.4 6.4 12.8 12.8 12.8z\" class=\"\"><\/path><\/svg><\/i> <img loading=\"lazy\" decoding=\"async\" width=\"16\" height=\"16\" alt=\"Loading\" src=\"https:\/\/temucotelevision.cl\/web\/wp-content\/plugins\/page-views-count\/ajax-loader-2x.gif\" border=0 \/><\/p>\n<div class=\"pvc_clear\"><\/div>\n<p>El tr\u00edo uruguayo llega para conquistar el verano\u00a0con su estilo \u00fanico de hacer pop urbano. Tres amigos y un s\u00f3lo<\/p>\n","protected":false},"author":1,"featured_media":17394,"comment_status":"open","ping_status":"open","sticky":false,"template":"","format":"standard","meta":{"colormag_page_container_layout":"default_layout","colormag_page_sidebar_layout":"default_layout","footnotes":""},"categories":[369],"tags":[2078,372,3347],"class_list":["post-17393","post","type-post","status-publish","format-standard","has-post-thumbnail","hentry","category-musica","tag-lanzamiento","tag-single","tag-trio"],"a3_pvc":{"activated":true,"total_views":35,"today_views":0},"_links":{"self":[{"href":"https:\/\/temucotelevision.cl\/web\/wp-json\/wp\/v2\/posts\/17393","targetHints":{"allow":["GET"]}}],"collection":[{"href":"https:\/\/temucotelevision.cl\/web\/wp-json\/wp\/v2\/posts"}],"about":[{"href":"https:\/\/temucotelevision.cl\/web\/wp-json\/wp\/v2\/types\/post"}],"author":[{"embeddable":true,"href":"https:\/\/temucotelevision.cl\/web\/wp-json\/wp\/v2\/users\/1"}],"replies":[{"embeddable":true,"href":"https:\/\/temucotelevision.cl\/web\/wp-json\/wp\/v2\/comments?post=17393"}],"version-history":[{"count":2,"href":"https:\/\/temucotelevision.cl\/web\/wp-json\/wp\/v2\/posts\/17393\/revisions"}],"predecessor-version":[{"id":17396,"href":"https:\/\/temucotelevision.cl\/web\/wp-json\/wp\/v2\/posts\/17393\/revisions\/17396"}],"wp:featuredmedia":[{"embeddable":true,"href":"https:\/\/temucotelevision.cl\/web\/wp-json\/wp\/v2\/media\/17394"}],"wp:attachment":[{"href":"https:\/\/temucotelevision.cl\/web\/wp-json\/wp\/v2\/media?parent=17393"}],"wp:term":[{"taxonomy":"category","embeddable":true,"href":"https:\/\/temucotelevision.cl\/web\/wp-json\/wp\/v2\/categories?post=17393"},{"taxonomy":"post_tag","embeddable":true,"href":"https:\/\/temucotelevision.cl\/web\/wp-json\/wp\/v2\/tags?post=17393"}],"curies":[{"name":"wp","href":"https:\/\/api.w.org\/{rel}","templated":true}]}}