{"id":17365,"date":"2020-12-18T21:05:44","date_gmt":"2020-12-19T00:05:44","guid":{"rendered":"https:\/\/temucotelevision.cl\/web\/?p=17365"},"modified":"2020-12-19T10:52:38","modified_gmt":"2020-12-19T13:52:38","slug":"2-personas-fallecidas-en-accidente-de-camion-con-kiosco-en-ruta-5-sur","status":"publish","type":"post","link":"https:\/\/temucotelevision.cl\/web\/2020\/12\/18\/2-personas-fallecidas-en-accidente-de-camion-con-kiosco-en-ruta-5-sur\/","title":{"rendered":"2 personas fallecidas y un lesionado deja choque de cami\u00f3n con kiosco en Ruta 5"},"content":{"rendered":"<div class=\"pvc_clear\"><\/div><p id=\"pvc_stats_17365\" class=\"pvc_stats total_only  \" data-element-id=\"17365\" style=\"\"><i class=\"pvc-stats-icon large\" aria-hidden=\"true\"><svg aria-hidden=\"true\" focusable=\"false\" data-prefix=\"far\" data-icon=\"chart-bar\" role=\"img\" xmlns=\"http:\/\/www.w3.org\/2000\/svg\" viewBox=\"0 0 512 512\" class=\"svg-inline--fa fa-chart-bar fa-w-16 fa-2x\"><path fill=\"currentColor\" d=\"M396.8 352h22.4c6.4 0 12.8-6.4 12.8-12.8V108.8c0-6.4-6.4-12.8-12.8-12.8h-22.4c-6.4 0-12.8 6.4-12.8 12.8v230.4c0 6.4 6.4 12.8 12.8 12.8zm-192 0h22.4c6.4 0 12.8-6.4 12.8-12.8V140.8c0-6.4-6.4-12.8-12.8-12.8h-22.4c-6.4 0-12.8 6.4-12.8 12.8v198.4c0 6.4 6.4 12.8 12.8 12.8zm96 0h22.4c6.4 0 12.8-6.4 12.8-12.8V204.8c0-6.4-6.4-12.8-12.8-12.8h-22.4c-6.4 0-12.8 6.4-12.8 12.8v134.4c0 6.4 6.4 12.8 12.8 12.8zM496 400H48V80c0-8.84-7.16-16-16-16H16C7.16 64 0 71.16 0 80v336c0 17.67 14.33 32 32 32h464c8.84 0 16-7.16 16-16v-16c0-8.84-7.16-16-16-16zm-387.2-48h22.4c6.4 0 12.8-6.4 12.8-12.8v-70.4c0-6.4-6.4-12.8-12.8-12.8h-22.4c-6.4 0-12.8 6.4-12.8 12.8v70.4c0 6.4 6.4 12.8 12.8 12.8z\" class=\"\"><\/path><\/svg><\/i> <img loading=\"lazy\" decoding=\"async\" width=\"16\" height=\"16\" alt=\"Loading\" src=\"https:\/\/temucotelevision.cl\/web\/wp-content\/plugins\/page-views-count\/ajax-loader-2x.gif\" border=0 \/><\/p><div class=\"pvc_clear\"><\/div>\n<p>En horas de la tarde del pasado viernes un accidente se registr\u00f3 en la Ruta 5 Sur en La Araucan\u00eda, a la altura de Perquenco.<\/p>\n\n\n\n<p>2 personas fallecidas y otra lesionada fue el resultado de un choque de cami\u00f3n con un kiosco de venta de quesos, bomberos de Lautaro y Victoria trabajaron en la emergencia junto con personal de la Siat.<\/p>\n\n\n\n<p>El hecho ocurri\u00f3 en el km 627 de la Ruta 5, sentido sur a norte.<\/p>\n\n\n\n<p>En tanto el conductor del cami\u00f3n qued\u00f3 con lesiones, informaci\u00f3n que fue se\u00f1alada de car\u00e1cter reservado. <\/p>\n\n\n\n<p>Las personas fallecidas trabajaban en el kiosco ubicado a un costado de la ruta.<\/p>\n\n\n\n<figure class=\"wp-block-image size-large is-style-default\"><img loading=\"lazy\" decoding=\"async\" width=\"744\" height=\"467\" src=\"https:\/\/temucotelevision.cl\/web\/wp-content\/uploads\/2020\/12\/Camion3.jpg\" alt=\"\" class=\"wp-image-17371\"\/><\/figure>\n\n\n\n<figure class=\"wp-block-image size-large\"><img loading=\"lazy\" decoding=\"async\" width=\"1024\" height=\"492\" src=\"https:\/\/temucotelevision.cl\/web\/wp-content\/uploads\/2020\/12\/Camion-Ruta5-1024x492.jpg\" alt=\"\" class=\"wp-image-17387\" srcset=\"https:\/\/temucotelevision.cl\/web\/wp-content\/uploads\/2020\/12\/Camion-Ruta5-1024x492.jpg 1024w, https:\/\/temucotelevision.cl\/web\/wp-content\/uploads\/2020\/12\/Camion-Ruta5-768x369.jpg 768w, https:\/\/temucotelevision.cl\/web\/wp-content\/uploads\/2020\/12\/Camion-Ruta5.jpg 1040w\" sizes=\"auto, (max-width: 1024px) 100vw, 1024px\" \/><\/figure>\n","protected":false},"excerpt":{"rendered":"<div class=\"pvc_clear\"><\/div>\n<p id=\"pvc_stats_17365\" class=\"pvc_stats total_only  \" data-element-id=\"17365\" style=\"\"><i class=\"pvc-stats-icon large\" aria-hidden=\"true\"><svg aria-hidden=\"true\" focusable=\"false\" data-prefix=\"far\" data-icon=\"chart-bar\" role=\"img\" xmlns=\"http:\/\/www.w3.org\/2000\/svg\" viewBox=\"0 0 512 512\" class=\"svg-inline--fa fa-chart-bar fa-w-16 fa-2x\"><path fill=\"currentColor\" d=\"M396.8 352h22.4c6.4 0 12.8-6.4 12.8-12.8V108.8c0-6.4-6.4-12.8-12.8-12.8h-22.4c-6.4 0-12.8 6.4-12.8 12.8v230.4c0 6.4 6.4 12.8 12.8 12.8zm-192 0h22.4c6.4 0 12.8-6.4 12.8-12.8V140.8c0-6.4-6.4-12.8-12.8-12.8h-22.4c-6.4 0-12.8 6.4-12.8 12.8v198.4c0 6.4 6.4 12.8 12.8 12.8zm96 0h22.4c6.4 0 12.8-6.4 12.8-12.8V204.8c0-6.4-6.4-12.8-12.8-12.8h-22.4c-6.4 0-12.8 6.4-12.8 12.8v134.4c0 6.4 6.4 12.8 12.8 12.8zM496 400H48V80c0-8.84-7.16-16-16-16H16C7.16 64 0 71.16 0 80v336c0 17.67 14.33 32 32 32h464c8.84 0 16-7.16 16-16v-16c0-8.84-7.16-16-16-16zm-387.2-48h22.4c6.4 0 12.8-6.4 12.8-12.8v-70.4c0-6.4-6.4-12.8-12.8-12.8h-22.4c-6.4 0-12.8 6.4-12.8 12.8v70.4c0 6.4 6.4 12.8 12.8 12.8z\" class=\"\"><\/path><\/svg><\/i> <img loading=\"lazy\" decoding=\"async\" width=\"16\" height=\"16\" alt=\"Loading\" src=\"https:\/\/temucotelevision.cl\/web\/wp-content\/plugins\/page-views-count\/ajax-loader-2x.gif\" border=0 \/><\/p>\n<div class=\"pvc_clear\"><\/div>\n<p>En horas de la tarde del pasado viernes un accidente se registr\u00f3 en la Ruta 5 Sur en La Araucan\u00eda,<\/p>\n","protected":false},"author":1,"featured_media":17366,"comment_status":"open","ping_status":"open","sticky":false,"template":"","format":"standard","meta":{"colormag_page_container_layout":"default_layout","colormag_page_sidebar_layout":"default_layout","footnotes":""},"categories":[15],"tags":[649,3346,695],"class_list":["post-17365","post","type-post","status-publish","format-standard","has-post-thumbnail","hentry","category-la-araucania","tag-camion","tag-kiosco","tag-ruta"],"a3_pvc":{"activated":true,"total_views":140,"today_views":0},"_links":{"self":[{"href":"https:\/\/temucotelevision.cl\/web\/wp-json\/wp\/v2\/posts\/17365","targetHints":{"allow":["GET"]}}],"collection":[{"href":"https:\/\/temucotelevision.cl\/web\/wp-json\/wp\/v2\/posts"}],"about":[{"href":"https:\/\/temucotelevision.cl\/web\/wp-json\/wp\/v2\/types\/post"}],"author":[{"embeddable":true,"href":"https:\/\/temucotelevision.cl\/web\/wp-json\/wp\/v2\/users\/1"}],"replies":[{"embeddable":true,"href":"https:\/\/temucotelevision.cl\/web\/wp-json\/wp\/v2\/comments?post=17365"}],"version-history":[{"count":18,"href":"https:\/\/temucotelevision.cl\/web\/wp-json\/wp\/v2\/posts\/17365\/revisions"}],"predecessor-version":[{"id":17388,"href":"https:\/\/temucotelevision.cl\/web\/wp-json\/wp\/v2\/posts\/17365\/revisions\/17388"}],"wp:featuredmedia":[{"embeddable":true,"href":"https:\/\/temucotelevision.cl\/web\/wp-json\/wp\/v2\/media\/17366"}],"wp:attachment":[{"href":"https:\/\/temucotelevision.cl\/web\/wp-json\/wp\/v2\/media?parent=17365"}],"wp:term":[{"taxonomy":"category","embeddable":true,"href":"https:\/\/temucotelevision.cl\/web\/wp-json\/wp\/v2\/categories?post=17365"},{"taxonomy":"post_tag","embeddable":true,"href":"https:\/\/temucotelevision.cl\/web\/wp-json\/wp\/v2\/tags?post=17365"}],"curies":[{"name":"wp","href":"https:\/\/api.w.org\/{rel}","templated":true}]}}