{"id":17362,"date":"2020-12-18T20:12:28","date_gmt":"2020-12-18T23:12:28","guid":{"rendered":"https:\/\/temucotelevision.cl\/web\/?p=17362"},"modified":"2020-12-18T20:12:31","modified_gmt":"2020-12-18T23:12:31","slug":"departamento-de-salud-municipal-extiende-atencion-de-sus-clinicas-moviles-para-toma-de-pcr-durante-este-fin-de-semana","status":"publish","type":"post","link":"https:\/\/temucotelevision.cl\/web\/2020\/12\/18\/departamento-de-salud-municipal-extiende-atencion-de-sus-clinicas-moviles-para-toma-de-pcr-durante-este-fin-de-semana\/","title":{"rendered":"Departamento de Salud Municipal extiende atenci\u00f3n de sus cl\u00ednicas m\u00f3viles para toma de PCR durante este fin de semana"},"content":{"rendered":"<div class=\"pvc_clear\"><\/div><p id=\"pvc_stats_17362\" class=\"pvc_stats total_only  \" data-element-id=\"17362\" style=\"\"><i class=\"pvc-stats-icon large\" aria-hidden=\"true\"><svg aria-hidden=\"true\" focusable=\"false\" data-prefix=\"far\" data-icon=\"chart-bar\" role=\"img\" xmlns=\"http:\/\/www.w3.org\/2000\/svg\" viewBox=\"0 0 512 512\" class=\"svg-inline--fa fa-chart-bar fa-w-16 fa-2x\"><path fill=\"currentColor\" d=\"M396.8 352h22.4c6.4 0 12.8-6.4 12.8-12.8V108.8c0-6.4-6.4-12.8-12.8-12.8h-22.4c-6.4 0-12.8 6.4-12.8 12.8v230.4c0 6.4 6.4 12.8 12.8 12.8zm-192 0h22.4c6.4 0 12.8-6.4 12.8-12.8V140.8c0-6.4-6.4-12.8-12.8-12.8h-22.4c-6.4 0-12.8 6.4-12.8 12.8v198.4c0 6.4 6.4 12.8 12.8 12.8zm96 0h22.4c6.4 0 12.8-6.4 12.8-12.8V204.8c0-6.4-6.4-12.8-12.8-12.8h-22.4c-6.4 0-12.8 6.4-12.8 12.8v134.4c0 6.4 6.4 12.8 12.8 12.8zM496 400H48V80c0-8.84-7.16-16-16-16H16C7.16 64 0 71.16 0 80v336c0 17.67 14.33 32 32 32h464c8.84 0 16-7.16 16-16v-16c0-8.84-7.16-16-16-16zm-387.2-48h22.4c6.4 0 12.8-6.4 12.8-12.8v-70.4c0-6.4-6.4-12.8-12.8-12.8h-22.4c-6.4 0-12.8 6.4-12.8 12.8v70.4c0 6.4 6.4 12.8 12.8 12.8z\" class=\"\"><\/path><\/svg><\/i> <img loading=\"lazy\" decoding=\"async\" width=\"16\" height=\"16\" alt=\"Loading\" src=\"https:\/\/temucotelevision.cl\/web\/wp-content\/plugins\/page-views-count\/ajax-loader-2x.gif\" border=0 \/><\/p><div class=\"pvc_clear\"><\/div>\n<p><em>Desde el unidad de salud del municipio, reforzar\u00e1n los esfuerzos en la pesquisa de casos, debido al aumento de flujo de personas durante el desarrollo del eclipse.&nbsp;<\/em><\/p>\n\n\n\n<p>Un importante anuncio realiz\u00f3 el departamento de Salud de la Municipalidad de Temuco, al confirmar la ampliaci\u00f3n en los d\u00edas de atenci\u00f3n para la toma de ex\u00e1menes PCR gratuitos, que se desarrollan a trav\u00e9s de sus cl\u00ednicas m\u00f3viles dento-oftalmol\u00f3gica y dental preventiva. Las que son operadas por personal del Laboratorio Cl\u00ednico Municipal y el Cesfam el Carmen.&nbsp;<\/p>\n\n\n\n<p>A lo anterior, se debe agregar, que las cl\u00ednicas m\u00f3viles (que usualmente operan de lunes a viernes) estar\u00e1n funcionando este s\u00e1bado 19 de diciembre en la Plaza An\u00edbal Pinto de Temuco y el Terminal de Buses Rurales (calle An\u00edbal Pinto #32). Mientras que el d\u00eda domingo funcionar\u00e1 en el estacionamiento del Supermercado L\u00edder, ubicado en la avenida Prieto Norte de la capital regional, desde las 09:30 horas hasta agotar stock, donde se esperan realizar m\u00e1s de 200 ex\u00e1menes hisopados nasofar\u00edngeos durante el fin de semana.&nbsp;<\/p>\n\n\n\n<p>Ante esto, el director del departamento de Salud Municipal, Carlos Vallette Flores, destac\u00f3 la medida adoptada, que permitir\u00e1 detectar casos asintom\u00e1ticos de Covid-19. \u201c<em>Sin duda que estamos preocupados y queremos reforzar a nuestros equipos que actualmente est\u00e1n realizando los ex\u00e1menes. Para ello, hemos extendido el horario para los d\u00edas s\u00e1bado 19 y domingo 20 de diciembre donde estaremos en el terminal rural y la plaza An\u00edbal Pinto, adem\u00e1s, el d\u00eda domingo, en conjunto con el Servicio de Salud Araucan\u00eda Sur vamos a estar en el Supermercado L\u00edder de Prieto Norte&#8221;.<\/em><\/p>\n\n\n\n<p>En cuanto a cifras, el laboratorio Cl\u00ednico Municipal ha desarrollado m\u00e1s de 30 mil testeos PCR contra el Covid-19 desde abril de 2020 hasta la fecha, arrojando un 7% de positividad acumulado en los ex\u00e1menes, donde casi el 70% de las muestras se han desarrollado en terreno, con el fin de evitar que los pacientes salgan de sus domicilios, mientras que el porcentaje restante se ha realizado en los centros de salud municipales.&nbsp;<\/p>\n\n\n\n<p>Macarena Figueroa, coordinadora del equipo de B\u00fasqueda Activa de Casos del departamento de Salud, agreg\u00f3 que es importante reforzar los esfuerzos en la toma de test, debido a que, en los \u00faltimos d\u00edas Temuco tuvo un aumento significativo de visitantes, por motivos del eclipse, &#8220;<em>producto del eclipse ocurrido el pasado 14 de diciembre, nos dimos cuenta de un aumento significativo de la poblaci\u00f3n flotante que visit\u00f3 en nuestra comuna, as\u00ed que debemos estar preparados ante un posible rebrote de contagios asociados al virus, que pueda ocurrir en los pr\u00f3ximas semanas. En base a esto, quisimos adelantarnos a este evento extendiendo la atenci\u00f3n de ex\u00e1menes PCR en terreno durante el fin de semana y el pr\u00f3ximo 26 de diciembre&#8221;,<\/em>&nbsp;cerr\u00f3.<\/p>\n\n\n\n<p>Es importante precisar, que para la toma de examen el paciente debe acudir con su permiso temporal correspondiente y su c\u00e9dula de identidad, en caso que no posea una, debe portal el comprobante de c\u00e9dula. Si es menor de edad, puede acudir a ambas cl\u00ednicas m\u00f3viles siempre y cuando est\u00e9 en compa\u00f1\u00eda de un adulto.&nbsp;<\/p>\n\n\n\n<p>Desde el departamento de Salud, tambi\u00e9n se confirm\u00f3 que las cl\u00ednicas m\u00f3viles tambi\u00e9n funcionar\u00e1n durante el 26 de diciembre, aunque el lugar ser\u00e1 confirmado en los pr\u00f3ximos d\u00edas.&nbsp;<\/p>\n","protected":false},"excerpt":{"rendered":"<div class=\"pvc_clear\"><\/div>\n<p id=\"pvc_stats_17362\" class=\"pvc_stats total_only  \" data-element-id=\"17362\" style=\"\"><i class=\"pvc-stats-icon large\" aria-hidden=\"true\"><svg aria-hidden=\"true\" focusable=\"false\" data-prefix=\"far\" data-icon=\"chart-bar\" role=\"img\" xmlns=\"http:\/\/www.w3.org\/2000\/svg\" viewBox=\"0 0 512 512\" class=\"svg-inline--fa fa-chart-bar fa-w-16 fa-2x\"><path fill=\"currentColor\" d=\"M396.8 352h22.4c6.4 0 12.8-6.4 12.8-12.8V108.8c0-6.4-6.4-12.8-12.8-12.8h-22.4c-6.4 0-12.8 6.4-12.8 12.8v230.4c0 6.4 6.4 12.8 12.8 12.8zm-192 0h22.4c6.4 0 12.8-6.4 12.8-12.8V140.8c0-6.4-6.4-12.8-12.8-12.8h-22.4c-6.4 0-12.8 6.4-12.8 12.8v198.4c0 6.4 6.4 12.8 12.8 12.8zm96 0h22.4c6.4 0 12.8-6.4 12.8-12.8V204.8c0-6.4-6.4-12.8-12.8-12.8h-22.4c-6.4 0-12.8 6.4-12.8 12.8v134.4c0 6.4 6.4 12.8 12.8 12.8zM496 400H48V80c0-8.84-7.16-16-16-16H16C7.16 64 0 71.16 0 80v336c0 17.67 14.33 32 32 32h464c8.84 0 16-7.16 16-16v-16c0-8.84-7.16-16-16-16zm-387.2-48h22.4c6.4 0 12.8-6.4 12.8-12.8v-70.4c0-6.4-6.4-12.8-12.8-12.8h-22.4c-6.4 0-12.8 6.4-12.8 12.8v70.4c0 6.4 6.4 12.8 12.8 12.8z\" class=\"\"><\/path><\/svg><\/i> <img loading=\"lazy\" decoding=\"async\" width=\"16\" height=\"16\" alt=\"Loading\" src=\"https:\/\/temucotelevision.cl\/web\/wp-content\/plugins\/page-views-count\/ajax-loader-2x.gif\" border=0 \/><\/p>\n<div class=\"pvc_clear\"><\/div>\n<p>Desde el unidad de salud del municipio, reforzar\u00e1n los esfuerzos en la pesquisa de casos, debido al aumento de flujo<\/p>\n","protected":false},"author":1,"featured_media":17363,"comment_status":"open","ping_status":"open","sticky":false,"template":"","format":"standard","meta":{"colormag_page_container_layout":"default_layout","colormag_page_sidebar_layout":"default_layout","footnotes":""},"categories":[15],"tags":[253,886,1308],"class_list":["post-17362","post","type-post","status-publish","format-standard","has-post-thumbnail","hentry","category-la-araucania","tag-atencion","tag-clinica","tag-movil"],"a3_pvc":{"activated":true,"total_views":69,"today_views":0},"_links":{"self":[{"href":"https:\/\/temucotelevision.cl\/web\/wp-json\/wp\/v2\/posts\/17362","targetHints":{"allow":["GET"]}}],"collection":[{"href":"https:\/\/temucotelevision.cl\/web\/wp-json\/wp\/v2\/posts"}],"about":[{"href":"https:\/\/temucotelevision.cl\/web\/wp-json\/wp\/v2\/types\/post"}],"author":[{"embeddable":true,"href":"https:\/\/temucotelevision.cl\/web\/wp-json\/wp\/v2\/users\/1"}],"replies":[{"embeddable":true,"href":"https:\/\/temucotelevision.cl\/web\/wp-json\/wp\/v2\/comments?post=17362"}],"version-history":[{"count":1,"href":"https:\/\/temucotelevision.cl\/web\/wp-json\/wp\/v2\/posts\/17362\/revisions"}],"predecessor-version":[{"id":17364,"href":"https:\/\/temucotelevision.cl\/web\/wp-json\/wp\/v2\/posts\/17362\/revisions\/17364"}],"wp:featuredmedia":[{"embeddable":true,"href":"https:\/\/temucotelevision.cl\/web\/wp-json\/wp\/v2\/media\/17363"}],"wp:attachment":[{"href":"https:\/\/temucotelevision.cl\/web\/wp-json\/wp\/v2\/media?parent=17362"}],"wp:term":[{"taxonomy":"category","embeddable":true,"href":"https:\/\/temucotelevision.cl\/web\/wp-json\/wp\/v2\/categories?post=17362"},{"taxonomy":"post_tag","embeddable":true,"href":"https:\/\/temucotelevision.cl\/web\/wp-json\/wp\/v2\/tags?post=17362"}],"curies":[{"name":"wp","href":"https:\/\/api.w.org\/{rel}","templated":true}]}}