{"id":17356,"date":"2020-12-18T16:58:01","date_gmt":"2020-12-18T19:58:01","guid":{"rendered":"https:\/\/temucotelevision.cl\/web\/?p=17356"},"modified":"2020-12-18T16:58:03","modified_gmt":"2020-12-18T19:58:03","slug":"micro-y-pequenas-empresas-son-quienes-mas-han-utilizado-el-subsidio-al-empleo-en-la-araucania","status":"publish","type":"post","link":"https:\/\/temucotelevision.cl\/web\/2020\/12\/18\/micro-y-pequenas-empresas-son-quienes-mas-han-utilizado-el-subsidio-al-empleo-en-la-araucania\/","title":{"rendered":"Micro y peque\u00f1as empresas son quienes m\u00e1s han utilizado el Subsidio al Empleo en La Araucan\u00eda"},"content":{"rendered":"<div class=\"pvc_clear\"><\/div><p id=\"pvc_stats_17356\" class=\"pvc_stats total_only  \" data-element-id=\"17356\" style=\"\"><i class=\"pvc-stats-icon large\" aria-hidden=\"true\"><svg aria-hidden=\"true\" focusable=\"false\" data-prefix=\"far\" data-icon=\"chart-bar\" role=\"img\" xmlns=\"http:\/\/www.w3.org\/2000\/svg\" viewBox=\"0 0 512 512\" class=\"svg-inline--fa fa-chart-bar fa-w-16 fa-2x\"><path fill=\"currentColor\" d=\"M396.8 352h22.4c6.4 0 12.8-6.4 12.8-12.8V108.8c0-6.4-6.4-12.8-12.8-12.8h-22.4c-6.4 0-12.8 6.4-12.8 12.8v230.4c0 6.4 6.4 12.8 12.8 12.8zm-192 0h22.4c6.4 0 12.8-6.4 12.8-12.8V140.8c0-6.4-6.4-12.8-12.8-12.8h-22.4c-6.4 0-12.8 6.4-12.8 12.8v198.4c0 6.4 6.4 12.8 12.8 12.8zm96 0h22.4c6.4 0 12.8-6.4 12.8-12.8V204.8c0-6.4-6.4-12.8-12.8-12.8h-22.4c-6.4 0-12.8 6.4-12.8 12.8v134.4c0 6.4 6.4 12.8 12.8 12.8zM496 400H48V80c0-8.84-7.16-16-16-16H16C7.16 64 0 71.16 0 80v336c0 17.67 14.33 32 32 32h464c8.84 0 16-7.16 16-16v-16c0-8.84-7.16-16-16-16zm-387.2-48h22.4c6.4 0 12.8-6.4 12.8-12.8v-70.4c0-6.4-6.4-12.8-12.8-12.8h-22.4c-6.4 0-12.8 6.4-12.8 12.8v70.4c0 6.4 6.4 12.8 12.8 12.8z\" class=\"\"><\/path><\/svg><\/i> <img loading=\"lazy\" decoding=\"async\" width=\"16\" height=\"16\" alt=\"Loading\" src=\"https:\/\/temucotelevision.cl\/web\/wp-content\/plugins\/page-views-count\/ajax-loader-2x.gif\" border=0 \/><\/p><div class=\"pvc_clear\"><\/div>\n<p><strong><em>Autoridades del Ministerio del Trabajo invitaron a los empleadores a postular al beneficio en <\/em><\/strong><a href=\"http:\/\/www.subsidioalempleo.cl\/\" target=\"_blank\" rel=\"noreferrer noopener nofollow\"><strong><em>www.subsidioalempleo.cl<\/em><\/strong><\/a><\/p>\n\n\n\n<p>Por medio del nuevo Subsidio al Empleo que implement\u00f3 el Gobierno ya han obtenido o recuperado su empleo m\u00e1s de 7 mil trabajadoras y trabajadores en La Araucan\u00eda, contando con la participaci\u00f3n de 1.900 empresas, de acuerdo a cifras entregadas por las autoridades locales a cargo de la medida.<\/p>\n\n\n\n<p>El Seremi del Trabajo, Patricio S\u00e1enz, destac\u00f3 el uso de este beneficio que entrega incentivos econ\u00f3micos a las empresas por cada trabajador o trabajadora que contraten o reincorporen, buscando recuperar empleos perdidos por consecuencia de la pandemia.<\/p>\n\n\n\n<p>\u201cEste subsidio est\u00e1 destinado a las empresas que han sido afectadas por la pandemia del Covid-19 y busca recuperar los empleos que se han perdido a nivel nacional y regional. Esta es una ayuda concreta para estos tiempos extremadamente dif\u00edciles y por lo mismo&nbsp;reforzamos nuestro llamado a las empresas a que accedan a este beneficio, ayudando a su recuperaci\u00f3n y a entregar fuentes laborales\u201d, coment\u00f3 el titular del Trabajo.<\/p>\n\n\n\n<p>Por su parte, el Director Regional del Sence, Ernesto Salazar, explic\u00f3 que las micro y peque\u00f1as empresas son las que mayormente han utilizado el beneficio. \u201cEn La Araucan\u00eda un 42 por ciento de los postulantes corresponden a microempresas y un 34 por ciento son peque\u00f1as empresas, lo que significa que este programa est\u00e1 favoreciendo a quienes se han visto mayormente afectados con la crisis sanitaria\u201d, coment\u00f3.<\/p>\n\n\n\n<p>De la misma forma se dio a conocer que la mayor\u00eda de los subsidios han sido destinados a bonificar nuevas contrataciones, con un 85 por ciento de las postulaciones, en tanto que un 15 por ciento han sido para la retenci\u00f3n de personas acogidas a la Ley de Protecci\u00f3n al Empleo.<\/p>\n\n\n\n<p><strong>Beneficios<\/strong><\/p>\n\n\n\n<p>El Subsidio al Empleo opera a trav\u00e9s de las l\u00edneas Regresa y Contrata. La primera de ellas est\u00e1 enfocada en incentivar la reincorporaci\u00f3n de los trabajadores cuyos contratos fueron suspendidos bajo la Ley de Protecci\u00f3n del Empleo, entregando a las empresas postulantes $160 mil por cada trabajador regresado.<\/p>\n\n\n\n<p>En el caso de la l\u00ednea Contrata, se busca impulsar la contrataci\u00f3n de trabajadores financiando el 50% de la remuneraci\u00f3n bruta imponible con un tope de $250 mil por cada nueva persona contratada. Si se contratan mujeres, j\u00f3venes o personas con discapacidad, sube al 60% de la remuneraci\u00f3n bruta, con un tope de $270 mil.<\/p>\n\n\n\n<p>Pueden postular empresas que tributen en primera categor\u00eda (incluidas Pymes, renta presunta, empresas individuales, etc.). Tambi\u00e9n lo pueden hacer, de forma excepcional, peque\u00f1os contribuyentes (como peque\u00f1os comerciantes, artesanos, suplementeros, entre otros).<\/p>\n\n\n\n<p>Se postula \u00fanicamente a trav\u00e9s de la p\u00e1gina\u00a0<a href=\"http:\/\/www.subsidioalempleo.cl\/\" target=\"_blank\" rel=\"noreferrer noopener nofollow\">www.subsidioalempleo.cl<\/a>, hasta el 31 de marzo de 2021.<\/p>\n","protected":false},"excerpt":{"rendered":"<div class=\"pvc_clear\"><\/div>\n<p id=\"pvc_stats_17356\" class=\"pvc_stats total_only  \" data-element-id=\"17356\" style=\"\"><i class=\"pvc-stats-icon large\" aria-hidden=\"true\"><svg aria-hidden=\"true\" focusable=\"false\" data-prefix=\"far\" data-icon=\"chart-bar\" role=\"img\" xmlns=\"http:\/\/www.w3.org\/2000\/svg\" viewBox=\"0 0 512 512\" class=\"svg-inline--fa fa-chart-bar fa-w-16 fa-2x\"><path fill=\"currentColor\" d=\"M396.8 352h22.4c6.4 0 12.8-6.4 12.8-12.8V108.8c0-6.4-6.4-12.8-12.8-12.8h-22.4c-6.4 0-12.8 6.4-12.8 12.8v230.4c0 6.4 6.4 12.8 12.8 12.8zm-192 0h22.4c6.4 0 12.8-6.4 12.8-12.8V140.8c0-6.4-6.4-12.8-12.8-12.8h-22.4c-6.4 0-12.8 6.4-12.8 12.8v198.4c0 6.4 6.4 12.8 12.8 12.8zm96 0h22.4c6.4 0 12.8-6.4 12.8-12.8V204.8c0-6.4-6.4-12.8-12.8-12.8h-22.4c-6.4 0-12.8 6.4-12.8 12.8v134.4c0 6.4 6.4 12.8 12.8 12.8zM496 400H48V80c0-8.84-7.16-16-16-16H16C7.16 64 0 71.16 0 80v336c0 17.67 14.33 32 32 32h464c8.84 0 16-7.16 16-16v-16c0-8.84-7.16-16-16-16zm-387.2-48h22.4c6.4 0 12.8-6.4 12.8-12.8v-70.4c0-6.4-6.4-12.8-12.8-12.8h-22.4c-6.4 0-12.8 6.4-12.8 12.8v70.4c0 6.4 6.4 12.8 12.8 12.8z\" class=\"\"><\/path><\/svg><\/i> <img loading=\"lazy\" decoding=\"async\" width=\"16\" height=\"16\" alt=\"Loading\" src=\"https:\/\/temucotelevision.cl\/web\/wp-content\/plugins\/page-views-count\/ajax-loader-2x.gif\" border=0 \/><\/p>\n<div class=\"pvc_clear\"><\/div>\n<p>Autoridades del Ministerio del Trabajo invitaron a los empleadores a postular al beneficio en www.subsidioalempleo.cl Por medio del nuevo Subsidio<\/p>\n","protected":false},"author":1,"featured_media":17357,"comment_status":"open","ping_status":"open","sticky":false,"template":"","format":"standard","meta":{"colormag_page_container_layout":"default_layout","colormag_page_sidebar_layout":"default_layout","footnotes":""},"categories":[15],"tags":[704,2058],"class_list":["post-17356","post","type-post","status-publish","format-standard","has-post-thumbnail","hentry","category-la-araucania","tag-empleo","tag-subsidio"],"a3_pvc":{"activated":true,"total_views":19,"today_views":0},"_links":{"self":[{"href":"https:\/\/temucotelevision.cl\/web\/wp-json\/wp\/v2\/posts\/17356","targetHints":{"allow":["GET"]}}],"collection":[{"href":"https:\/\/temucotelevision.cl\/web\/wp-json\/wp\/v2\/posts"}],"about":[{"href":"https:\/\/temucotelevision.cl\/web\/wp-json\/wp\/v2\/types\/post"}],"author":[{"embeddable":true,"href":"https:\/\/temucotelevision.cl\/web\/wp-json\/wp\/v2\/users\/1"}],"replies":[{"embeddable":true,"href":"https:\/\/temucotelevision.cl\/web\/wp-json\/wp\/v2\/comments?post=17356"}],"version-history":[{"count":1,"href":"https:\/\/temucotelevision.cl\/web\/wp-json\/wp\/v2\/posts\/17356\/revisions"}],"predecessor-version":[{"id":17358,"href":"https:\/\/temucotelevision.cl\/web\/wp-json\/wp\/v2\/posts\/17356\/revisions\/17358"}],"wp:featuredmedia":[{"embeddable":true,"href":"https:\/\/temucotelevision.cl\/web\/wp-json\/wp\/v2\/media\/17357"}],"wp:attachment":[{"href":"https:\/\/temucotelevision.cl\/web\/wp-json\/wp\/v2\/media?parent=17356"}],"wp:term":[{"taxonomy":"category","embeddable":true,"href":"https:\/\/temucotelevision.cl\/web\/wp-json\/wp\/v2\/categories?post=17356"},{"taxonomy":"post_tag","embeddable":true,"href":"https:\/\/temucotelevision.cl\/web\/wp-json\/wp\/v2\/tags?post=17356"}],"curies":[{"name":"wp","href":"https:\/\/api.w.org\/{rel}","templated":true}]}}