{"id":17351,"date":"2020-12-18T16:45:15","date_gmt":"2020-12-18T19:45:15","guid":{"rendered":"https:\/\/temucotelevision.cl\/web\/?p=17351"},"modified":"2020-12-18T16:54:42","modified_gmt":"2020-12-18T19:54:42","slug":"detienen-al-ladron-de-bicicletas-operaba-con-un-napoleon-en-la-plaza-de-armas-de-temuco","status":"publish","type":"post","link":"https:\/\/temucotelevision.cl\/web\/2020\/12\/18\/detienen-al-ladron-de-bicicletas-operaba-con-un-napoleon-en-la-plaza-de-armas-de-temuco\/","title":{"rendered":"Detienen al \u201cladr\u00f3n de bicicletas\u201d: operaba con un napole\u00f3n en la plaza de armas de Temuco"},"content":{"rendered":"<div class=\"pvc_clear\"><\/div><p id=\"pvc_stats_17351\" class=\"pvc_stats total_only  \" data-element-id=\"17351\" style=\"\"><i class=\"pvc-stats-icon large\" aria-hidden=\"true\"><svg aria-hidden=\"true\" focusable=\"false\" data-prefix=\"far\" data-icon=\"chart-bar\" role=\"img\" xmlns=\"http:\/\/www.w3.org\/2000\/svg\" viewBox=\"0 0 512 512\" class=\"svg-inline--fa fa-chart-bar fa-w-16 fa-2x\"><path fill=\"currentColor\" d=\"M396.8 352h22.4c6.4 0 12.8-6.4 12.8-12.8V108.8c0-6.4-6.4-12.8-12.8-12.8h-22.4c-6.4 0-12.8 6.4-12.8 12.8v230.4c0 6.4 6.4 12.8 12.8 12.8zm-192 0h22.4c6.4 0 12.8-6.4 12.8-12.8V140.8c0-6.4-6.4-12.8-12.8-12.8h-22.4c-6.4 0-12.8 6.4-12.8 12.8v198.4c0 6.4 6.4 12.8 12.8 12.8zm96 0h22.4c6.4 0 12.8-6.4 12.8-12.8V204.8c0-6.4-6.4-12.8-12.8-12.8h-22.4c-6.4 0-12.8 6.4-12.8 12.8v134.4c0 6.4 6.4 12.8 12.8 12.8zM496 400H48V80c0-8.84-7.16-16-16-16H16C7.16 64 0 71.16 0 80v336c0 17.67 14.33 32 32 32h464c8.84 0 16-7.16 16-16v-16c0-8.84-7.16-16-16-16zm-387.2-48h22.4c6.4 0 12.8-6.4 12.8-12.8v-70.4c0-6.4-6.4-12.8-12.8-12.8h-22.4c-6.4 0-12.8 6.4-12.8 12.8v70.4c0 6.4 6.4 12.8 12.8 12.8z\" class=\"\"><\/path><\/svg><\/i> <img loading=\"lazy\" decoding=\"async\" width=\"16\" height=\"16\" alt=\"Loading\" src=\"https:\/\/temucotelevision.cl\/web\/wp-content\/plugins\/page-views-count\/ajax-loader-2x.gif\" border=0 \/><\/p><div class=\"pvc_clear\"><\/div>\n<p>Carabineros de la 2\u00aa Comisar\u00eda \u201cTemuco\u201d en sus permanentes controles, fiscalizaciones y patrullajes preventivos por la ciudad, detuvo en las \u00faltimas horas al \u201cladr\u00f3n de bicicletas\u201d, quien operaba con un napole\u00f3n en la plaza de armas de la capital de La Araucan\u00eda.<\/p>\n\n\n\n<p>El sujeto, identificado como John S\u00e1ez Mariangel, de 36 a\u00f1os de edad -quien mantiene 26 detenciones anteriores por diferentes delitos-, lleg\u00f3 hasta la intersecci\u00f3n de calle Varas y Bulnes, se acerc\u00f3 al estacionamiento de bicicletas y ocultando el napole\u00f3n con una bolsa cort\u00f3 la cadena de una de las bicicletas y simplemente, se la llev\u00f3 pedaleando.&nbsp;<\/p>\n\n\n\n<p>Sin embargo, en menos de 48 horas el \u201cladr\u00f3n de bicicletas\u201d atac\u00f3 nuevamente, pero su ambici\u00f3n le jug\u00f3 una mala pasada. El delito fue frustrado y termin\u00f3 detenido por Carabineros.<\/p>\n\n\n\n<p>La v\u00edctima, una joven que hab\u00eda adquirido su bicicleta hace dos meses -avaluada en $400.000- para desplazarse hacia su trabajo y evitar la locomoci\u00f3n colectiva por la pandemia, recibi\u00f3 la buena noticia de parte de Carabineros.<\/p>\n\n\n\n<p>\u201cGracias a diferentes patrullajes, servicios desplegados en el sector centro de Temuco, se logr\u00f3 la detenci\u00f3n de esta persona la cual se estaba alistando a cometer el robo de una bicicleta. Por informaci\u00f3n policial y diligencias efectuadas, se conoci\u00f3 que 48 horas antes este delincuente hab\u00eda robado una bicicleta en la plaza de armas, la que se recuper\u00f3 y se entreg\u00f3 a su propietaria, quien estaba muy agradecida de la labor de Carabineros ya que la utilizaba para los desplazamientos hacia su trabajo\u201d, se\u00f1al\u00f3 el Capit\u00e1n Francisco Campos, comisario 2\u00aa Comisar\u00eda \u201cTemuco\u201d.<\/p>\n\n\n\n<p>La v\u00edctima, entreg\u00f3 en forma an\u00f3nima su agradecimiento a Carabineros de Chile por la r\u00e1pida recuperaci\u00f3n de la bicicleta y la detenci\u00f3n del ladr\u00f3n, \u201cfui al banco, dej\u00e9 mi bicicleta estacionada con seguro y en cinco minutos sal\u00ed y mi bicicleta ya no estaba (\u2026) cuando me llam\u00f3 Carabineros me dio una sensaci\u00f3n de tranquilidad porque es el esfuerzo de uno\u2026 fui altiro cuando me llamaron y estoy feliz, Carabineros actu\u00f3 muy r\u00e1pido y en el momento en que me robaron la bicicleta me contuvieron mucho y estoy realmente feliz\u201d, relat\u00f3.<\/p>\n\n\n\n<p>Seg\u00fan los antecedentes preliminares de la investigaci\u00f3n, el detenido robaba bicicletas para luego venderlas a un precio inferior por redes sociales. Ya hab\u00eda sido detenido el mes anterior por robo de bicicleta. &nbsp;<\/p>\n\n\n\n<p>Por instrucci\u00f3n de la Fiscal\u00eda, el detenido pasar\u00e1 este viernes a control de la detenci\u00f3n.<\/p>\n\n\n\n<figure class=\"wp-block-image size-large is-style-rounded\"><img loading=\"lazy\" decoding=\"async\" width=\"1024\" height=\"768\" src=\"https:\/\/temucotelevision.cl\/web\/wp-content\/uploads\/2020\/12\/entrega-bicicleta-1024x768.jpeg\" alt=\"\" class=\"wp-image-17353\" srcset=\"https:\/\/temucotelevision.cl\/web\/wp-content\/uploads\/2020\/12\/entrega-bicicleta-1024x768.jpeg 1024w, https:\/\/temucotelevision.cl\/web\/wp-content\/uploads\/2020\/12\/entrega-bicicleta-768x576.jpeg 768w, https:\/\/temucotelevision.cl\/web\/wp-content\/uploads\/2020\/12\/entrega-bicicleta.jpeg 1156w\" sizes=\"auto, (max-width: 1024px) 100vw, 1024px\" \/><\/figure>\n","protected":false},"excerpt":{"rendered":"<div class=\"pvc_clear\"><\/div>\n<p id=\"pvc_stats_17351\" class=\"pvc_stats total_only  \" data-element-id=\"17351\" style=\"\"><i class=\"pvc-stats-icon large\" aria-hidden=\"true\"><svg aria-hidden=\"true\" focusable=\"false\" data-prefix=\"far\" data-icon=\"chart-bar\" role=\"img\" xmlns=\"http:\/\/www.w3.org\/2000\/svg\" viewBox=\"0 0 512 512\" class=\"svg-inline--fa fa-chart-bar fa-w-16 fa-2x\"><path fill=\"currentColor\" d=\"M396.8 352h22.4c6.4 0 12.8-6.4 12.8-12.8V108.8c0-6.4-6.4-12.8-12.8-12.8h-22.4c-6.4 0-12.8 6.4-12.8 12.8v230.4c0 6.4 6.4 12.8 12.8 12.8zm-192 0h22.4c6.4 0 12.8-6.4 12.8-12.8V140.8c0-6.4-6.4-12.8-12.8-12.8h-22.4c-6.4 0-12.8 6.4-12.8 12.8v198.4c0 6.4 6.4 12.8 12.8 12.8zm96 0h22.4c6.4 0 12.8-6.4 12.8-12.8V204.8c0-6.4-6.4-12.8-12.8-12.8h-22.4c-6.4 0-12.8 6.4-12.8 12.8v134.4c0 6.4 6.4 12.8 12.8 12.8zM496 400H48V80c0-8.84-7.16-16-16-16H16C7.16 64 0 71.16 0 80v336c0 17.67 14.33 32 32 32h464c8.84 0 16-7.16 16-16v-16c0-8.84-7.16-16-16-16zm-387.2-48h22.4c6.4 0 12.8-6.4 12.8-12.8v-70.4c0-6.4-6.4-12.8-12.8-12.8h-22.4c-6.4 0-12.8 6.4-12.8 12.8v70.4c0 6.4 6.4 12.8 12.8 12.8z\" class=\"\"><\/path><\/svg><\/i> <img loading=\"lazy\" decoding=\"async\" width=\"16\" height=\"16\" alt=\"Loading\" src=\"https:\/\/temucotelevision.cl\/web\/wp-content\/plugins\/page-views-count\/ajax-loader-2x.gif\" border=0 \/><\/p>\n<div class=\"pvc_clear\"><\/div>\n<p>Carabineros de la 2\u00aa Comisar\u00eda \u201cTemuco\u201d en sus permanentes controles, fiscalizaciones y patrullajes preventivos por la ciudad, detuvo en las<\/p>\n","protected":false},"author":1,"featured_media":17352,"comment_status":"open","ping_status":"open","sticky":false,"template":"","format":"standard","meta":{"colormag_page_container_layout":"default_layout","colormag_page_sidebar_layout":"default_layout","footnotes":""},"categories":[16],"tags":[3345,949],"class_list":["post-17351","post","type-post","status-publish","format-standard","has-post-thumbnail","hentry","category-policial","tag-bicicletas","tag-ladron"],"a3_pvc":{"activated":true,"total_views":80,"today_views":0},"_links":{"self":[{"href":"https:\/\/temucotelevision.cl\/web\/wp-json\/wp\/v2\/posts\/17351","targetHints":{"allow":["GET"]}}],"collection":[{"href":"https:\/\/temucotelevision.cl\/web\/wp-json\/wp\/v2\/posts"}],"about":[{"href":"https:\/\/temucotelevision.cl\/web\/wp-json\/wp\/v2\/types\/post"}],"author":[{"embeddable":true,"href":"https:\/\/temucotelevision.cl\/web\/wp-json\/wp\/v2\/users\/1"}],"replies":[{"embeddable":true,"href":"https:\/\/temucotelevision.cl\/web\/wp-json\/wp\/v2\/comments?post=17351"}],"version-history":[{"count":1,"href":"https:\/\/temucotelevision.cl\/web\/wp-json\/wp\/v2\/posts\/17351\/revisions"}],"predecessor-version":[{"id":17354,"href":"https:\/\/temucotelevision.cl\/web\/wp-json\/wp\/v2\/posts\/17351\/revisions\/17354"}],"wp:featuredmedia":[{"embeddable":true,"href":"https:\/\/temucotelevision.cl\/web\/wp-json\/wp\/v2\/media\/17352"}],"wp:attachment":[{"href":"https:\/\/temucotelevision.cl\/web\/wp-json\/wp\/v2\/media?parent=17351"}],"wp:term":[{"taxonomy":"category","embeddable":true,"href":"https:\/\/temucotelevision.cl\/web\/wp-json\/wp\/v2\/categories?post=17351"},{"taxonomy":"post_tag","embeddable":true,"href":"https:\/\/temucotelevision.cl\/web\/wp-json\/wp\/v2\/tags?post=17351"}],"curies":[{"name":"wp","href":"https:\/\/api.w.org\/{rel}","templated":true}]}}