{"id":17348,"date":"2020-12-18T16:29:41","date_gmt":"2020-12-18T19:29:41","guid":{"rendered":"https:\/\/temucotelevision.cl\/web\/?p=17348"},"modified":"2020-12-18T16:29:44","modified_gmt":"2020-12-18T19:29:44","slug":"araucania-unidades-penales-retomaran-visitas-de-familiares-a-personas-privadas-de-libertad","status":"publish","type":"post","link":"https:\/\/temucotelevision.cl\/web\/2020\/12\/18\/araucania-unidades-penales-retomaran-visitas-de-familiares-a-personas-privadas-de-libertad\/","title":{"rendered":"Araucan\u00eda: Unidades Penales retomar\u00e1n visitas de familiares a personas privadas de libertad"},"content":{"rendered":"<div class=\"pvc_clear\"><\/div><p id=\"pvc_stats_17348\" class=\"pvc_stats total_only  \" data-element-id=\"17348\" style=\"\"><i class=\"pvc-stats-icon large\" aria-hidden=\"true\"><svg aria-hidden=\"true\" focusable=\"false\" data-prefix=\"far\" data-icon=\"chart-bar\" role=\"img\" xmlns=\"http:\/\/www.w3.org\/2000\/svg\" viewBox=\"0 0 512 512\" class=\"svg-inline--fa fa-chart-bar fa-w-16 fa-2x\"><path fill=\"currentColor\" d=\"M396.8 352h22.4c6.4 0 12.8-6.4 12.8-12.8V108.8c0-6.4-6.4-12.8-12.8-12.8h-22.4c-6.4 0-12.8 6.4-12.8 12.8v230.4c0 6.4 6.4 12.8 12.8 12.8zm-192 0h22.4c6.4 0 12.8-6.4 12.8-12.8V140.8c0-6.4-6.4-12.8-12.8-12.8h-22.4c-6.4 0-12.8 6.4-12.8 12.8v198.4c0 6.4 6.4 12.8 12.8 12.8zm96 0h22.4c6.4 0 12.8-6.4 12.8-12.8V204.8c0-6.4-6.4-12.8-12.8-12.8h-22.4c-6.4 0-12.8 6.4-12.8 12.8v134.4c0 6.4 6.4 12.8 12.8 12.8zM496 400H48V80c0-8.84-7.16-16-16-16H16C7.16 64 0 71.16 0 80v336c0 17.67 14.33 32 32 32h464c8.84 0 16-7.16 16-16v-16c0-8.84-7.16-16-16-16zm-387.2-48h22.4c6.4 0 12.8-6.4 12.8-12.8v-70.4c0-6.4-6.4-12.8-12.8-12.8h-22.4c-6.4 0-12.8 6.4-12.8 12.8v70.4c0 6.4 6.4 12.8 12.8 12.8z\" class=\"\"><\/path><\/svg><\/i> <img loading=\"lazy\" decoding=\"async\" width=\"16\" height=\"16\" alt=\"Loading\" src=\"https:\/\/temucotelevision.cl\/web\/wp-content\/plugins\/page-views-count\/ajax-loader-2x.gif\" border=0 \/><\/p><div class=\"pvc_clear\"><\/div>\n<p>En forma gradual, las unidades penales de la regi\u00f3n de La Araucan\u00eda comenzar\u00e1n a reanudar las visitas de familiares a personas privadas de libertad, luego que el Ministerio de Justicia y Derechos Humanos, junto a Gendarmer\u00eda de Chile iniciaran la implementaci\u00f3n de un nuevo protocolo para las regiones que se encuentren en fase 2 o superior.<\/p>\n\n\n\n<p>\u201cEs muy importante este desaf\u00edo que nos hemos planteado, en el sentido de que corresponde a un derecho humano. La pandemia y el covid 19 est\u00e1n entre nosotros, debemos aprender a vivir con esta enfermedad y es por eso que todo lo que se est\u00e1 haciendo va en esa direcci\u00f3n, siempre respetando y resguardando la salud, entendemos que es fundamental para los privados de libertad tener contacto con sus&nbsp;familiares\u201d, indic\u00f3 la Seremi de Justicia y Derechos Humanos, Stephanie Caminondo.<\/p>\n\n\n\n<p>La nueva modalidad de ingreso de visitas cuenta con la autorizaci\u00f3n de la autoridad sanitaria y se ajusta a un protocolo elaborado en conjunto entre el Ministerio de Justicia y Derechos Humanos, el Comit\u00e9 T\u00e9cnico del Ministerio de Salud y Gendarmer\u00eda de Chile.<\/p>\n\n\n\n<p>De esta manera, la Seremi Stephanie Caminondo, realiz\u00f3 una visita al Centro de Cumplimiento Penitenciario de Temuco, para verificar en terreno los protocolos y estrictas medidas que se aplicar\u00e1n en esta etapa, con la finalidad de proteger la salud y la vida de las personas privadas de libertad, adem\u00e1s de las de los funcionarios y funcionarias de Gendarmer\u00eda, oportunidad en la que se\u00f1al\u00f3 que&nbsp;\u201cestamos muy contentos de anunciar la reapertura en los recintos penitenciarios de la regi\u00f3n de La Araucan\u00eda de las visitas presenciales para las personas que se encuentran privadas de libertad, ya que desde el inicio de esta pandemia, \u00e9stas se encontraban suspendidas con el objetivo de evitar la propagaci\u00f3n del virus. Hoy estamos en el CCP de Temuco y hemos podido constatar y verificar, todas las medidas que se han adoptado para llevar a cabo estas visitas, entre ellas, la construcci\u00f3n de unos m\u00f3dulos especiales por parte de los mismos internos, de manera de resguardar la seguridad de todos\u201d.<\/p>\n\n\n\n<p>Por su parte, H\u00e9ctor Inostroza Orellana, Teniente Coronel Alcaide CCP Temuco, agreg\u00f3 que\u00a0\u201cen el marco del Plan Paso a Paso del Ministerio de Salud, el retorno va a ser en base a las instrucciones que tenemos seg\u00fan la fase en que est\u00e9 la comuna, ya en fase 2 podr\u00e1n ingresar hasta 5 personas por tramo, ya que el m\u00e1ximo de aforo que se puede tener en un recinto cerrado son 10 personas, considerando tambi\u00e9n a la poblaci\u00f3n penal. La idea es poder entregar una visita cada 15 d\u00edas de lunes a viernes y dejar los d\u00edas s\u00e1bado y domingo para encomiendas\u201d.<\/p>\n\n\n\n<p>Como medidas de seguridad sanitarias para el retorno gradual de las visitas, la unidad penal de Temuco, ha incorporado, adem\u00e1s de los cub\u00edculos, la instalaci\u00f3n de dispensadores de jab\u00f3n y alcohol gel seg\u00fan corresponda la normativa, elementos de protecci\u00f3n personal tanto para funcionarios como para usuarios y, adem\u00e1s. la utilizaci\u00f3n de la Body Scam, una m\u00e1quina de \u00faltima tecnolog\u00eda que permite una revisi\u00f3n menos invasiva hacia las personas que visitan a los penados.<\/p>\n\n\n\n<p>Es importante destacar que el retorno de visitas es voluntario, aquellos internos que por temor no quieren hacerlo, se les respetar\u00e1 ese derecho de no recibir visitas externas. M\u00e1s informaci\u00f3n del protocolo y paso a paso de visitas en <a href=\"https:\/\/www.gendarmeria.gob.cl\/corona_2020.html\" target=\"_blank\" rel=\"noreferrer noopener\">https:\/\/www.gendarmeria.gob.cl\/corona_2020.html<\/a><\/p>\n","protected":false},"excerpt":{"rendered":"<div class=\"pvc_clear\"><\/div>\n<p id=\"pvc_stats_17348\" class=\"pvc_stats total_only  \" data-element-id=\"17348\" style=\"\"><i class=\"pvc-stats-icon large\" aria-hidden=\"true\"><svg aria-hidden=\"true\" focusable=\"false\" data-prefix=\"far\" data-icon=\"chart-bar\" role=\"img\" xmlns=\"http:\/\/www.w3.org\/2000\/svg\" viewBox=\"0 0 512 512\" class=\"svg-inline--fa fa-chart-bar fa-w-16 fa-2x\"><path fill=\"currentColor\" d=\"M396.8 352h22.4c6.4 0 12.8-6.4 12.8-12.8V108.8c0-6.4-6.4-12.8-12.8-12.8h-22.4c-6.4 0-12.8 6.4-12.8 12.8v230.4c0 6.4 6.4 12.8 12.8 12.8zm-192 0h22.4c6.4 0 12.8-6.4 12.8-12.8V140.8c0-6.4-6.4-12.8-12.8-12.8h-22.4c-6.4 0-12.8 6.4-12.8 12.8v198.4c0 6.4 6.4 12.8 12.8 12.8zm96 0h22.4c6.4 0 12.8-6.4 12.8-12.8V204.8c0-6.4-6.4-12.8-12.8-12.8h-22.4c-6.4 0-12.8 6.4-12.8 12.8v134.4c0 6.4 6.4 12.8 12.8 12.8zM496 400H48V80c0-8.84-7.16-16-16-16H16C7.16 64 0 71.16 0 80v336c0 17.67 14.33 32 32 32h464c8.84 0 16-7.16 16-16v-16c0-8.84-7.16-16-16-16zm-387.2-48h22.4c6.4 0 12.8-6.4 12.8-12.8v-70.4c0-6.4-6.4-12.8-12.8-12.8h-22.4c-6.4 0-12.8 6.4-12.8 12.8v70.4c0 6.4 6.4 12.8 12.8 12.8z\" class=\"\"><\/path><\/svg><\/i> <img loading=\"lazy\" decoding=\"async\" width=\"16\" height=\"16\" alt=\"Loading\" src=\"https:\/\/temucotelevision.cl\/web\/wp-content\/plugins\/page-views-count\/ajax-loader-2x.gif\" border=0 \/><\/p>\n<div class=\"pvc_clear\"><\/div>\n<p>En forma gradual, las unidades penales de la regi\u00f3n de La Araucan\u00eda comenzar\u00e1n a reanudar las visitas de familiares a<\/p>\n","protected":false},"author":1,"featured_media":17349,"comment_status":"open","ping_status":"open","sticky":false,"template":"","format":"standard","meta":{"colormag_page_container_layout":"default_layout","colormag_page_sidebar_layout":"default_layout","footnotes":""},"categories":[15],"tags":[766,3344,3343],"class_list":["post-17348","post","type-post","status-publish","format-standard","has-post-thumbnail","hentry","category-la-araucania","tag-personas","tag-unidades","tag-visitas"],"a3_pvc":{"activated":true,"total_views":86,"today_views":0},"_links":{"self":[{"href":"https:\/\/temucotelevision.cl\/web\/wp-json\/wp\/v2\/posts\/17348","targetHints":{"allow":["GET"]}}],"collection":[{"href":"https:\/\/temucotelevision.cl\/web\/wp-json\/wp\/v2\/posts"}],"about":[{"href":"https:\/\/temucotelevision.cl\/web\/wp-json\/wp\/v2\/types\/post"}],"author":[{"embeddable":true,"href":"https:\/\/temucotelevision.cl\/web\/wp-json\/wp\/v2\/users\/1"}],"replies":[{"embeddable":true,"href":"https:\/\/temucotelevision.cl\/web\/wp-json\/wp\/v2\/comments?post=17348"}],"version-history":[{"count":1,"href":"https:\/\/temucotelevision.cl\/web\/wp-json\/wp\/v2\/posts\/17348\/revisions"}],"predecessor-version":[{"id":17350,"href":"https:\/\/temucotelevision.cl\/web\/wp-json\/wp\/v2\/posts\/17348\/revisions\/17350"}],"wp:featuredmedia":[{"embeddable":true,"href":"https:\/\/temucotelevision.cl\/web\/wp-json\/wp\/v2\/media\/17349"}],"wp:attachment":[{"href":"https:\/\/temucotelevision.cl\/web\/wp-json\/wp\/v2\/media?parent=17348"}],"wp:term":[{"taxonomy":"category","embeddable":true,"href":"https:\/\/temucotelevision.cl\/web\/wp-json\/wp\/v2\/categories?post=17348"},{"taxonomy":"post_tag","embeddable":true,"href":"https:\/\/temucotelevision.cl\/web\/wp-json\/wp\/v2\/tags?post=17348"}],"curies":[{"name":"wp","href":"https:\/\/api.w.org\/{rel}","templated":true}]}}