{"id":1733,"date":"2019-02-23T20:14:55","date_gmt":"2019-02-23T23:14:55","guid":{"rendered":"https:\/\/temucotelevision.cl\/web\/?p=1733"},"modified":"2019-02-23T20:20:24","modified_gmt":"2019-02-23T23:20:24","slug":"banda-revelacion-de-la-cumbia-ranchera-presenta-su-exito-una-gaviota","status":"publish","type":"post","link":"https:\/\/temucotelevision.cl\/web\/2019\/02\/23\/banda-revelacion-de-la-cumbia-ranchera-presenta-su-exito-una-gaviota\/","title":{"rendered":"Banda revelaci\u00f3n de la cumbia ranchera presenta su \u00e9xito &#8220;Una Gaviota&#8221;"},"content":{"rendered":"<div class=\"pvc_clear\"><\/div>\n<p id=\"pvc_stats_1733\" class=\"pvc_stats total_only  \" data-element-id=\"1733\" style=\"\"><i class=\"pvc-stats-icon large\" aria-hidden=\"true\"><svg aria-hidden=\"true\" focusable=\"false\" data-prefix=\"far\" data-icon=\"chart-bar\" role=\"img\" xmlns=\"http:\/\/www.w3.org\/2000\/svg\" viewBox=\"0 0 512 512\" class=\"svg-inline--fa fa-chart-bar fa-w-16 fa-2x\"><path fill=\"currentColor\" d=\"M396.8 352h22.4c6.4 0 12.8-6.4 12.8-12.8V108.8c0-6.4-6.4-12.8-12.8-12.8h-22.4c-6.4 0-12.8 6.4-12.8 12.8v230.4c0 6.4 6.4 12.8 12.8 12.8zm-192 0h22.4c6.4 0 12.8-6.4 12.8-12.8V140.8c0-6.4-6.4-12.8-12.8-12.8h-22.4c-6.4 0-12.8 6.4-12.8 12.8v198.4c0 6.4 6.4 12.8 12.8 12.8zm96 0h22.4c6.4 0 12.8-6.4 12.8-12.8V204.8c0-6.4-6.4-12.8-12.8-12.8h-22.4c-6.4 0-12.8 6.4-12.8 12.8v134.4c0 6.4 6.4 12.8 12.8 12.8zM496 400H48V80c0-8.84-7.16-16-16-16H16C7.16 64 0 71.16 0 80v336c0 17.67 14.33 32 32 32h464c8.84 0 16-7.16 16-16v-16c0-8.84-7.16-16-16-16zm-387.2-48h22.4c6.4 0 12.8-6.4 12.8-12.8v-70.4c0-6.4-6.4-12.8-12.8-12.8h-22.4c-6.4 0-12.8 6.4-12.8 12.8v70.4c0 6.4 6.4 12.8 12.8 12.8z\" class=\"\"><\/path><\/svg><\/i> <img loading=\"lazy\" decoding=\"async\" width=\"16\" height=\"16\" alt=\"Loading\" src=\"https:\/\/temucotelevision.cl\/web\/wp-content\/plugins\/page-views-count\/ajax-loader-2x.gif\" border=0 \/><\/p>\n<div class=\"pvc_clear\"><\/div>\n<p style=\"text-align: justify;\">Este es el segundo sencillo promocional de Vicho y las Gaviotas del Norte, que con su carrera musical en despegue, ya son furor en los escenarios m\u00e1s populares del pa\u00eds.<\/p>\n<p style=\"text-align: justify;\">Vicho y Las Gaviotas del Norte son una banda de cumbia ranchera oriunda de Estaci\u00f3n Central en Santiago. Est\u00e1 compuesta por su cantante Vicente &#8220;Vicho&#8221; Espinoza, Magaly Tamayo como cantante femenina y corista, Palomo Adams en el acorde\u00f3n, Pinky en el bajo y Tattoo del Carmen en la percusi\u00f3n latina. Despu\u00e9s de casi 2 a\u00f1os de autogesti\u00f3n, acaban de firmar con la multinacional Warner Music Chile, entreg\u00e1ndole as\u00ed m\u00e1s fuerza a su alegre propuesta musical.<\/p>\n<p style=\"text-align: justify;\">Hoy estrenan su segundo sencillo promocional titulado &#8220;Una Gaviota&#8221; que en palabras de Vicho: &#8220;Es la canci\u00f3n que cuenta c\u00f3mo se form\u00f3 VLG y la familia que terminamos siendo&#8230; una cumbia ranchera, alegre y festiva.&#8221; Palomo Adams comenta, &#8220;Esta es una de las canciones que m\u00e1s me gusta tocar. Habla de nuestra historia, de lo feliz que nos hace tocar m\u00fasica. Una canci\u00f3n emocionante&#8221;.<\/p>\n<p style=\"text-align: justify;\">Vicho y las Gaviotas del Norte se han presentado en los principales festivales de m\u00fasica popular a lo largo de Chile, recorriendo diversos escenarios contagiando al p\u00fablico con su peculiar estilo. Ejemplo de ello fue su show en el Estadio de Trup\u00e1n en Tucapel el 9 de febrero, y el reciente concierto que dieron en Dalcahue, en la isla de Chilo\u00e9 en el marco del 1er Festival &#8220;Entre Voces y Dalcas&#8221;, el s\u00e1bado 16 de febrero reci\u00e9n pasado; habi\u00e9ndose presentado as\u00ed ante una audiencia de m\u00e1s de 6.000 personas.<\/p>\n<p><a href=\"https:\/\/wmgchile.lnk.to\/UnaGaviotaPR\" target=\"_blank\" rel=\"noopener\">ESCUCHA &#8220;UNA GAVIOTA&#8221; EN TU PLATAFORMA DIGITAL FAVORITA<\/a><br \/>\n<img loading=\"lazy\" decoding=\"async\" class=\"size-full wp-image-1736 aligncenter\" src=\"https:\/\/temucotelevision.cl\/web\/wp-content\/uploads\/2019\/02\/unnamed-4.jpg\" alt=\"\" width=\"800\" height=\"800\" srcset=\"https:\/\/temucotelevision.cl\/web\/wp-content\/uploads\/2019\/02\/unnamed-4.jpg 800w, https:\/\/temucotelevision.cl\/web\/wp-content\/uploads\/2019\/02\/unnamed-4-768x768.jpg 768w\" sizes=\"auto, (max-width: 800px) 100vw, 800px\" \/><\/p>\n","protected":false},"excerpt":{"rendered":"<div class=\"pvc_clear\"><\/div>\n<p id=\"pvc_stats_1733\" class=\"pvc_stats total_only  \" data-element-id=\"1733\" style=\"\"><i class=\"pvc-stats-icon large\" aria-hidden=\"true\"><svg aria-hidden=\"true\" focusable=\"false\" data-prefix=\"far\" data-icon=\"chart-bar\" role=\"img\" xmlns=\"http:\/\/www.w3.org\/2000\/svg\" viewBox=\"0 0 512 512\" class=\"svg-inline--fa fa-chart-bar fa-w-16 fa-2x\"><path fill=\"currentColor\" d=\"M396.8 352h22.4c6.4 0 12.8-6.4 12.8-12.8V108.8c0-6.4-6.4-12.8-12.8-12.8h-22.4c-6.4 0-12.8 6.4-12.8 12.8v230.4c0 6.4 6.4 12.8 12.8 12.8zm-192 0h22.4c6.4 0 12.8-6.4 12.8-12.8V140.8c0-6.4-6.4-12.8-12.8-12.8h-22.4c-6.4 0-12.8 6.4-12.8 12.8v198.4c0 6.4 6.4 12.8 12.8 12.8zm96 0h22.4c6.4 0 12.8-6.4 12.8-12.8V204.8c0-6.4-6.4-12.8-12.8-12.8h-22.4c-6.4 0-12.8 6.4-12.8 12.8v134.4c0 6.4 6.4 12.8 12.8 12.8zM496 400H48V80c0-8.84-7.16-16-16-16H16C7.16 64 0 71.16 0 80v336c0 17.67 14.33 32 32 32h464c8.84 0 16-7.16 16-16v-16c0-8.84-7.16-16-16-16zm-387.2-48h22.4c6.4 0 12.8-6.4 12.8-12.8v-70.4c0-6.4-6.4-12.8-12.8-12.8h-22.4c-6.4 0-12.8 6.4-12.8 12.8v70.4c0 6.4 6.4 12.8 12.8 12.8z\" class=\"\"><\/path><\/svg><\/i> <img loading=\"lazy\" decoding=\"async\" width=\"16\" height=\"16\" alt=\"Loading\" src=\"https:\/\/temucotelevision.cl\/web\/wp-content\/plugins\/page-views-count\/ajax-loader-2x.gif\" border=0 \/><\/p>\n<div class=\"pvc_clear\"><\/div>\n<p>Este es el segundo sencillo promocional de Vicho y las Gaviotas del Norte, que con su carrera musical en despegue,<\/p>\n","protected":false},"author":1,"featured_media":1734,"comment_status":"open","ping_status":"open","sticky":false,"template":"","format":"standard","meta":{"colormag_page_container_layout":"default_layout","colormag_page_sidebar_layout":"default_layout","footnotes":""},"categories":[369],"tags":[635,637,141,311,636],"class_list":["post-1733","post","type-post","status-publish","format-standard","has-post-thumbnail","hentry","category-musica","tag-banda","tag-cumbia","tag-festival","tag-musica","tag-ranchera"],"a3_pvc":{"activated":true,"total_views":105,"today_views":0},"_links":{"self":[{"href":"https:\/\/temucotelevision.cl\/web\/wp-json\/wp\/v2\/posts\/1733","targetHints":{"allow":["GET"]}}],"collection":[{"href":"https:\/\/temucotelevision.cl\/web\/wp-json\/wp\/v2\/posts"}],"about":[{"href":"https:\/\/temucotelevision.cl\/web\/wp-json\/wp\/v2\/types\/post"}],"author":[{"embeddable":true,"href":"https:\/\/temucotelevision.cl\/web\/wp-json\/wp\/v2\/users\/1"}],"replies":[{"embeddable":true,"href":"https:\/\/temucotelevision.cl\/web\/wp-json\/wp\/v2\/comments?post=1733"}],"version-history":[{"count":3,"href":"https:\/\/temucotelevision.cl\/web\/wp-json\/wp\/v2\/posts\/1733\/revisions"}],"predecessor-version":[{"id":1739,"href":"https:\/\/temucotelevision.cl\/web\/wp-json\/wp\/v2\/posts\/1733\/revisions\/1739"}],"wp:featuredmedia":[{"embeddable":true,"href":"https:\/\/temucotelevision.cl\/web\/wp-json\/wp\/v2\/media\/1734"}],"wp:attachment":[{"href":"https:\/\/temucotelevision.cl\/web\/wp-json\/wp\/v2\/media?parent=1733"}],"wp:term":[{"taxonomy":"category","embeddable":true,"href":"https:\/\/temucotelevision.cl\/web\/wp-json\/wp\/v2\/categories?post=1733"},{"taxonomy":"post_tag","embeddable":true,"href":"https:\/\/temucotelevision.cl\/web\/wp-json\/wp\/v2\/tags?post=1733"}],"curies":[{"name":"wp","href":"https:\/\/api.w.org\/{rel}","templated":true}]}}