{"id":17327,"date":"2020-12-18T11:55:09","date_gmt":"2020-12-18T14:55:09","guid":{"rendered":"https:\/\/temucotelevision.cl\/web\/?p=17327"},"modified":"2020-12-18T11:55:11","modified_gmt":"2020-12-18T14:55:11","slug":"temuco-tribunal-de-juicio-oral-condena-a-10-anos-de-presidio-a-autora-de-homicidio-simple-en-plc","status":"publish","type":"post","link":"https:\/\/temucotelevision.cl\/web\/2020\/12\/18\/temuco-tribunal-de-juicio-oral-condena-a-10-anos-de-presidio-a-autora-de-homicidio-simple-en-plc\/","title":{"rendered":"Temuco: Tribunal de Juicio Oral condena a 10 a\u00f1os de presidio a autora de homicidio simple en PLC"},"content":{"rendered":"<div class=\"pvc_clear\"><\/div><p id=\"pvc_stats_17327\" class=\"pvc_stats total_only  \" data-element-id=\"17327\" style=\"\"><i class=\"pvc-stats-icon large\" aria-hidden=\"true\"><svg aria-hidden=\"true\" focusable=\"false\" data-prefix=\"far\" data-icon=\"chart-bar\" role=\"img\" xmlns=\"http:\/\/www.w3.org\/2000\/svg\" viewBox=\"0 0 512 512\" class=\"svg-inline--fa fa-chart-bar fa-w-16 fa-2x\"><path fill=\"currentColor\" d=\"M396.8 352h22.4c6.4 0 12.8-6.4 12.8-12.8V108.8c0-6.4-6.4-12.8-12.8-12.8h-22.4c-6.4 0-12.8 6.4-12.8 12.8v230.4c0 6.4 6.4 12.8 12.8 12.8zm-192 0h22.4c6.4 0 12.8-6.4 12.8-12.8V140.8c0-6.4-6.4-12.8-12.8-12.8h-22.4c-6.4 0-12.8 6.4-12.8 12.8v198.4c0 6.4 6.4 12.8 12.8 12.8zm96 0h22.4c6.4 0 12.8-6.4 12.8-12.8V204.8c0-6.4-6.4-12.8-12.8-12.8h-22.4c-6.4 0-12.8 6.4-12.8 12.8v134.4c0 6.4 6.4 12.8 12.8 12.8zM496 400H48V80c0-8.84-7.16-16-16-16H16C7.16 64 0 71.16 0 80v336c0 17.67 14.33 32 32 32h464c8.84 0 16-7.16 16-16v-16c0-8.84-7.16-16-16-16zm-387.2-48h22.4c6.4 0 12.8-6.4 12.8-12.8v-70.4c0-6.4-6.4-12.8-12.8-12.8h-22.4c-6.4 0-12.8 6.4-12.8 12.8v70.4c0 6.4 6.4 12.8 12.8 12.8z\" class=\"\"><\/path><\/svg><\/i> <img loading=\"lazy\" decoding=\"async\" width=\"16\" height=\"16\" alt=\"Loading\" src=\"https:\/\/temucotelevision.cl\/web\/wp-content\/plugins\/page-views-count\/ajax-loader-2x.gif\" border=0 \/><\/p><div class=\"pvc_clear\"><\/div>\n<p>El Tribunal de Juicio Oral en lo Penal de Temuco conden\u00f3 a Karla Viviana Riquelme Meri\u00f1o a la pena de 10 a\u00f1os y un d\u00eda de presidio efectivo, en calidad de autora del delito consumado de homicidio simple. Il\u00edcito perpetrado en diciembre del a\u00f1o pasado, en la comuna de Padre Las Casas.&nbsp;<\/p>\n\n\n\n<p>En fallo un\u00e1nime, el tribunal \u2013integrado por los magistrados Leonel Torres Labb\u00e9 (presidente), Mauricio Reuse Staub (redactor) y Wilfred Ziehlmann Zamorano\u2013 aplic\u00f3, adem\u00e1s, a Riquelme Meri\u00f1o las accesorias legales de inhabilitaci\u00f3n absoluta perpetua para cargos y oficios p\u00fablicos y derechos pol\u00edticos y la de inhabilitaci\u00f3n absoluta para profesiones titulares mientras dure la condena.<\/p>\n\n\n\n<p>Una vez que el fallo quede ejecutoriado, el tribunal dispuso que se proceda a la toma de muestras biol\u00f3gicas de la sentenciada para determinar su huella gen\u00e9tica e inclusi\u00f3n en el registro nacional de ADN de condenados.<\/p>\n\n\n\n<p>El tribunal dio por acreditado, m\u00e1s all\u00e1 de toda duda razonable, que durante la tarde y noche del 26 de diciembre de 2019, la acusada Karla Viviana Riquelme Meri\u00f1o, Jos\u00e9 Alejandro de la Fuente Miranda y al menos tres personas m\u00e1s permanecieron en un domicilio ubicado en la calle Corval\u00e1n,&nbsp; de la comuna de Padre Las Casas, compartiendo&nbsp; alimentos y bebidas alcoh\u00f3licas.&nbsp;<\/p>\n\n\n\n<p>\u201cEn la madrugada del 27 de diciembre, encontr\u00e1ndose todos los ocupantes de la casa en estado de ebriedad, Karla Riquelme inici\u00f3 una discusi\u00f3n con Jos\u00e9 de la Fuente, a quien agredi\u00f3 con un cuchillo, propin\u00e1ndole&nbsp; cuatro heridas cortopunzantes, una en la regi\u00f3n subescapular izquierda, una en el antebrazo izquierdo y dos en el flanco izquierdo del abdomen y t\u00f3rax, las que causaron el deceso del ofendido en el lugar\u201d.<\/p>\n","protected":false},"excerpt":{"rendered":"<div class=\"pvc_clear\"><\/div>\n<p id=\"pvc_stats_17327\" class=\"pvc_stats total_only  \" data-element-id=\"17327\" style=\"\"><i class=\"pvc-stats-icon large\" aria-hidden=\"true\"><svg aria-hidden=\"true\" focusable=\"false\" data-prefix=\"far\" data-icon=\"chart-bar\" role=\"img\" xmlns=\"http:\/\/www.w3.org\/2000\/svg\" viewBox=\"0 0 512 512\" class=\"svg-inline--fa fa-chart-bar fa-w-16 fa-2x\"><path fill=\"currentColor\" d=\"M396.8 352h22.4c6.4 0 12.8-6.4 12.8-12.8V108.8c0-6.4-6.4-12.8-12.8-12.8h-22.4c-6.4 0-12.8 6.4-12.8 12.8v230.4c0 6.4 6.4 12.8 12.8 12.8zm-192 0h22.4c6.4 0 12.8-6.4 12.8-12.8V140.8c0-6.4-6.4-12.8-12.8-12.8h-22.4c-6.4 0-12.8 6.4-12.8 12.8v198.4c0 6.4 6.4 12.8 12.8 12.8zm96 0h22.4c6.4 0 12.8-6.4 12.8-12.8V204.8c0-6.4-6.4-12.8-12.8-12.8h-22.4c-6.4 0-12.8 6.4-12.8 12.8v134.4c0 6.4 6.4 12.8 12.8 12.8zM496 400H48V80c0-8.84-7.16-16-16-16H16C7.16 64 0 71.16 0 80v336c0 17.67 14.33 32 32 32h464c8.84 0 16-7.16 16-16v-16c0-8.84-7.16-16-16-16zm-387.2-48h22.4c6.4 0 12.8-6.4 12.8-12.8v-70.4c0-6.4-6.4-12.8-12.8-12.8h-22.4c-6.4 0-12.8 6.4-12.8 12.8v70.4c0 6.4 6.4 12.8 12.8 12.8z\" class=\"\"><\/path><\/svg><\/i> <img loading=\"lazy\" decoding=\"async\" width=\"16\" height=\"16\" alt=\"Loading\" src=\"https:\/\/temucotelevision.cl\/web\/wp-content\/plugins\/page-views-count\/ajax-loader-2x.gif\" border=0 \/><\/p>\n<div class=\"pvc_clear\"><\/div>\n<p>El Tribunal de Juicio Oral en lo Penal de Temuco conden\u00f3 a Karla Viviana Riquelme Meri\u00f1o a la pena de<\/p>\n","protected":false},"author":1,"featured_media":1668,"comment_status":"open","ping_status":"open","sticky":false,"template":"","format":"standard","meta":{"colormag_page_container_layout":"default_layout","colormag_page_sidebar_layout":"default_layout","footnotes":""},"categories":[14],"tags":[3339,363,2629],"class_list":["post-17327","post","type-post","status-publish","format-standard","has-post-thumbnail","hentry","category-temuco","tag-autora","tag-homicidio","tag-presidio"],"a3_pvc":{"activated":true,"total_views":62,"today_views":0},"_links":{"self":[{"href":"https:\/\/temucotelevision.cl\/web\/wp-json\/wp\/v2\/posts\/17327","targetHints":{"allow":["GET"]}}],"collection":[{"href":"https:\/\/temucotelevision.cl\/web\/wp-json\/wp\/v2\/posts"}],"about":[{"href":"https:\/\/temucotelevision.cl\/web\/wp-json\/wp\/v2\/types\/post"}],"author":[{"embeddable":true,"href":"https:\/\/temucotelevision.cl\/web\/wp-json\/wp\/v2\/users\/1"}],"replies":[{"embeddable":true,"href":"https:\/\/temucotelevision.cl\/web\/wp-json\/wp\/v2\/comments?post=17327"}],"version-history":[{"count":1,"href":"https:\/\/temucotelevision.cl\/web\/wp-json\/wp\/v2\/posts\/17327\/revisions"}],"predecessor-version":[{"id":17328,"href":"https:\/\/temucotelevision.cl\/web\/wp-json\/wp\/v2\/posts\/17327\/revisions\/17328"}],"wp:featuredmedia":[{"embeddable":true,"href":"https:\/\/temucotelevision.cl\/web\/wp-json\/wp\/v2\/media\/1668"}],"wp:attachment":[{"href":"https:\/\/temucotelevision.cl\/web\/wp-json\/wp\/v2\/media?parent=17327"}],"wp:term":[{"taxonomy":"category","embeddable":true,"href":"https:\/\/temucotelevision.cl\/web\/wp-json\/wp\/v2\/categories?post=17327"},{"taxonomy":"post_tag","embeddable":true,"href":"https:\/\/temucotelevision.cl\/web\/wp-json\/wp\/v2\/tags?post=17327"}],"curies":[{"name":"wp","href":"https:\/\/api.w.org\/{rel}","templated":true}]}}