{"id":17322,"date":"2020-12-18T11:36:28","date_gmt":"2020-12-18T14:36:28","guid":{"rendered":"https:\/\/temucotelevision.cl\/web\/?p=17322"},"modified":"2020-12-18T11:36:30","modified_gmt":"2020-12-18T14:36:30","slug":"declaran-admisible-recurso-de-proteccion-para-salvar-arboles-de-calle-blanco-en-temuco","status":"publish","type":"post","link":"https:\/\/temucotelevision.cl\/web\/2020\/12\/18\/declaran-admisible-recurso-de-proteccion-para-salvar-arboles-de-calle-blanco-en-temuco\/","title":{"rendered":"Declaran admisible recurso de protecci\u00f3n para salvar \u00e1rboles de calle Blanco en Temuco"},"content":{"rendered":"<div class=\"pvc_clear\"><\/div><p id=\"pvc_stats_17322\" class=\"pvc_stats total_only  \" data-element-id=\"17322\" style=\"\"><i class=\"pvc-stats-icon large\" aria-hidden=\"true\"><svg aria-hidden=\"true\" focusable=\"false\" data-prefix=\"far\" data-icon=\"chart-bar\" role=\"img\" xmlns=\"http:\/\/www.w3.org\/2000\/svg\" viewBox=\"0 0 512 512\" class=\"svg-inline--fa fa-chart-bar fa-w-16 fa-2x\"><path fill=\"currentColor\" d=\"M396.8 352h22.4c6.4 0 12.8-6.4 12.8-12.8V108.8c0-6.4-6.4-12.8-12.8-12.8h-22.4c-6.4 0-12.8 6.4-12.8 12.8v230.4c0 6.4 6.4 12.8 12.8 12.8zm-192 0h22.4c6.4 0 12.8-6.4 12.8-12.8V140.8c0-6.4-6.4-12.8-12.8-12.8h-22.4c-6.4 0-12.8 6.4-12.8 12.8v198.4c0 6.4 6.4 12.8 12.8 12.8zm96 0h22.4c6.4 0 12.8-6.4 12.8-12.8V204.8c0-6.4-6.4-12.8-12.8-12.8h-22.4c-6.4 0-12.8 6.4-12.8 12.8v134.4c0 6.4 6.4 12.8 12.8 12.8zM496 400H48V80c0-8.84-7.16-16-16-16H16C7.16 64 0 71.16 0 80v336c0 17.67 14.33 32 32 32h464c8.84 0 16-7.16 16-16v-16c0-8.84-7.16-16-16-16zm-387.2-48h22.4c6.4 0 12.8-6.4 12.8-12.8v-70.4c0-6.4-6.4-12.8-12.8-12.8h-22.4c-6.4 0-12.8 6.4-12.8 12.8v70.4c0 6.4 6.4 12.8 12.8 12.8z\" class=\"\"><\/path><\/svg><\/i> <img loading=\"lazy\" decoding=\"async\" width=\"16\" height=\"16\" alt=\"Loading\" src=\"https:\/\/temucotelevision.cl\/web\/wp-content\/plugins\/page-views-count\/ajax-loader-2x.gif\" border=0 \/><\/p><div class=\"pvc_clear\"><\/div>\n<p>Con un recurso de protecci\u00f3n presentado el 30 de noviembre de 2020 y declarado admisible en forma por la Corte de Apelaciones de Temuco el 7 de diciembre de 2020, vecinas y vecinos del tradicional barrio temuquense Coilaco, zona de conservaci\u00f3n hist\u00f3rica seg\u00fan el Plan Regulador de la capital de La Araucan\u00eda, defienden los \u00e1rboles de calle Blanco amenazados por el proyecto&nbsp;Reposici\u00f3n eje Blanco Encalada &#8211; Paseo Las Flores, Temuco (Etapa 2).&nbsp;&nbsp;<\/p>\n\n\n\n<p>Con un monto de inversi\u00f3n de $687.249.497 financiado por el MINVU,&nbsp;el proyecto considera la reposici\u00f3n de la calzada y aceras de la calle Blanco Encalada, para el tramo entre Manuel Rodr\u00edguez y Balmaceda. Es as\u00ed como el 25 de noviembre la empresa constructora Mario Mariangel&nbsp;Ltda.,&nbsp;ejecutora del proyecto, procedi\u00f3 a talar 11 \u00e1rboles de calle Blanco Encalada, causando la indignaci\u00f3n en las vecinas y vecinos del barrio, incluyendo las floristas de calle Balmaceda, quienes desconoc\u00edan que el proyecto contemplaba el corte de los \u00e1rboles.<\/p>\n\n\n\n<p>Ante esto, Daniela Ayala, vecina del barrio, se\u00f1al\u00f3 que: \u201clos \u00e1rboles son parte de nuestro entorno, es un da\u00f1o terrible el que nos hacen, al ambiente y a tod@s nosotr@s. Se deber\u00eda redise\u00f1ar las obras para que se evite la tala de los \u00e1rboles. Estamos pidiendo explicaciones al SERVIU porque no hay transparencia de su parte, no podemos saber qu\u00e9 nos parece el proyecto completo porque no se nos ha informado a pesar de que hemos solicitado informaci\u00f3n, pero no hemos recibido respuestas.\u201d<\/p>\n\n\n\n<p>Seg\u00fan informaci\u00f3n recabada en el recurso de protecci\u00f3n, el proyecto pretende talar y eliminar los \u00e1rboles existentes de calle Blanco desde Rodr\u00edguez hasta Balmaceda. Son cerca de 30 \u00e1rboles amenazados, entre nativos, frutales y ornamentales, muchos de ellos plantados por las mismas familias, como un canelo de 33 a\u00f1os, \u00e1rbol end\u00e9mico y sagrado para el pueblo mapuche.<\/p>\n\n\n\n<p>Jos\u00e9 Ravest vecino del barrio agreg\u00f3 \u201cvivo hace 10 a\u00f1os en este barrio de conservaci\u00f3n hist\u00f3rica Coilaco\u2026 siento que es horroroso ver como la Municipalidad de Temuco, la constructora Mario Mariangel Ltda., el SERVIU y el MINVU,&nbsp;&nbsp;pasen por alto&nbsp;&nbsp;la conservaci\u00f3n de flora y fauna de este barrio hist\u00f3rico[\u2026] adem\u00e1s, pasan por alto, sin ning\u00fan consentimiento, el valioso recuerdo emotivo de nuestras vecinas, que en su ni\u00f1ez&nbsp;&nbsp;vieron cuando y&nbsp;&nbsp;como se plantaban aquellos \u00e1rboles [\u2026] es prioritario comentar que en esos \u00e1rboles podemos encontrar nidos, estancias moment\u00e1neas y desplazamientos de distintas aves nativas; chercanes, cachuditos, gorriones, tiuque, etc., y tambi\u00e9n paradas transitorias de aves como chirihue, torcaza y&nbsp;&nbsp;migratorias como choroy, mirlo, o tordos y huaravo. Insectos como escarabajos, de diversos tipos que bajan desde el cerro \u00d1ielol, dej\u00e1ndose caer en el importante refugio de nuestros \u00e1rboles, adem\u00e1s de mariposas, lib\u00e9lulas, etc.&nbsp;&nbsp;Es terrible la nula conciencia ambiental\u201d<\/p>\n\n\n\n<p>Este proyecto de infraestructura vial es llevado a cabo por el Ministerio de Vivienda y Urbanismo y el Servicio de Vivienda y Urbanismo de La Araucan\u00eda. Por su parte, la Municipalidad de Temuco es responsable de la mantenci\u00f3n y conservaci\u00f3n del arbolado urbano, en tanto bien nacional de uso p\u00fablico, por lo cual es el ente que autoriza la remoci\u00f3n de los \u00e1rboles para los proyectos de urbanismo.<\/p>\n\n\n\n<p>Ang\u00e9lica Lezano, de la ONG Verde Urbano se\u00f1ala: \u201cEsperamos que la Corte de Apelaciones de Temuco falle a favor de los.as vecinos.as del barrio Coilaco, restituya el deber del Estado de preservar la naturaleza y garantice los m\u00faltiples beneficios que brindan los \u00e1rboles a la comunidad. No es posible que por remodelar una v\u00eda de tr\u00e1nsito se destruya un bien com\u00fan. No se trata de hechos aislados, en Temuco vemos una deforestaci\u00f3n permanente a causa de proyectos viales e inmobiliarios que no integran el patrimonio natural\u201d.<\/p>\n\n\n\n<p>Desde la Red de Acci\u00f3n por los Derechos Ambientales, la bi\u00f3loga Alejandra Parra se\u00f1al\u00f3: \u201clos \u00e1rboles cumplen varios roles de importancia en la ciudad: limpian el aire, bajan la temperatura en verano, interceptan la lluvia en invierno infiltr\u00e1ndola en el suelo, dan albergue a especies de aves, insectos, reptiles y mam\u00edferos, y hermosean el paisaje haci\u00e9ndolo m\u00e1s acogedor. Cortar decenas de \u00e1rboles en una ciudad para remodelar una calle es despreciar el valor que estos seres vivos tienen no solo para las personas que habitan el sector sino que para todos los seres vivos que dependen de ellos.\u201d<\/p>\n\n\n\n<p>La orden de no innovar declarada a lugar por la Corte de Apelaciones de Temuco, proh\u00edbe que se contin\u00faen talando los \u00e1rboles hasta que se resuelva el fondo del recurso, lo cual deber\u00eda ocurrir en las pr\u00f3ximas semanas. Sin embargo, las vecinas y vecinos del barrio denuncian que el 14 de diciembre se volvi\u00f3 a talar un esp\u00e9cimen, y que se han da\u00f1ado las ra\u00edces y fustes de varios \u00e1rboles por la instalaci\u00f3n de tuber\u00edas, lo que constituye un desacato a la orden de la Corte.<\/p>\n","protected":false},"excerpt":{"rendered":"<div class=\"pvc_clear\"><\/div>\n<p id=\"pvc_stats_17322\" class=\"pvc_stats total_only  \" data-element-id=\"17322\" style=\"\"><i class=\"pvc-stats-icon large\" aria-hidden=\"true\"><svg aria-hidden=\"true\" focusable=\"false\" data-prefix=\"far\" data-icon=\"chart-bar\" role=\"img\" xmlns=\"http:\/\/www.w3.org\/2000\/svg\" viewBox=\"0 0 512 512\" class=\"svg-inline--fa fa-chart-bar fa-w-16 fa-2x\"><path fill=\"currentColor\" d=\"M396.8 352h22.4c6.4 0 12.8-6.4 12.8-12.8V108.8c0-6.4-6.4-12.8-12.8-12.8h-22.4c-6.4 0-12.8 6.4-12.8 12.8v230.4c0 6.4 6.4 12.8 12.8 12.8zm-192 0h22.4c6.4 0 12.8-6.4 12.8-12.8V140.8c0-6.4-6.4-12.8-12.8-12.8h-22.4c-6.4 0-12.8 6.4-12.8 12.8v198.4c0 6.4 6.4 12.8 12.8 12.8zm96 0h22.4c6.4 0 12.8-6.4 12.8-12.8V204.8c0-6.4-6.4-12.8-12.8-12.8h-22.4c-6.4 0-12.8 6.4-12.8 12.8v134.4c0 6.4 6.4 12.8 12.8 12.8zM496 400H48V80c0-8.84-7.16-16-16-16H16C7.16 64 0 71.16 0 80v336c0 17.67 14.33 32 32 32h464c8.84 0 16-7.16 16-16v-16c0-8.84-7.16-16-16-16zm-387.2-48h22.4c6.4 0 12.8-6.4 12.8-12.8v-70.4c0-6.4-6.4-12.8-12.8-12.8h-22.4c-6.4 0-12.8 6.4-12.8 12.8v70.4c0 6.4 6.4 12.8 12.8 12.8z\" class=\"\"><\/path><\/svg><\/i> <img loading=\"lazy\" decoding=\"async\" width=\"16\" height=\"16\" alt=\"Loading\" src=\"https:\/\/temucotelevision.cl\/web\/wp-content\/plugins\/page-views-count\/ajax-loader-2x.gif\" border=0 \/><\/p>\n<div class=\"pvc_clear\"><\/div>\n<p>Con un recurso de protecci\u00f3n presentado el 30 de noviembre de 2020 y declarado admisible en forma por la Corte<\/p>\n","protected":false},"author":1,"featured_media":17323,"comment_status":"open","ping_status":"open","sticky":false,"template":"","format":"standard","meta":{"colormag_page_container_layout":"default_layout","colormag_page_sidebar_layout":"default_layout","footnotes":""},"categories":[15],"tags":[518,2560],"class_list":["post-17322","post","type-post","status-publish","format-standard","has-post-thumbnail","hentry","category-la-araucania","tag-arboles","tag-blanco"],"a3_pvc":{"activated":true,"total_views":84,"today_views":0},"_links":{"self":[{"href":"https:\/\/temucotelevision.cl\/web\/wp-json\/wp\/v2\/posts\/17322","targetHints":{"allow":["GET"]}}],"collection":[{"href":"https:\/\/temucotelevision.cl\/web\/wp-json\/wp\/v2\/posts"}],"about":[{"href":"https:\/\/temucotelevision.cl\/web\/wp-json\/wp\/v2\/types\/post"}],"author":[{"embeddable":true,"href":"https:\/\/temucotelevision.cl\/web\/wp-json\/wp\/v2\/users\/1"}],"replies":[{"embeddable":true,"href":"https:\/\/temucotelevision.cl\/web\/wp-json\/wp\/v2\/comments?post=17322"}],"version-history":[{"count":1,"href":"https:\/\/temucotelevision.cl\/web\/wp-json\/wp\/v2\/posts\/17322\/revisions"}],"predecessor-version":[{"id":17324,"href":"https:\/\/temucotelevision.cl\/web\/wp-json\/wp\/v2\/posts\/17322\/revisions\/17324"}],"wp:featuredmedia":[{"embeddable":true,"href":"https:\/\/temucotelevision.cl\/web\/wp-json\/wp\/v2\/media\/17323"}],"wp:attachment":[{"href":"https:\/\/temucotelevision.cl\/web\/wp-json\/wp\/v2\/media?parent=17322"}],"wp:term":[{"taxonomy":"category","embeddable":true,"href":"https:\/\/temucotelevision.cl\/web\/wp-json\/wp\/v2\/categories?post=17322"},{"taxonomy":"post_tag","embeddable":true,"href":"https:\/\/temucotelevision.cl\/web\/wp-json\/wp\/v2\/tags?post=17322"}],"curies":[{"name":"wp","href":"https:\/\/api.w.org\/{rel}","templated":true}]}}