{"id":17319,"date":"2020-12-18T11:15:46","date_gmt":"2020-12-18T14:15:46","guid":{"rendered":"https:\/\/temucotelevision.cl\/web\/?p=17319"},"modified":"2020-12-18T11:16:06","modified_gmt":"2020-12-18T14:16:06","slug":"asociacion-de-consumidores-llama-a-realizar-compras-navidenas-con-precaucion-tras-cambio-de-fase","status":"publish","type":"post","link":"https:\/\/temucotelevision.cl\/web\/2020\/12\/18\/asociacion-de-consumidores-llama-a-realizar-compras-navidenas-con-precaucion-tras-cambio-de-fase\/","title":{"rendered":"Asociaci\u00f3n de Consumidores llama a realizar compras navide\u00f1as con precauci\u00f3n tras cambio de fase"},"content":{"rendered":"<div class=\"pvc_clear\"><\/div><p id=\"pvc_stats_17319\" class=\"pvc_stats total_only  \" data-element-id=\"17319\" style=\"\"><i class=\"pvc-stats-icon large\" aria-hidden=\"true\"><svg aria-hidden=\"true\" focusable=\"false\" data-prefix=\"far\" data-icon=\"chart-bar\" role=\"img\" xmlns=\"http:\/\/www.w3.org\/2000\/svg\" viewBox=\"0 0 512 512\" class=\"svg-inline--fa fa-chart-bar fa-w-16 fa-2x\"><path fill=\"currentColor\" d=\"M396.8 352h22.4c6.4 0 12.8-6.4 12.8-12.8V108.8c0-6.4-6.4-12.8-12.8-12.8h-22.4c-6.4 0-12.8 6.4-12.8 12.8v230.4c0 6.4 6.4 12.8 12.8 12.8zm-192 0h22.4c6.4 0 12.8-6.4 12.8-12.8V140.8c0-6.4-6.4-12.8-12.8-12.8h-22.4c-6.4 0-12.8 6.4-12.8 12.8v198.4c0 6.4 6.4 12.8 12.8 12.8zm96 0h22.4c6.4 0 12.8-6.4 12.8-12.8V204.8c0-6.4-6.4-12.8-12.8-12.8h-22.4c-6.4 0-12.8 6.4-12.8 12.8v134.4c0 6.4 6.4 12.8 12.8 12.8zM496 400H48V80c0-8.84-7.16-16-16-16H16C7.16 64 0 71.16 0 80v336c0 17.67 14.33 32 32 32h464c8.84 0 16-7.16 16-16v-16c0-8.84-7.16-16-16-16zm-387.2-48h22.4c6.4 0 12.8-6.4 12.8-12.8v-70.4c0-6.4-6.4-12.8-12.8-12.8h-22.4c-6.4 0-12.8 6.4-12.8 12.8v70.4c0 6.4 6.4 12.8 12.8 12.8z\" class=\"\"><\/path><\/svg><\/i> <img loading=\"lazy\" decoding=\"async\" width=\"16\" height=\"16\" alt=\"Loading\" src=\"https:\/\/temucotelevision.cl\/web\/wp-content\/plugins\/page-views-count\/ajax-loader-2x.gif\" border=0 \/><\/p><div class=\"pvc_clear\"><\/div>\n<p>El presidente de la Asociaci\u00f3n de Consumidores y Usuarios del Sur (CDS) y precandidato independiente a la Convenci\u00f3n Constituyente por el Distrito 23, Richard Caama\u00f1o, formul\u00f3 un llamado a la comunidad regional a mantener todas las precauciones con el levantamiento de la cuarentena desde este lunes y a realizar las compras navide\u00f1as con todos los resguardos sanitarios necesarios para evitar mayores contagios.<\/p>\n\n\n\n<p>\u201cComo asociaci\u00f3n de consumidores llamamos a consumir en forma responsable, evitar aglomeraciones, mantener todas las medidas sanitarias necesarias, como uso de mascarillas y alcohol en las manos, distanciamiento social\u201d inst\u00f3 Caama\u00f1o.<\/p>\n\n\n\n<p>El dirigente social explic\u00f3 que es tentador para los consumidores hacer uso del 10% de los Fondos de Pensiones que ser\u00e1 depositado en los pr\u00f3ximos d\u00edas, y ese ser\u00e1 el enfoque de la publicidad comercial en estos d\u00edas, pero advirti\u00f3 que la pandemia seguir\u00e1 acompa\u00f1ando por varios meses m\u00e1s y la situaci\u00f3n econ\u00f3mica seguir\u00e1 siendo riesgosa para muchas familias, por lo que \u201cmi llamado es a ser muy medido y responsable en los gastos evitando al m\u00e1ximo endeudarse, ojal\u00e1 ahorrar para los pr\u00f3ximos meses, porque la situaci\u00f3n que sigue es incierta\u201d.<\/p>\n\n\n\n<p>El dirigente social, sin militancia pol\u00edtica, aprovech\u00f3 de recordar a la comunidad la importancia de apoyar la participaci\u00f3n de independientes en la Convenci\u00f3n Constitucional, y especialmente en temas tan sensibles como la defensa contra los abusos a los consumidores y ciudadanos, ingresando en&nbsp;<a href=\"https:\/\/patrocinantes.servel.cl\/auth\/login\" target=\"_blank\" rel=\"noreferrer noopener\">https:\/\/patrocinantes.servel.cl\/auth\/login<\/a>&nbsp;en donde se debe concretar el patrocinio.<\/p>\n\n\n\n<p>\u201cInvito a la comunidad del Distrito 23 a patrocinar nuestra precandidatura, lo que significa hacer un sencillo tr\u00e1mite en el portal del SERVEL habilitado para ello que permitir\u00e1 tener este punto de vista en la redacci\u00f3n de la Constituci\u00f3n que regir\u00e1 nuestro pa\u00eds en los pr\u00f3ximas d\u00e9cadas. Su firma digital es fundamental si queremos cumplir el mandato del \u00faltimo plebiscito\u201d, indic\u00f3.\u00a0<\/p>\n\n\n\n<figure class=\"wp-block-image\"><img loading=\"lazy\" decoding=\"async\" width=\"800\" height=\"455\" src=\"https:\/\/temucotelevision.cl\/web\/wp-content\/uploads\/2020\/12\/Richard-Caama\u00f1o.jpg\" alt=\"\" class=\"wp-image-17290\" srcset=\"https:\/\/temucotelevision.cl\/web\/wp-content\/uploads\/2020\/12\/Richard-Caama\u00f1o.jpg 800w, https:\/\/temucotelevision.cl\/web\/wp-content\/uploads\/2020\/12\/Richard-Caama\u00f1o-768x437.jpg 768w\" sizes=\"auto, (max-width: 800px) 100vw, 800px\" \/><\/figure>\n","protected":false},"excerpt":{"rendered":"<div class=\"pvc_clear\"><\/div>\n<p id=\"pvc_stats_17319\" class=\"pvc_stats total_only  \" data-element-id=\"17319\" style=\"\"><i class=\"pvc-stats-icon large\" aria-hidden=\"true\"><svg aria-hidden=\"true\" focusable=\"false\" data-prefix=\"far\" data-icon=\"chart-bar\" role=\"img\" xmlns=\"http:\/\/www.w3.org\/2000\/svg\" viewBox=\"0 0 512 512\" class=\"svg-inline--fa fa-chart-bar fa-w-16 fa-2x\"><path fill=\"currentColor\" d=\"M396.8 352h22.4c6.4 0 12.8-6.4 12.8-12.8V108.8c0-6.4-6.4-12.8-12.8-12.8h-22.4c-6.4 0-12.8 6.4-12.8 12.8v230.4c0 6.4 6.4 12.8 12.8 12.8zm-192 0h22.4c6.4 0 12.8-6.4 12.8-12.8V140.8c0-6.4-6.4-12.8-12.8-12.8h-22.4c-6.4 0-12.8 6.4-12.8 12.8v198.4c0 6.4 6.4 12.8 12.8 12.8zm96 0h22.4c6.4 0 12.8-6.4 12.8-12.8V204.8c0-6.4-6.4-12.8-12.8-12.8h-22.4c-6.4 0-12.8 6.4-12.8 12.8v134.4c0 6.4 6.4 12.8 12.8 12.8zM496 400H48V80c0-8.84-7.16-16-16-16H16C7.16 64 0 71.16 0 80v336c0 17.67 14.33 32 32 32h464c8.84 0 16-7.16 16-16v-16c0-8.84-7.16-16-16-16zm-387.2-48h22.4c6.4 0 12.8-6.4 12.8-12.8v-70.4c0-6.4-6.4-12.8-12.8-12.8h-22.4c-6.4 0-12.8 6.4-12.8 12.8v70.4c0 6.4 6.4 12.8 12.8 12.8z\" class=\"\"><\/path><\/svg><\/i> <img loading=\"lazy\" decoding=\"async\" width=\"16\" height=\"16\" alt=\"Loading\" src=\"https:\/\/temucotelevision.cl\/web\/wp-content\/plugins\/page-views-count\/ajax-loader-2x.gif\" border=0 \/><\/p>\n<div class=\"pvc_clear\"><\/div>\n<p>El presidente de la Asociaci\u00f3n de Consumidores y Usuarios del Sur (CDS) y precandidato independiente a la Convenci\u00f3n Constituyente por<\/p>\n","protected":false},"author":1,"featured_media":14736,"comment_status":"open","ping_status":"open","sticky":false,"template":"","format":"standard","meta":{"colormag_page_container_layout":"default_layout","colormag_page_sidebar_layout":"default_layout","footnotes":""},"categories":[14],"tags":[2085],"class_list":["post-17319","post","type-post","status-publish","format-standard","has-post-thumbnail","hentry","category-temuco","tag-navidad"],"a3_pvc":{"activated":true,"total_views":16,"today_views":0},"_links":{"self":[{"href":"https:\/\/temucotelevision.cl\/web\/wp-json\/wp\/v2\/posts\/17319","targetHints":{"allow":["GET"]}}],"collection":[{"href":"https:\/\/temucotelevision.cl\/web\/wp-json\/wp\/v2\/posts"}],"about":[{"href":"https:\/\/temucotelevision.cl\/web\/wp-json\/wp\/v2\/types\/post"}],"author":[{"embeddable":true,"href":"https:\/\/temucotelevision.cl\/web\/wp-json\/wp\/v2\/users\/1"}],"replies":[{"embeddable":true,"href":"https:\/\/temucotelevision.cl\/web\/wp-json\/wp\/v2\/comments?post=17319"}],"version-history":[{"count":2,"href":"https:\/\/temucotelevision.cl\/web\/wp-json\/wp\/v2\/posts\/17319\/revisions"}],"predecessor-version":[{"id":17321,"href":"https:\/\/temucotelevision.cl\/web\/wp-json\/wp\/v2\/posts\/17319\/revisions\/17321"}],"wp:featuredmedia":[{"embeddable":true,"href":"https:\/\/temucotelevision.cl\/web\/wp-json\/wp\/v2\/media\/14736"}],"wp:attachment":[{"href":"https:\/\/temucotelevision.cl\/web\/wp-json\/wp\/v2\/media?parent=17319"}],"wp:term":[{"taxonomy":"category","embeddable":true,"href":"https:\/\/temucotelevision.cl\/web\/wp-json\/wp\/v2\/categories?post=17319"},{"taxonomy":"post_tag","embeddable":true,"href":"https:\/\/temucotelevision.cl\/web\/wp-json\/wp\/v2\/tags?post=17319"}],"curies":[{"name":"wp","href":"https:\/\/api.w.org\/{rel}","templated":true}]}}