{"id":17316,"date":"2020-12-18T11:11:03","date_gmt":"2020-12-18T14:11:03","guid":{"rendered":"https:\/\/temucotelevision.cl\/web\/?p=17316"},"modified":"2020-12-18T11:11:05","modified_gmt":"2020-12-18T14:11:05","slug":"vilcun-entregan-terrenos-para-construccion-de-nueva-piscina-recreacional-para-cherquenco%ef%bb%bf","status":"publish","type":"post","link":"https:\/\/temucotelevision.cl\/web\/2020\/12\/18\/vilcun-entregan-terrenos-para-construccion-de-nueva-piscina-recreacional-para-cherquenco%ef%bb%bf\/","title":{"rendered":"Vilc\u00fan: Entregan terrenos para construcci\u00f3n de nueva piscina recreacional para Cherquenco\ufeff"},"content":{"rendered":"<div class=\"pvc_clear\"><\/div><p id=\"pvc_stats_17316\" class=\"pvc_stats total_only  \" data-element-id=\"17316\" style=\"\"><i class=\"pvc-stats-icon large\" aria-hidden=\"true\"><svg aria-hidden=\"true\" focusable=\"false\" data-prefix=\"far\" data-icon=\"chart-bar\" role=\"img\" xmlns=\"http:\/\/www.w3.org\/2000\/svg\" viewBox=\"0 0 512 512\" class=\"svg-inline--fa fa-chart-bar fa-w-16 fa-2x\"><path fill=\"currentColor\" d=\"M396.8 352h22.4c6.4 0 12.8-6.4 12.8-12.8V108.8c0-6.4-6.4-12.8-12.8-12.8h-22.4c-6.4 0-12.8 6.4-12.8 12.8v230.4c0 6.4 6.4 12.8 12.8 12.8zm-192 0h22.4c6.4 0 12.8-6.4 12.8-12.8V140.8c0-6.4-6.4-12.8-12.8-12.8h-22.4c-6.4 0-12.8 6.4-12.8 12.8v198.4c0 6.4 6.4 12.8 12.8 12.8zm96 0h22.4c6.4 0 12.8-6.4 12.8-12.8V204.8c0-6.4-6.4-12.8-12.8-12.8h-22.4c-6.4 0-12.8 6.4-12.8 12.8v134.4c0 6.4 6.4 12.8 12.8 12.8zM496 400H48V80c0-8.84-7.16-16-16-16H16C7.16 64 0 71.16 0 80v336c0 17.67 14.33 32 32 32h464c8.84 0 16-7.16 16-16v-16c0-8.84-7.16-16-16-16zm-387.2-48h22.4c6.4 0 12.8-6.4 12.8-12.8v-70.4c0-6.4-6.4-12.8-12.8-12.8h-22.4c-6.4 0-12.8 6.4-12.8 12.8v70.4c0 6.4 6.4 12.8 12.8 12.8z\" class=\"\"><\/path><\/svg><\/i> <img loading=\"lazy\" decoding=\"async\" width=\"16\" height=\"16\" alt=\"Loading\" src=\"https:\/\/temucotelevision.cl\/web\/wp-content\/plugins\/page-views-count\/ajax-loader-2x.gif\" border=0 \/><\/p><div class=\"pvc_clear\"><\/div>\n<p>El proyecto de casi 60 millones de pesos, contempla la construcci\u00f3n de piscina, camarines, vestidores, servicios higi\u00e9nicos y sala de primeros auxilios.\u00a0<\/p>\n\n\n\n<p>A trav\u00e9s de un breve pero significativo acto administrativo, y contando con todas las medidas preventivas ante la pandemia, se llev\u00f3 a cabo la entrega del terreno a la empresa que tendr\u00e1 a cargo la construcci\u00f3n de las obras de la nueva piscina recreacional para Cherquenco, estructura que estar\u00e1 emplazada precisamente donde se encontraba la antigua estructura, a un costado del remodelado estadio municipal de la localidad.<\/p>\n\n\n\n<p>La actividad fue encabezada por la Alcaldesa de la comuna de Vilc\u00fan, Susana Aguilera Vega, contando con la presencia de vecinos y dirigentes de la localidad, adem\u00e1s del representante de la empresa a cargo de las obras.<\/p>\n\n\n\n<p><strong>El proyecto<\/strong><\/p>\n\n\n\n<p>El proyecto de la nueva piscina recreacional para Cherquenco fue dise\u00f1ado por la Secretar\u00eda de Planificaci\u00f3n Comunal, SECPLAC, y financiado por el programa de mejoramiento urbano de la Subdere, tras m\u00faltiples gestiones de la primera autoridad comunal y el parlamentario de La Araucan\u00eda.<\/p>\n\n\n\n<p>La inversi\u00f3n ser\u00e1 de casi 60 millones de pesos, y contempla una piscina con estructura de hormig\u00f3n armado de 19,75 metros de largo por 9,6 metros de ancho, con una profundidad m\u00ednima de 1,10 metros y una m\u00e1xima de 2,07 metros.<\/p>\n\n\n\n<p>Asimismo, el proyecto considera un \u00e1rea de servicios consistente en camarines, vestidores, servicios higi\u00e9nicos y sala de primeros auxilios.<\/p>\n\n\n\n<p>Al respecto, la Alcaldesa Susana Aguilera Vega manifest\u00f3 que,&nbsp;<em>\u201clevantamos este proyecto en las plataformas y fuentes de financiamiento que tenemos como municipio, y es as\u00ed como este proyecto concluye con esta asignaci\u00f3n que tuvimos hace un tiempo atr\u00e1s, para ejecutar este maravilloso proyecto que, sin duda, va a servir mucho para los habitantes de Cherquenco, y especialmente para nuestros queridos ni\u00f1os, porque va ser una oportunidad de `tener verano\u00b4, y esta es una instancia para que la gente se divierta y recree en esta hermosa localidad de Cherquenco\u201d.<\/em><\/p>\n\n\n\n<p>Asimismo, la primera autoridad comunal de Vilc\u00fan agreg\u00f3 que,&nbsp;<em>\u201cestamos muy contentos porque estamos cerrando el a\u00f1o cumpliendo varios de los compromisos que tenemos en nuestra comuna, pero en esta localidad en especial la piscina es fundamental. La piscina nos ayuda a promover el turismo, es una piscina que est\u00e1 proyectada para temperarla el pr\u00f3ximo a\u00f1o o los que vienen, porque queremos que les sirva a los establecimientos educacionales del sector para ense\u00f1arle a los ni\u00f1os a nadar\u201d.<\/em><\/p>\n\n\n\n<p><strong>Potenciando el Turismo<\/strong><\/p>\n\n\n\n<p>Por su parte, Lucila Segura, presidenta de la agrupaci\u00f3n de turismo de Cherquenco dijo que,&nbsp;<em>\u201cla sensaci\u00f3n es de alegr\u00eda por el compromiso de nuestra autoridad por la localidad de Cherquenco, y al ver que la piscina va a ser para nuestros ni\u00f1os, j\u00f3venes y deportistas de nuestro sector, porque va a estar al lado del estadio. Yo sue\u00f1o con que hayan clases de nataci\u00f3n, donde salgan campeones nuestros ni\u00f1os de la localidad, donde puedan desarrollarse en un ambiente deportivo. Por eso la piscina es tan importante\u201d.<\/em><\/p>\n\n\n\n<p>Adem\u00e1s, Segura asegur\u00f3 que este proyecto tambi\u00e9n viene a potenciar el turismo de la zona.<\/p>\n\n\n\n<p><em>\u201cNosotros hace ta\u00f1os que estamos tratando que el turismo se levante en Cherquenco con nuestros emprendimientos, la piscina, la nueva plaza, todo eso ayuda para que nuestro entorno sea agradable al turista. Queremos tener un entorno limpio y con adelantos que nos ha tra\u00eddo nuestra autoridad\u201d,<\/em>&nbsp;agreg\u00f3 la presidenta de la agrupaci\u00f3n de turismo de Cherquenco.<\/p>\n\n\n\n<p><strong>Historia<\/strong><\/p>\n\n\n\n<p>Cabe se\u00f1alar que, en el a\u00f1o 1963 fue inaugurada la primera piscina de la localidad de Cherquenco. Fueron casi 20 veranos donde las familias pudieron disfrutar de este espacio que reuni\u00f3 a grandes y peque\u00f1os, transform\u00e1ndose en el gran atractivo para los habitantes de la zona.<\/p>\n\n\n\n<p>Pese a todo lo bueno que trajo consigo este espacio recreacional, en los a\u00f1os 80 dej\u00f3 de funcionar por diversos inconvenientes. Tras cuatro d\u00e9cadas, este proyecto reflot\u00f3 tras diversas solicitudes de la comunidad, contando desde el comienzo con el respaldo de la Alcaldesa Susana Aguilera Vega, y el apoyo del senador Jaime Quintana, quienes no dudaron en gestionar y devolver este espacio hist\u00f3rico a la comunidad.<\/p>\n","protected":false},"excerpt":{"rendered":"<div class=\"pvc_clear\"><\/div>\n<p id=\"pvc_stats_17316\" class=\"pvc_stats total_only  \" data-element-id=\"17316\" style=\"\"><i class=\"pvc-stats-icon large\" aria-hidden=\"true\"><svg aria-hidden=\"true\" focusable=\"false\" data-prefix=\"far\" data-icon=\"chart-bar\" role=\"img\" xmlns=\"http:\/\/www.w3.org\/2000\/svg\" viewBox=\"0 0 512 512\" class=\"svg-inline--fa fa-chart-bar fa-w-16 fa-2x\"><path fill=\"currentColor\" d=\"M396.8 352h22.4c6.4 0 12.8-6.4 12.8-12.8V108.8c0-6.4-6.4-12.8-12.8-12.8h-22.4c-6.4 0-12.8 6.4-12.8 12.8v230.4c0 6.4 6.4 12.8 12.8 12.8zm-192 0h22.4c6.4 0 12.8-6.4 12.8-12.8V140.8c0-6.4-6.4-12.8-12.8-12.8h-22.4c-6.4 0-12.8 6.4-12.8 12.8v198.4c0 6.4 6.4 12.8 12.8 12.8zm96 0h22.4c6.4 0 12.8-6.4 12.8-12.8V204.8c0-6.4-6.4-12.8-12.8-12.8h-22.4c-6.4 0-12.8 6.4-12.8 12.8v134.4c0 6.4 6.4 12.8 12.8 12.8zM496 400H48V80c0-8.84-7.16-16-16-16H16C7.16 64 0 71.16 0 80v336c0 17.67 14.33 32 32 32h464c8.84 0 16-7.16 16-16v-16c0-8.84-7.16-16-16-16zm-387.2-48h22.4c6.4 0 12.8-6.4 12.8-12.8v-70.4c0-6.4-6.4-12.8-12.8-12.8h-22.4c-6.4 0-12.8 6.4-12.8 12.8v70.4c0 6.4 6.4 12.8 12.8 12.8z\" class=\"\"><\/path><\/svg><\/i> <img loading=\"lazy\" decoding=\"async\" width=\"16\" height=\"16\" alt=\"Loading\" src=\"https:\/\/temucotelevision.cl\/web\/wp-content\/plugins\/page-views-count\/ajax-loader-2x.gif\" border=0 \/><\/p>\n<div class=\"pvc_clear\"><\/div>\n<p>El proyecto de casi 60 millones de pesos, contempla la construcci\u00f3n de piscina, camarines, vestidores, servicios higi\u00e9nicos y sala de<\/p>\n","protected":false},"author":1,"featured_media":17317,"comment_status":"open","ping_status":"open","sticky":false,"template":"","format":"standard","meta":{"colormag_page_container_layout":"default_layout","colormag_page_sidebar_layout":"default_layout","footnotes":""},"categories":[15],"tags":[379,2101],"class_list":["post-17316","post","type-post","status-publish","format-standard","has-post-thumbnail","hentry","category-la-araucania","tag-piscina","tag-terrenos"],"a3_pvc":{"activated":true,"total_views":218,"today_views":0},"_links":{"self":[{"href":"https:\/\/temucotelevision.cl\/web\/wp-json\/wp\/v2\/posts\/17316","targetHints":{"allow":["GET"]}}],"collection":[{"href":"https:\/\/temucotelevision.cl\/web\/wp-json\/wp\/v2\/posts"}],"about":[{"href":"https:\/\/temucotelevision.cl\/web\/wp-json\/wp\/v2\/types\/post"}],"author":[{"embeddable":true,"href":"https:\/\/temucotelevision.cl\/web\/wp-json\/wp\/v2\/users\/1"}],"replies":[{"embeddable":true,"href":"https:\/\/temucotelevision.cl\/web\/wp-json\/wp\/v2\/comments?post=17316"}],"version-history":[{"count":1,"href":"https:\/\/temucotelevision.cl\/web\/wp-json\/wp\/v2\/posts\/17316\/revisions"}],"predecessor-version":[{"id":17318,"href":"https:\/\/temucotelevision.cl\/web\/wp-json\/wp\/v2\/posts\/17316\/revisions\/17318"}],"wp:featuredmedia":[{"embeddable":true,"href":"https:\/\/temucotelevision.cl\/web\/wp-json\/wp\/v2\/media\/17317"}],"wp:attachment":[{"href":"https:\/\/temucotelevision.cl\/web\/wp-json\/wp\/v2\/media?parent=17316"}],"wp:term":[{"taxonomy":"category","embeddable":true,"href":"https:\/\/temucotelevision.cl\/web\/wp-json\/wp\/v2\/categories?post=17316"},{"taxonomy":"post_tag","embeddable":true,"href":"https:\/\/temucotelevision.cl\/web\/wp-json\/wp\/v2\/tags?post=17316"}],"curies":[{"name":"wp","href":"https:\/\/api.w.org\/{rel}","templated":true}]}}