{"id":17308,"date":"2020-12-18T10:33:28","date_gmt":"2020-12-18T13:33:28","guid":{"rendered":"https:\/\/temucotelevision.cl\/web\/?p=17308"},"modified":"2020-12-18T10:33:32","modified_gmt":"2020-12-18T13:33:32","slug":"temuco-municipio-entregara-mas-de-7-mil-cajas-de-alimentos-para-navidad","status":"publish","type":"post","link":"https:\/\/temucotelevision.cl\/web\/2020\/12\/18\/temuco-municipio-entregara-mas-de-7-mil-cajas-de-alimentos-para-navidad\/","title":{"rendered":"Temuco: Municipio entregar\u00e1 m\u00e1s de 7 mil cajas de alimentos para navidad"},"content":{"rendered":"<div class=\"pvc_clear\"><\/div><p id=\"pvc_stats_17308\" class=\"pvc_stats total_only  \" data-element-id=\"17308\" style=\"\"><i class=\"pvc-stats-icon large\" aria-hidden=\"true\"><svg aria-hidden=\"true\" focusable=\"false\" data-prefix=\"far\" data-icon=\"chart-bar\" role=\"img\" xmlns=\"http:\/\/www.w3.org\/2000\/svg\" viewBox=\"0 0 512 512\" class=\"svg-inline--fa fa-chart-bar fa-w-16 fa-2x\"><path fill=\"currentColor\" d=\"M396.8 352h22.4c6.4 0 12.8-6.4 12.8-12.8V108.8c0-6.4-6.4-12.8-12.8-12.8h-22.4c-6.4 0-12.8 6.4-12.8 12.8v230.4c0 6.4 6.4 12.8 12.8 12.8zm-192 0h22.4c6.4 0 12.8-6.4 12.8-12.8V140.8c0-6.4-6.4-12.8-12.8-12.8h-22.4c-6.4 0-12.8 6.4-12.8 12.8v198.4c0 6.4 6.4 12.8 12.8 12.8zm96 0h22.4c6.4 0 12.8-6.4 12.8-12.8V204.8c0-6.4-6.4-12.8-12.8-12.8h-22.4c-6.4 0-12.8 6.4-12.8 12.8v134.4c0 6.4 6.4 12.8 12.8 12.8zM496 400H48V80c0-8.84-7.16-16-16-16H16C7.16 64 0 71.16 0 80v336c0 17.67 14.33 32 32 32h464c8.84 0 16-7.16 16-16v-16c0-8.84-7.16-16-16-16zm-387.2-48h22.4c6.4 0 12.8-6.4 12.8-12.8v-70.4c0-6.4-6.4-12.8-12.8-12.8h-22.4c-6.4 0-12.8 6.4-12.8 12.8v70.4c0 6.4 6.4 12.8 12.8 12.8z\" class=\"\"><\/path><\/svg><\/i> <img loading=\"lazy\" decoding=\"async\" width=\"16\" height=\"16\" alt=\"Loading\" src=\"https:\/\/temucotelevision.cl\/web\/wp-content\/plugins\/page-views-count\/ajax-loader-2x.gif\" border=0 \/><\/p><div class=\"pvc_clear\"><\/div>\n<p>Hasta el Centro Comunitario de Hu\u00e9rfanos en el macrosector de Pueblo Nuevo, lleg\u00f3 el alcalde Jaime Salinas, para participar de la entrega de nuevas cajas de alimentos a adultos mayores y personas en situaci\u00f3n de vulnerabilidad, con productos relacionados a la fecha que se aproxima como es la navidad.<\/p>\n\n\n\n<p>Las ayudas sociales paliativas navide\u00f1as, entregadas por el Departamento Social de la Direcci\u00f3n de Desarrollo Comunitario (Dideco) y el Programa Adulto Mayor de la Municipalidad de Temuco, suman un total de siete mil 488 cajas y ser\u00e1n entregadas en los ocho centros comunitarios de la comuna como es el de Pedro de Valdivia, Avenida Alemania, Corcol\u00e9n, Santa Rosa, Amanecer, Lan\u00edn, San Antonio y Labranza.&nbsp;<\/p>\n\n\n\n<p>Sobre la entrega de las m\u00e1s de siete mil cajas de alimento navide\u00f1as, el alcalde Jaime Salinas, dijo que, \u201cse ha hecho un tremendo esfuerzo en llegar a cada casa de los adultos mayores, que son las personas que hoy m\u00e1s nos necesitan por el tema de esta pandemia que nos ha atacado fuerte, pero que con estas cajas estamos aportando con un peque\u00f1o grano de arena y vamos a tener contentos a los adultos mayores en la noche de navidad, esta es una caja especial, no es la caja que entregamos habitualmente\u201d.<\/p>\n\n\n\n<p>El alcalde Salinas tambi\u00e9n afirm\u00f3 que, \u201cantes est\u00e1bamos entregando al mes, entre 500 y 600 cajas de alimentos para los vecinos, y hoy estamos entregando, diariamente, cerca de 600 ayudas sociales paliativas como son las cajas de alimentos, entonces yo, en nombre de la Municipalidad de Temuco como alcalde y tambi\u00e9n aqu\u00ed recordar a los concejales, queremos llevar un minuto de paz y una peque\u00f1a tranquilidad a las personas que hoy d\u00eda est\u00e1n angustiadas y no logran tener el sustento diario, sobre todo, con los adultos mayores que est\u00e1n postrados y que necesitan de nosotros\u201d.<\/p>\n\n\n\n<p>Una de las beneficiadas con esta caja navide\u00f1a fue la se\u00f1ora, Margarita Sandoval, quien coment\u00f3 que, \u201cestoy muy contenta, sobre todo por mis viejitos que recibieron y que todos necesitan mucho, es una fecha importante y la situaci\u00f3n ha estado malo, es una muy buena ayuda porque la caja trae hartas cosas buenas, especialmente de uso diario\u201d.<\/p>\n\n\n\n<p>Margarita Sandoval adem\u00e1s dijo que, \u201cnosotros estamos muy agradecidos porque con los adultos mayores se ha portado muy bien la Municipalidad, los funcionarios aqu\u00ed en Hu\u00e9rfanos est\u00e1n pendientes de todas las cosas, los problemas, los remedios, las horas m\u00e9dicas y siempre dispuestos, as\u00ed que estamos contentos y agradecidos\u201d.<\/p>\n\n\n\n<p>Mientras que el director de Dideco, Jorge Muller, afirm\u00f3 que, \u201ctomamos la decisi\u00f3n de acercar a la comunidad la entrega de ayuda considerando las condiciones especiales que tiene la pandemia, pensando que obviamente no podemos llevar o solicitarles a nuestros vecinos acercarse a Dideco, as\u00ed es que nos hemos trasladado, desde que se inici\u00f3 este proceso, directamente a los centros comunitarios en un trabajo mancomunado con el Programa Adulto Mayor y el Departamento Social, especialmente a trav\u00e9s de la Unidad de Ayudas Paliativas, y donde estamos entregando diariamente 640 cajas en los distintos macrosectores de la comuna, de un total de siete mil 700 cajas navide\u00f1as que esperamos entregar durante la semana, a parte tenemos una remesa de 10 mil cajas adicionales que se van a ir utilizando en verano hasta que podamos contar con recursos propios e ir paliando algunas otras necesidades sociales que presenta nuestra comuna de Temuco\u201d, finaliz\u00f3.<\/p>\n","protected":false},"excerpt":{"rendered":"<div class=\"pvc_clear\"><\/div>\n<p id=\"pvc_stats_17308\" class=\"pvc_stats total_only  \" data-element-id=\"17308\" style=\"\"><i class=\"pvc-stats-icon large\" aria-hidden=\"true\"><svg aria-hidden=\"true\" focusable=\"false\" data-prefix=\"far\" data-icon=\"chart-bar\" role=\"img\" xmlns=\"http:\/\/www.w3.org\/2000\/svg\" viewBox=\"0 0 512 512\" class=\"svg-inline--fa fa-chart-bar fa-w-16 fa-2x\"><path fill=\"currentColor\" d=\"M396.8 352h22.4c6.4 0 12.8-6.4 12.8-12.8V108.8c0-6.4-6.4-12.8-12.8-12.8h-22.4c-6.4 0-12.8 6.4-12.8 12.8v230.4c0 6.4 6.4 12.8 12.8 12.8zm-192 0h22.4c6.4 0 12.8-6.4 12.8-12.8V140.8c0-6.4-6.4-12.8-12.8-12.8h-22.4c-6.4 0-12.8 6.4-12.8 12.8v198.4c0 6.4 6.4 12.8 12.8 12.8zm96 0h22.4c6.4 0 12.8-6.4 12.8-12.8V204.8c0-6.4-6.4-12.8-12.8-12.8h-22.4c-6.4 0-12.8 6.4-12.8 12.8v134.4c0 6.4 6.4 12.8 12.8 12.8zM496 400H48V80c0-8.84-7.16-16-16-16H16C7.16 64 0 71.16 0 80v336c0 17.67 14.33 32 32 32h464c8.84 0 16-7.16 16-16v-16c0-8.84-7.16-16-16-16zm-387.2-48h22.4c6.4 0 12.8-6.4 12.8-12.8v-70.4c0-6.4-6.4-12.8-12.8-12.8h-22.4c-6.4 0-12.8 6.4-12.8 12.8v70.4c0 6.4 6.4 12.8 12.8 12.8z\" class=\"\"><\/path><\/svg><\/i> <img loading=\"lazy\" decoding=\"async\" width=\"16\" height=\"16\" alt=\"Loading\" src=\"https:\/\/temucotelevision.cl\/web\/wp-content\/plugins\/page-views-count\/ajax-loader-2x.gif\" border=0 \/><\/p>\n<div class=\"pvc_clear\"><\/div>\n<p>Hasta el Centro Comunitario de Hu\u00e9rfanos en el macrosector de Pueblo Nuevo, lleg\u00f3 el alcalde Jaime Salinas, para participar de<\/p>\n","protected":false},"author":1,"featured_media":17309,"comment_status":"open","ping_status":"open","sticky":false,"template":"","format":"standard","meta":{"colormag_page_container_layout":"default_layout","colormag_page_sidebar_layout":"default_layout","footnotes":""},"categories":[14],"tags":[249,388],"class_list":["post-17308","post","type-post","status-publish","format-standard","has-post-thumbnail","hentry","category-temuco","tag-adultos-mayores","tag-alimentos"],"a3_pvc":{"activated":true,"total_views":34,"today_views":0},"_links":{"self":[{"href":"https:\/\/temucotelevision.cl\/web\/wp-json\/wp\/v2\/posts\/17308","targetHints":{"allow":["GET"]}}],"collection":[{"href":"https:\/\/temucotelevision.cl\/web\/wp-json\/wp\/v2\/posts"}],"about":[{"href":"https:\/\/temucotelevision.cl\/web\/wp-json\/wp\/v2\/types\/post"}],"author":[{"embeddable":true,"href":"https:\/\/temucotelevision.cl\/web\/wp-json\/wp\/v2\/users\/1"}],"replies":[{"embeddable":true,"href":"https:\/\/temucotelevision.cl\/web\/wp-json\/wp\/v2\/comments?post=17308"}],"version-history":[{"count":1,"href":"https:\/\/temucotelevision.cl\/web\/wp-json\/wp\/v2\/posts\/17308\/revisions"}],"predecessor-version":[{"id":17310,"href":"https:\/\/temucotelevision.cl\/web\/wp-json\/wp\/v2\/posts\/17308\/revisions\/17310"}],"wp:featuredmedia":[{"embeddable":true,"href":"https:\/\/temucotelevision.cl\/web\/wp-json\/wp\/v2\/media\/17309"}],"wp:attachment":[{"href":"https:\/\/temucotelevision.cl\/web\/wp-json\/wp\/v2\/media?parent=17308"}],"wp:term":[{"taxonomy":"category","embeddable":true,"href":"https:\/\/temucotelevision.cl\/web\/wp-json\/wp\/v2\/categories?post=17308"},{"taxonomy":"post_tag","embeddable":true,"href":"https:\/\/temucotelevision.cl\/web\/wp-json\/wp\/v2\/tags?post=17308"}],"curies":[{"name":"wp","href":"https:\/\/api.w.org\/{rel}","templated":true}]}}