{"id":17305,"date":"2020-12-18T10:29:31","date_gmt":"2020-12-18T13:29:31","guid":{"rendered":"https:\/\/temucotelevision.cl\/web\/?p=17305"},"modified":"2020-12-18T10:29:33","modified_gmt":"2020-12-18T13:29:33","slug":"minvu-prioriza-trabajo-en-6-campamentos-ubicados-en-zonas-con-riesgo-de-desastre-en-la-region-de-la-araucania-%ef%bb%bf","status":"publish","type":"post","link":"https:\/\/temucotelevision.cl\/web\/2020\/12\/18\/minvu-prioriza-trabajo-en-6-campamentos-ubicados-en-zonas-con-riesgo-de-desastre-en-la-region-de-la-araucania-%ef%bb%bf\/","title":{"rendered":"Minvu prioriza trabajo en 6 campamentos ubicados en zonas con riesgo de desastre en la Regi\u00f3n de La Araucan\u00eda  \ufeff"},"content":{"rendered":"<div class=\"pvc_clear\"><\/div><p id=\"pvc_stats_17305\" class=\"pvc_stats total_only  \" data-element-id=\"17305\" style=\"\"><i class=\"pvc-stats-icon large\" aria-hidden=\"true\"><svg aria-hidden=\"true\" focusable=\"false\" data-prefix=\"far\" data-icon=\"chart-bar\" role=\"img\" xmlns=\"http:\/\/www.w3.org\/2000\/svg\" viewBox=\"0 0 512 512\" class=\"svg-inline--fa fa-chart-bar fa-w-16 fa-2x\"><path fill=\"currentColor\" d=\"M396.8 352h22.4c6.4 0 12.8-6.4 12.8-12.8V108.8c0-6.4-6.4-12.8-12.8-12.8h-22.4c-6.4 0-12.8 6.4-12.8 12.8v230.4c0 6.4 6.4 12.8 12.8 12.8zm-192 0h22.4c6.4 0 12.8-6.4 12.8-12.8V140.8c0-6.4-6.4-12.8-12.8-12.8h-22.4c-6.4 0-12.8 6.4-12.8 12.8v198.4c0 6.4 6.4 12.8 12.8 12.8zm96 0h22.4c6.4 0 12.8-6.4 12.8-12.8V204.8c0-6.4-6.4-12.8-12.8-12.8h-22.4c-6.4 0-12.8 6.4-12.8 12.8v134.4c0 6.4 6.4 12.8 12.8 12.8zM496 400H48V80c0-8.84-7.16-16-16-16H16C7.16 64 0 71.16 0 80v336c0 17.67 14.33 32 32 32h464c8.84 0 16-7.16 16-16v-16c0-8.84-7.16-16-16-16zm-387.2-48h22.4c6.4 0 12.8-6.4 12.8-12.8v-70.4c0-6.4-6.4-12.8-12.8-12.8h-22.4c-6.4 0-12.8 6.4-12.8 12.8v70.4c0 6.4 6.4 12.8 12.8 12.8z\" class=\"\"><\/path><\/svg><\/i> <img loading=\"lazy\" decoding=\"async\" width=\"16\" height=\"16\" alt=\"Loading\" src=\"https:\/\/temucotelevision.cl\/web\/wp-content\/plugins\/page-views-count\/ajax-loader-2x.gif\" border=0 \/><\/p><div class=\"pvc_clear\"><\/div>\n<ul class=\"wp-block-list\"><li><strong><em>Ministro de Vivienda y Urbanismo, Felipe Ward destac\u00f3 que se est\u00e1 trabajando en estrategias que priorizan una soluci\u00f3n para estos asentamientos con el fin de resguardar la seguridad e integridad de las familias que viven en ellos.&nbsp;<\/em><\/strong><\/li><li><strong><em>Los principales riesgos asociados a los campamentos de la regi\u00f3n son por inundaci\u00f3n tanto por tsunami como por desborde de r\u00edos y remoci\u00f3n en masa.&nbsp;<\/em><\/strong><strong><\/strong><\/li><\/ul>\n\n\n\n<p>El Ministerio de Vivienda y Urbanismo present\u00f3 su \u201cInforme de campamentos en \u00e1reas de riesgo seg\u00fan el Instrumento de Planificaci\u00f3n Territorial\u201d, el que identific\u00f3 que en la Regi\u00f3n de La Araucan\u00eda existen 6 asentamientos que presentan alg\u00fan tipo de amenaza.<\/p>\n\n\n\n<p>De esos 6 campamentos de los 16 que fueron parte de este estudio, por tratarse de asentamientos que se ubican en zonas urbanas o mixtas, 2 se ubican en la comuna de Tolt\u00e9n (Costanera Queule y Paz y Progreso); 2 en Collipulli (Comunidad Ind\u00edgena Urbana Wenehuen&nbsp;&nbsp;y&nbsp;Grupo no Organizado); uno en Carahue (San Francisco)&nbsp;y uno en Nueva Imperial (L\u00ednea F\u00e9rrea Siempre Viva),&nbsp;<a>los que albergan 87 hogares integrados por 205 personas<\/a><a>, lo que equivale a un 25% del total de quienes viven en situaci\u00f3n de campamento en la regi\u00f3n.<\/a><\/p>\n\n\n\n<p>Al respecto, el Ministro Felipe Ward indic\u00f3 que \u201ccomo Minvu monitoreamos constantemente, a trav\u00e9s de nuestros equipos, los campamentos que est\u00e1n en inminente riesgo de desastre a los que estamos dando prioridad junto con los m\u00e1s antiguos. En este sentido, en la regi\u00f3n, estos 6 ya est\u00e1n siendo intervenidos para dar a las familias una soluci\u00f3n habitacional apropiada y, muy fundamentalmente, para resguardar su seguridad e integridad, que es nuestra m\u00e1xima preocupaci\u00f3n\u201d.&nbsp;<\/p>\n\n\n\n<p>El titular del Minvu agreg\u00f3 que \u201clos campamentos Costanera Queule, Paz y Progreso y&nbsp;Grupo no Organizado se encuentran&nbsp;en fase de diagn\u00f3stico; San Francisco y L\u00ednea F\u00e9rrea Siempre Viva en intervenci\u00f3n, para los que se opt\u00f3 por relocalizar a los hogares y, por \u00faltimo, Comunidad Ind\u00edgena Urbana Wenehuen se encuentra en fase inicial de catastro para de esta forma comenzar con ellos un plan de trabajo\u201d.&nbsp;&nbsp;<\/p>\n\n\n\n<p>Respecto al tipo de riesgo, L\u00ednea F\u00e9rrea Siempre Viva, Comunidad Ind\u00edgena Urbana Wenehuen y Grupo no Organizado se emplazan en zonas de inundaci\u00f3n; San Francisco en zona de remoci\u00f3n en masa; Costanera Queule en \u00e1rea de inundaci\u00f3n en sector costero y Paz y Progreso est\u00e1 emplazado en el territorio costero, en zona de inundaci\u00f3n por tsunami y desborde de r\u00edo.&nbsp;<\/p>\n\n\n\n<p>Igualmente, junto con las estrategias de intervenci\u00f3n para dar una soluci\u00f3n a estas familias, el Minvu est\u00e1 implementando el&nbsp;<strong>plan \u201cCampamento Preparado\u201d<\/strong>, con el que se busca incorporar en los asentamientos un plan de reducci\u00f3n de riesgos de desastres y de emergencias, para ayudar a generar una \u201ccultura de riesgo\u201d entre las comunidades que les permita, junto a los equipos del Minvu, identificar potenciales riesgos al interior y exterior de su territorio, promoviendo el autocuidado y una cultura preventiva en cada uno de ellos.<\/p>\n\n\n\n<p><strong>Situaci\u00f3n de campamentos a nivel nacional<\/strong><\/p>\n\n\n\n<p>De acuerdo con el Catastro Nacional de Campamentos de 2019 del Minvu, en Chile existen 802 de este tipo de asentamientos. De esos, 634 se encuentran en \u00e1reas urbanas o \u00e1reas de extensi\u00f3n urbana, lo que representa un 79% del total nacional y que fueron parte del estudio. A su vez, de ellos, 214 (36%) se ubican en \u00e1rea de riesgos definidas en los instrumentos de planificaci\u00f3n territorial, lo que representa el 27% del total nacional. En cifras, se identific\u00f3 que 34.752 personas viven en campamentos ubicados en zonas de riesgo, lo que equivale al 31% de los habitantes a nivel nacional que viven en esa situaci\u00f3n (111.167 personas).&nbsp;<\/p>\n\n\n\n<p>En cuanto a las distintas amenazas, entendidas como fen\u00f3menos de origen natural, biol\u00f3gico o antr\u00f3pico (por actividades humanas), las m\u00e1s comunes presentes en los campamentos son por remoci\u00f3n en masa (exposici\u00f3n a aluviones, avalanchas o desprendimientos) siendo 85 a nivel nacional los que presentan ese riesgo, seguido por inundaci\u00f3n (por ubicarse en el borde de cauces, como en el caso de los campamentos en Valdivia y Los Lagos) identific\u00e1ndose 64 asentamientos bajo esa amenaza. Otros tipos de riesgos menos frecuentes son pendiente, incendio forestal e inundaci\u00f3n en zonas costeras.&nbsp;<\/p>\n\n\n\n<p>Con respecto a las regiones que presentan un mayor n\u00famero de campamentos en \u00e1reas de riesgos, Biob\u00edo es la que tiene el mayor n\u00famero con 63, seguida por las regiones de Antofagasta (53) y Metropolitana (22). En cuanto al n\u00famero de personas que habitan en ellos, Antofagasta concentra la mayor cantidad con 12.856 personas, seguida por las regiones del Biob\u00edo con 9.722 y Metropolitana con 5.041.<\/p>\n\n\n\n<p>El \u201cInforme de campamentos en \u00e1reas de riesgo seg\u00fan los instrumentos de planificaci\u00f3n territorial\u201d tuvo por objetivo identificar los asentamientos precarios en \u00e1rea de riesgo, estudio que se bas\u00f3 en la informaci\u00f3n disponible sobre las \u00e1reas restringidas al desarrollo urbano y, en particular, de las \u00e1reas de riesgos establecidos en los instrumentos de planificaci\u00f3n territorial, consider\u00e1ndose aquellos campamentos ubicados dentro de las zonas urbanas y mixtas.&nbsp;<\/p>\n","protected":false},"excerpt":{"rendered":"<div class=\"pvc_clear\"><\/div>\n<p id=\"pvc_stats_17305\" class=\"pvc_stats total_only  \" data-element-id=\"17305\" style=\"\"><i class=\"pvc-stats-icon large\" aria-hidden=\"true\"><svg aria-hidden=\"true\" focusable=\"false\" data-prefix=\"far\" data-icon=\"chart-bar\" role=\"img\" xmlns=\"http:\/\/www.w3.org\/2000\/svg\" viewBox=\"0 0 512 512\" class=\"svg-inline--fa fa-chart-bar fa-w-16 fa-2x\"><path fill=\"currentColor\" d=\"M396.8 352h22.4c6.4 0 12.8-6.4 12.8-12.8V108.8c0-6.4-6.4-12.8-12.8-12.8h-22.4c-6.4 0-12.8 6.4-12.8 12.8v230.4c0 6.4 6.4 12.8 12.8 12.8zm-192 0h22.4c6.4 0 12.8-6.4 12.8-12.8V140.8c0-6.4-6.4-12.8-12.8-12.8h-22.4c-6.4 0-12.8 6.4-12.8 12.8v198.4c0 6.4 6.4 12.8 12.8 12.8zm96 0h22.4c6.4 0 12.8-6.4 12.8-12.8V204.8c0-6.4-6.4-12.8-12.8-12.8h-22.4c-6.4 0-12.8 6.4-12.8 12.8v134.4c0 6.4 6.4 12.8 12.8 12.8zM496 400H48V80c0-8.84-7.16-16-16-16H16C7.16 64 0 71.16 0 80v336c0 17.67 14.33 32 32 32h464c8.84 0 16-7.16 16-16v-16c0-8.84-7.16-16-16-16zm-387.2-48h22.4c6.4 0 12.8-6.4 12.8-12.8v-70.4c0-6.4-6.4-12.8-12.8-12.8h-22.4c-6.4 0-12.8 6.4-12.8 12.8v70.4c0 6.4 6.4 12.8 12.8 12.8z\" class=\"\"><\/path><\/svg><\/i> <img loading=\"lazy\" decoding=\"async\" width=\"16\" height=\"16\" alt=\"Loading\" src=\"https:\/\/temucotelevision.cl\/web\/wp-content\/plugins\/page-views-count\/ajax-loader-2x.gif\" border=0 \/><\/p>\n<div class=\"pvc_clear\"><\/div>\n<p>Ministro de Vivienda y Urbanismo, Felipe Ward destac\u00f3 que se est\u00e1 trabajando en estrategias que priorizan una soluci\u00f3n para estos<\/p>\n","protected":false},"author":1,"featured_media":17306,"comment_status":"open","ping_status":"open","sticky":false,"template":"","format":"standard","meta":{"colormag_page_container_layout":"default_layout","colormag_page_sidebar_layout":"default_layout","footnotes":""},"categories":[15],"tags":[2254,509],"class_list":["post-17305","post","type-post","status-publish","format-standard","has-post-thumbnail","hentry","category-la-araucania","tag-campamentos","tag-minvu"],"a3_pvc":{"activated":true,"total_views":86,"today_views":0},"_links":{"self":[{"href":"https:\/\/temucotelevision.cl\/web\/wp-json\/wp\/v2\/posts\/17305","targetHints":{"allow":["GET"]}}],"collection":[{"href":"https:\/\/temucotelevision.cl\/web\/wp-json\/wp\/v2\/posts"}],"about":[{"href":"https:\/\/temucotelevision.cl\/web\/wp-json\/wp\/v2\/types\/post"}],"author":[{"embeddable":true,"href":"https:\/\/temucotelevision.cl\/web\/wp-json\/wp\/v2\/users\/1"}],"replies":[{"embeddable":true,"href":"https:\/\/temucotelevision.cl\/web\/wp-json\/wp\/v2\/comments?post=17305"}],"version-history":[{"count":1,"href":"https:\/\/temucotelevision.cl\/web\/wp-json\/wp\/v2\/posts\/17305\/revisions"}],"predecessor-version":[{"id":17307,"href":"https:\/\/temucotelevision.cl\/web\/wp-json\/wp\/v2\/posts\/17305\/revisions\/17307"}],"wp:featuredmedia":[{"embeddable":true,"href":"https:\/\/temucotelevision.cl\/web\/wp-json\/wp\/v2\/media\/17306"}],"wp:attachment":[{"href":"https:\/\/temucotelevision.cl\/web\/wp-json\/wp\/v2\/media?parent=17305"}],"wp:term":[{"taxonomy":"category","embeddable":true,"href":"https:\/\/temucotelevision.cl\/web\/wp-json\/wp\/v2\/categories?post=17305"},{"taxonomy":"post_tag","embeddable":true,"href":"https:\/\/temucotelevision.cl\/web\/wp-json\/wp\/v2\/tags?post=17305"}],"curies":[{"name":"wp","href":"https:\/\/api.w.org\/{rel}","templated":true}]}}