{"id":17302,"date":"2020-12-18T10:22:15","date_gmt":"2020-12-18T13:22:15","guid":{"rendered":"https:\/\/temucotelevision.cl\/web\/?p=17302"},"modified":"2020-12-18T10:22:17","modified_gmt":"2020-12-18T13:22:17","slug":"isp-aprueba-vacuna-contra-el-covid-19-diputado-celis-invita-a-vacunarse","status":"publish","type":"post","link":"https:\/\/temucotelevision.cl\/web\/2020\/12\/18\/isp-aprueba-vacuna-contra-el-covid-19-diputado-celis-invita-a-vacunarse\/","title":{"rendered":"ISP aprueba vacuna contra el Covid-19, diputado Celis invita a vacunarse"},"content":{"rendered":"<div class=\"pvc_clear\"><\/div><p id=\"pvc_stats_17302\" class=\"pvc_stats total_only  \" data-element-id=\"17302\" style=\"\"><i class=\"pvc-stats-icon large\" aria-hidden=\"true\"><svg aria-hidden=\"true\" focusable=\"false\" data-prefix=\"far\" data-icon=\"chart-bar\" role=\"img\" xmlns=\"http:\/\/www.w3.org\/2000\/svg\" viewBox=\"0 0 512 512\" class=\"svg-inline--fa fa-chart-bar fa-w-16 fa-2x\"><path fill=\"currentColor\" d=\"M396.8 352h22.4c6.4 0 12.8-6.4 12.8-12.8V108.8c0-6.4-6.4-12.8-12.8-12.8h-22.4c-6.4 0-12.8 6.4-12.8 12.8v230.4c0 6.4 6.4 12.8 12.8 12.8zm-192 0h22.4c6.4 0 12.8-6.4 12.8-12.8V140.8c0-6.4-6.4-12.8-12.8-12.8h-22.4c-6.4 0-12.8 6.4-12.8 12.8v198.4c0 6.4 6.4 12.8 12.8 12.8zm96 0h22.4c6.4 0 12.8-6.4 12.8-12.8V204.8c0-6.4-6.4-12.8-12.8-12.8h-22.4c-6.4 0-12.8 6.4-12.8 12.8v134.4c0 6.4 6.4 12.8 12.8 12.8zM496 400H48V80c0-8.84-7.16-16-16-16H16C7.16 64 0 71.16 0 80v336c0 17.67 14.33 32 32 32h464c8.84 0 16-7.16 16-16v-16c0-8.84-7.16-16-16-16zm-387.2-48h22.4c6.4 0 12.8-6.4 12.8-12.8v-70.4c0-6.4-6.4-12.8-12.8-12.8h-22.4c-6.4 0-12.8 6.4-12.8 12.8v70.4c0 6.4 6.4 12.8 12.8 12.8z\" class=\"\"><\/path><\/svg><\/i> <img loading=\"lazy\" decoding=\"async\" width=\"16\" height=\"16\" alt=\"Loading\" src=\"https:\/\/temucotelevision.cl\/web\/wp-content\/plugins\/page-views-count\/ajax-loader-2x.gif\" border=0 \/><\/p><div class=\"pvc_clear\"><\/div>\n<p>Con un llamado a vacunarse con toda confianza el diputado y presidente de la Comisi\u00f3n de Salud Ricardo Celis celebr\u00f3 la autorizaci\u00f3n del Instituto de Salud P\u00fablica a la vacuna contra el Covid 19 desarrollada por Pfizer y BioNTech a poco menos de cumplirse un a\u00f1o del primer contagio por Coronavirus en nuestro pa\u00eds.&nbsp;<\/p>\n\n\n\n<p>Celis, quien es m\u00e9dico de profesi\u00f3n, destac\u00f3 esta autorizaci\u00f3n como una buena noticia ya que esta vacuna ya ha probado su efectividad en otros pa\u00edses. \u201cEs una buena noticia que el ISP haya autorizado la vacuna Pfizer que es en base al RNA, y que ha demostrado buena efectividad en su uso en Europa, primero en Inglaterra. El hecho de que se comience a usar en Chile es una buena se\u00f1al\u201d<\/p>\n\n\n\n<p>La autorizaci\u00f3n, que por ahora es solo para alrededor de 10 millones de dosis, priorizar\u00e1 al personal de salud y continuar\u00e1 con adultos mayores \u201cAyer el Ministro Paris nos se\u00f1al\u00f3 en la Comisi\u00f3n de Salud que iba a haber una priorizaci\u00f3n que nosotros compartimos plenamente, que comience con gente de salud, con quienes cumplen funciones cr\u00edticas a nivel del Estado, y despu\u00e9s las personas adultas mayores que est\u00e9n con o sin enfermedades cr\u00f3nicas\u201c<\/p>\n\n\n\n<p>A la fecha existen muchas personas que pueden tener reservas respecto a la efectividad de esta vacuna, pero para el legislador, la invitaci\u00f3n es a tener confianza y aprovechar la oportunidad que ofrece Chile de utilizar esta vacuna independiente de que posteriormente pueda existir otras vacunas: \u201cYo hago un llamado a la confianza. Esta es una oportunidad, no hay en ning\u00fan lugar en el mundo una mejor alternativa terap\u00e9utica demostrada que el uso de la vacuna. Pfizer es la primera compa\u00f1\u00eda que tiene el desarrollo de la vacuna por tanto la invitaci\u00f3n es a vacunarse, a tener confianza. Habr\u00e1n otras vacunas posteriormente, pero hoy d\u00eda tenemos la oportunidad en Chile de iniciar vacunaci\u00f3n con la vacuna Pfizer, y Chile tiene la capacidad tecnol\u00f3gica y log\u00edstica para hacerlo masivamente, y espero que durante el 2021 pueda llegar a una gran cantidad de chilenos y chilenas\u201d finaliz\u00f3.<\/p>\n","protected":false},"excerpt":{"rendered":"<div class=\"pvc_clear\"><\/div>\n<p id=\"pvc_stats_17302\" class=\"pvc_stats total_only  \" data-element-id=\"17302\" style=\"\"><i class=\"pvc-stats-icon large\" aria-hidden=\"true\"><svg aria-hidden=\"true\" focusable=\"false\" data-prefix=\"far\" data-icon=\"chart-bar\" role=\"img\" xmlns=\"http:\/\/www.w3.org\/2000\/svg\" viewBox=\"0 0 512 512\" class=\"svg-inline--fa fa-chart-bar fa-w-16 fa-2x\"><path fill=\"currentColor\" d=\"M396.8 352h22.4c6.4 0 12.8-6.4 12.8-12.8V108.8c0-6.4-6.4-12.8-12.8-12.8h-22.4c-6.4 0-12.8 6.4-12.8 12.8v230.4c0 6.4 6.4 12.8 12.8 12.8zm-192 0h22.4c6.4 0 12.8-6.4 12.8-12.8V140.8c0-6.4-6.4-12.8-12.8-12.8h-22.4c-6.4 0-12.8 6.4-12.8 12.8v198.4c0 6.4 6.4 12.8 12.8 12.8zm96 0h22.4c6.4 0 12.8-6.4 12.8-12.8V204.8c0-6.4-6.4-12.8-12.8-12.8h-22.4c-6.4 0-12.8 6.4-12.8 12.8v134.4c0 6.4 6.4 12.8 12.8 12.8zM496 400H48V80c0-8.84-7.16-16-16-16H16C7.16 64 0 71.16 0 80v336c0 17.67 14.33 32 32 32h464c8.84 0 16-7.16 16-16v-16c0-8.84-7.16-16-16-16zm-387.2-48h22.4c6.4 0 12.8-6.4 12.8-12.8v-70.4c0-6.4-6.4-12.8-12.8-12.8h-22.4c-6.4 0-12.8 6.4-12.8 12.8v70.4c0 6.4 6.4 12.8 12.8 12.8z\" class=\"\"><\/path><\/svg><\/i> <img loading=\"lazy\" decoding=\"async\" width=\"16\" height=\"16\" alt=\"Loading\" src=\"https:\/\/temucotelevision.cl\/web\/wp-content\/plugins\/page-views-count\/ajax-loader-2x.gif\" border=0 \/><\/p>\n<div class=\"pvc_clear\"><\/div>\n<p>Con un llamado a vacunarse con toda confianza el diputado y presidente de la Comisi\u00f3n de Salud Ricardo Celis celebr\u00f3<\/p>\n","protected":false},"author":1,"featured_media":17303,"comment_status":"open","ping_status":"open","sticky":false,"template":"","format":"standard","meta":{"colormag_page_container_layout":"default_layout","colormag_page_sidebar_layout":"default_layout","footnotes":""},"categories":[15],"tags":[2326,989],"class_list":["post-17302","post","type-post","status-publish","format-standard","has-post-thumbnail","hentry","category-la-araucania","tag-covid","tag-vacuna"],"a3_pvc":{"activated":true,"total_views":15,"today_views":0},"_links":{"self":[{"href":"https:\/\/temucotelevision.cl\/web\/wp-json\/wp\/v2\/posts\/17302","targetHints":{"allow":["GET"]}}],"collection":[{"href":"https:\/\/temucotelevision.cl\/web\/wp-json\/wp\/v2\/posts"}],"about":[{"href":"https:\/\/temucotelevision.cl\/web\/wp-json\/wp\/v2\/types\/post"}],"author":[{"embeddable":true,"href":"https:\/\/temucotelevision.cl\/web\/wp-json\/wp\/v2\/users\/1"}],"replies":[{"embeddable":true,"href":"https:\/\/temucotelevision.cl\/web\/wp-json\/wp\/v2\/comments?post=17302"}],"version-history":[{"count":1,"href":"https:\/\/temucotelevision.cl\/web\/wp-json\/wp\/v2\/posts\/17302\/revisions"}],"predecessor-version":[{"id":17304,"href":"https:\/\/temucotelevision.cl\/web\/wp-json\/wp\/v2\/posts\/17302\/revisions\/17304"}],"wp:featuredmedia":[{"embeddable":true,"href":"https:\/\/temucotelevision.cl\/web\/wp-json\/wp\/v2\/media\/17303"}],"wp:attachment":[{"href":"https:\/\/temucotelevision.cl\/web\/wp-json\/wp\/v2\/media?parent=17302"}],"wp:term":[{"taxonomy":"category","embeddable":true,"href":"https:\/\/temucotelevision.cl\/web\/wp-json\/wp\/v2\/categories?post=17302"},{"taxonomy":"post_tag","embeddable":true,"href":"https:\/\/temucotelevision.cl\/web\/wp-json\/wp\/v2\/tags?post=17302"}],"curies":[{"name":"wp","href":"https:\/\/api.w.org\/{rel}","templated":true}]}}