{"id":1730,"date":"2019-02-23T15:47:41","date_gmt":"2019-02-23T18:47:41","guid":{"rendered":"https:\/\/temucotelevision.cl\/web\/?p=1730"},"modified":"2019-02-24T13:55:43","modified_gmt":"2019-02-24T16:55:43","slug":"bomberos-de-villarrica-agradece-apoyo-tras-la-partida-de-nuestro-voluntario-martir-nicolas-soto-estroz","status":"publish","type":"post","link":"https:\/\/temucotelevision.cl\/web\/2019\/02\/23\/bomberos-de-villarrica-agradece-apoyo-tras-la-partida-de-nuestro-voluntario-martir-nicolas-soto-estroz\/","title":{"rendered":"Bomberos de Villarrica agradece apoyo tras la partida de voluntario M\u00e1rtir Nicol\u00e1s Soto Estroz"},"content":{"rendered":"<div class=\"pvc_clear\"><\/div>\n<p id=\"pvc_stats_1730\" class=\"pvc_stats total_only  \" data-element-id=\"1730\" style=\"\"><i class=\"pvc-stats-icon large\" aria-hidden=\"true\"><svg aria-hidden=\"true\" focusable=\"false\" data-prefix=\"far\" data-icon=\"chart-bar\" role=\"img\" xmlns=\"http:\/\/www.w3.org\/2000\/svg\" viewBox=\"0 0 512 512\" class=\"svg-inline--fa fa-chart-bar fa-w-16 fa-2x\"><path fill=\"currentColor\" d=\"M396.8 352h22.4c6.4 0 12.8-6.4 12.8-12.8V108.8c0-6.4-6.4-12.8-12.8-12.8h-22.4c-6.4 0-12.8 6.4-12.8 12.8v230.4c0 6.4 6.4 12.8 12.8 12.8zm-192 0h22.4c6.4 0 12.8-6.4 12.8-12.8V140.8c0-6.4-6.4-12.8-12.8-12.8h-22.4c-6.4 0-12.8 6.4-12.8 12.8v198.4c0 6.4 6.4 12.8 12.8 12.8zm96 0h22.4c6.4 0 12.8-6.4 12.8-12.8V204.8c0-6.4-6.4-12.8-12.8-12.8h-22.4c-6.4 0-12.8 6.4-12.8 12.8v134.4c0 6.4 6.4 12.8 12.8 12.8zM496 400H48V80c0-8.84-7.16-16-16-16H16C7.16 64 0 71.16 0 80v336c0 17.67 14.33 32 32 32h464c8.84 0 16-7.16 16-16v-16c0-8.84-7.16-16-16-16zm-387.2-48h22.4c6.4 0 12.8-6.4 12.8-12.8v-70.4c0-6.4-6.4-12.8-12.8-12.8h-22.4c-6.4 0-12.8 6.4-12.8 12.8v70.4c0 6.4 6.4 12.8 12.8 12.8z\" class=\"\"><\/path><\/svg><\/i> <img loading=\"lazy\" decoding=\"async\" width=\"16\" height=\"16\" alt=\"Loading\" src=\"https:\/\/temucotelevision.cl\/web\/wp-content\/plugins\/page-views-count\/ajax-loader-2x.gif\" border=0 \/><\/p>\n<div class=\"pvc_clear\"><\/div>\n<p style=\"text-align: justify;\">M\u00faltiples fueron las muestras de apoyo que recibi\u00f3 el Cuerpo de Bomberos de Villarrica, tras la partida de uno de su voluntario que mientras combat\u00eda un incendio forestal en la ciudad de Nueva Imperial sufriera una grave accidente que finalmente le cost\u00f3 la vida en el hospital regional de Temuco.<\/p>\n<p style=\"text-align: justify;\">Desde el primer momento, los voluntarios de los cuerpos de Bomberos del pa\u00eds y la comunidad se aboc\u00f3 a pedir por la recuperaci\u00f3n de nuestro voluntario, quien finalmente dej\u00f3 de existir, dejando un gran legado y ense\u00f1anza de vida. Junto a ello tambi\u00e9n la partida de Nicol\u00e1s Soto Estroz, encendi\u00f3 una llama de afecto y amor hacia nuestra instituci\u00f3n, que hasta el d\u00eda de hoy se ha manifestado de diferentes maneras, es por este motivo que el Directorio General, al mando del Superintendente don Carlos Mera Bastidas, la comandancia encabezada por su comandante Carlos Mu\u00f1oz Mart\u00ednez, quieren agradecer a la comunidad de Villarrica de la regi\u00f3n y el pa\u00eds en nombre de todos los voluntarios y voluntarias del Cuerpo de Bomberos de Villarrica todo el cari\u00f1o y afecto recibido en estos d\u00edas dif\u00edciles, en donde adem\u00e1s del gran dolor por la p\u00e9rdida de nuestro voluntario tuvimos que lidiar con una serie de emergencias que requer\u00edan nuestra presencia.<\/p>\n<p style=\"text-align: justify;\">Bomberos de Villarrica junto a sus cuatro compa\u00f1\u00edas agradecen todo el apoyo y cari\u00f1o recibido en estos d\u00edas y reafirman su compromiso con la comunidad de seguir trabajando en el resguardo de sus vidas y bienes.<\/p>\n<p style=\"text-align: justify;\">Tambi\u00e9n reafirmamos nuestro compromiso y apoyo a la familia de nuestro voluntario M\u00e1rtir, Nicol\u00e1s Soto Estroz, quien ofrendo su vida haciendo carne el juramento de dar la vida si fuese necesario y que tras su partida su madre Jimena su abuelo y hermanas pasan a formar parte de la familia bomberil de Villarrica.<\/p>\n<p style=\"text-align: justify;\">Junto con agradecer a nuestros vecinos, tambi\u00e9n damos nuestros agradecimientos a las instituciones armadas como Carabineros, Armada de Chile, Ej\u00e9rcito de Chile, PDI, Gendarmer\u00eda de Chile e instituciones como SAMU, CONAF y ONEMI entre otras por su solidaridad con nuestra instituci\u00f3n Voluntaria conformada por cerca de 180 voluntarias y voluntarios.<\/p>\n","protected":false},"excerpt":{"rendered":"<div class=\"pvc_clear\"><\/div>\n<p id=\"pvc_stats_1730\" class=\"pvc_stats total_only  \" data-element-id=\"1730\" style=\"\"><i class=\"pvc-stats-icon large\" aria-hidden=\"true\"><svg aria-hidden=\"true\" focusable=\"false\" data-prefix=\"far\" data-icon=\"chart-bar\" role=\"img\" xmlns=\"http:\/\/www.w3.org\/2000\/svg\" viewBox=\"0 0 512 512\" class=\"svg-inline--fa fa-chart-bar fa-w-16 fa-2x\"><path fill=\"currentColor\" d=\"M396.8 352h22.4c6.4 0 12.8-6.4 12.8-12.8V108.8c0-6.4-6.4-12.8-12.8-12.8h-22.4c-6.4 0-12.8 6.4-12.8 12.8v230.4c0 6.4 6.4 12.8 12.8 12.8zm-192 0h22.4c6.4 0 12.8-6.4 12.8-12.8V140.8c0-6.4-6.4-12.8-12.8-12.8h-22.4c-6.4 0-12.8 6.4-12.8 12.8v198.4c0 6.4 6.4 12.8 12.8 12.8zm96 0h22.4c6.4 0 12.8-6.4 12.8-12.8V204.8c0-6.4-6.4-12.8-12.8-12.8h-22.4c-6.4 0-12.8 6.4-12.8 12.8v134.4c0 6.4 6.4 12.8 12.8 12.8zM496 400H48V80c0-8.84-7.16-16-16-16H16C7.16 64 0 71.16 0 80v336c0 17.67 14.33 32 32 32h464c8.84 0 16-7.16 16-16v-16c0-8.84-7.16-16-16-16zm-387.2-48h22.4c6.4 0 12.8-6.4 12.8-12.8v-70.4c0-6.4-6.4-12.8-12.8-12.8h-22.4c-6.4 0-12.8 6.4-12.8 12.8v70.4c0 6.4 6.4 12.8 12.8 12.8z\" class=\"\"><\/path><\/svg><\/i> <img loading=\"lazy\" decoding=\"async\" width=\"16\" height=\"16\" alt=\"Loading\" src=\"https:\/\/temucotelevision.cl\/web\/wp-content\/plugins\/page-views-count\/ajax-loader-2x.gif\" border=0 \/><\/p>\n<div class=\"pvc_clear\"><\/div>\n<p>M\u00faltiples fueron las muestras de apoyo que recibi\u00f3 el Cuerpo de Bomberos de Villarrica, tras la partida de uno de<\/p>\n","protected":false},"author":1,"featured_media":1731,"comment_status":"open","ping_status":"open","sticky":false,"template":"","format":"standard","meta":{"colormag_page_container_layout":"default_layout","colormag_page_sidebar_layout":"default_layout","footnotes":""},"categories":[15],"tags":[304,128,303,266,634],"class_list":["post-1730","post","type-post","status-publish","format-standard","has-post-thumbnail","hentry","category-la-araucania","tag-bomberos","tag-hospital","tag-imperial","tag-incendios","tag-vida"],"a3_pvc":{"activated":true,"total_views":101,"today_views":0},"_links":{"self":[{"href":"https:\/\/temucotelevision.cl\/web\/wp-json\/wp\/v2\/posts\/1730","targetHints":{"allow":["GET"]}}],"collection":[{"href":"https:\/\/temucotelevision.cl\/web\/wp-json\/wp\/v2\/posts"}],"about":[{"href":"https:\/\/temucotelevision.cl\/web\/wp-json\/wp\/v2\/types\/post"}],"author":[{"embeddable":true,"href":"https:\/\/temucotelevision.cl\/web\/wp-json\/wp\/v2\/users\/1"}],"replies":[{"embeddable":true,"href":"https:\/\/temucotelevision.cl\/web\/wp-json\/wp\/v2\/comments?post=1730"}],"version-history":[{"count":2,"href":"https:\/\/temucotelevision.cl\/web\/wp-json\/wp\/v2\/posts\/1730\/revisions"}],"predecessor-version":[{"id":1748,"href":"https:\/\/temucotelevision.cl\/web\/wp-json\/wp\/v2\/posts\/1730\/revisions\/1748"}],"wp:featuredmedia":[{"embeddable":true,"href":"https:\/\/temucotelevision.cl\/web\/wp-json\/wp\/v2\/media\/1731"}],"wp:attachment":[{"href":"https:\/\/temucotelevision.cl\/web\/wp-json\/wp\/v2\/media?parent=1730"}],"wp:term":[{"taxonomy":"category","embeddable":true,"href":"https:\/\/temucotelevision.cl\/web\/wp-json\/wp\/v2\/categories?post=1730"},{"taxonomy":"post_tag","embeddable":true,"href":"https:\/\/temucotelevision.cl\/web\/wp-json\/wp\/v2\/tags?post=1730"}],"curies":[{"name":"wp","href":"https:\/\/api.w.org\/{rel}","templated":true}]}}