{"id":17299,"date":"2020-12-18T10:17:11","date_gmt":"2020-12-18T13:17:11","guid":{"rendered":"https:\/\/temucotelevision.cl\/web\/?p=17299"},"modified":"2020-12-18T10:17:12","modified_gmt":"2020-12-18T13:17:12","slug":"discapacitados-visuales-de-loncoche-logran-percibir-eclipse-con-dispositivo-unico-en-el-pais","status":"publish","type":"post","link":"https:\/\/temucotelevision.cl\/web\/2020\/12\/18\/discapacitados-visuales-de-loncoche-logran-percibir-eclipse-con-dispositivo-unico-en-el-pais\/","title":{"rendered":"Discapacitados visuales de Loncoche logran percibir eclipse con dispositivo \u00fanico en el pa\u00eds"},"content":{"rendered":"<div class=\"pvc_clear\"><\/div><p id=\"pvc_stats_17299\" class=\"pvc_stats total_only  \" data-element-id=\"17299\" style=\"\"><i class=\"pvc-stats-icon large\" aria-hidden=\"true\"><svg aria-hidden=\"true\" focusable=\"false\" data-prefix=\"far\" data-icon=\"chart-bar\" role=\"img\" xmlns=\"http:\/\/www.w3.org\/2000\/svg\" viewBox=\"0 0 512 512\" class=\"svg-inline--fa fa-chart-bar fa-w-16 fa-2x\"><path fill=\"currentColor\" d=\"M396.8 352h22.4c6.4 0 12.8-6.4 12.8-12.8V108.8c0-6.4-6.4-12.8-12.8-12.8h-22.4c-6.4 0-12.8 6.4-12.8 12.8v230.4c0 6.4 6.4 12.8 12.8 12.8zm-192 0h22.4c6.4 0 12.8-6.4 12.8-12.8V140.8c0-6.4-6.4-12.8-12.8-12.8h-22.4c-6.4 0-12.8 6.4-12.8 12.8v198.4c0 6.4 6.4 12.8 12.8 12.8zm96 0h22.4c6.4 0 12.8-6.4 12.8-12.8V204.8c0-6.4-6.4-12.8-12.8-12.8h-22.4c-6.4 0-12.8 6.4-12.8 12.8v134.4c0 6.4 6.4 12.8 12.8 12.8zM496 400H48V80c0-8.84-7.16-16-16-16H16C7.16 64 0 71.16 0 80v336c0 17.67 14.33 32 32 32h464c8.84 0 16-7.16 16-16v-16c0-8.84-7.16-16-16-16zm-387.2-48h22.4c6.4 0 12.8-6.4 12.8-12.8v-70.4c0-6.4-6.4-12.8-12.8-12.8h-22.4c-6.4 0-12.8 6.4-12.8 12.8v70.4c0 6.4 6.4 12.8 12.8 12.8z\" class=\"\"><\/path><\/svg><\/i> <img loading=\"lazy\" decoding=\"async\" width=\"16\" height=\"16\" alt=\"Loading\" src=\"https:\/\/temucotelevision.cl\/web\/wp-content\/plugins\/page-views-count\/ajax-loader-2x.gif\" border=0 \/><\/p><div class=\"pvc_clear\"><\/div>\n<p>Richard tiene s\u00f3lo 5 a\u00f1os y durante estos d\u00edas hab\u00eda estado emocionado por el eclipse que todos comentaban. Su discapacidad visual no le permit\u00eda vivir el momento de luz y oscuridad, situaci\u00f3n que fue superada gracias al apoyo del Programa de Discapacidad de la Municipalidad de Loncoche, quienes gracias a un dispositivo \u00fanico logr\u00f3 percibir los cambios en la luz.<\/p>\n\n\n\n<p>Se trata de una estrategia que se desarroll\u00f3 gracias a la gesti\u00f3n del alcalde Ricardo Pe\u00f1a, quien a trav\u00e9s de convenio con astr\u00f3nomas de la Universidad de Concepci\u00f3n, entregaron a Richard y otra persona m\u00e1s un aparato llamado LightSound, el cual permite percibir con sonidos los distintos cambios de luz.<\/p>\n\n\n\n<blockquote class=\"wp-block-quote is-layout-flow wp-block-quote-is-layout-flow\"><p>\u201cLo que hace el dispositivo, que en el fondo es un sofware adaptado, es transforma la luz en sonido y para ello se usa unos aud\u00edfonos que se enciende a medida que hay cambios de luz. Es un sonido tenue que a medida que baja la luz se vuelve m\u00e1s agudo y se percibe esta transici\u00f3n\u201d, dijo la encargada del programa Constanza Mart\u00ednez.<\/p><\/blockquote>\n\n\n\n<p>De acuerdo a lo se\u00f1alado por el alcalde, el programa se trabaj\u00f3 junto a la agrupaci\u00f3n Adil\u00f3n, quienes le hab\u00edan planteado la necesidad de ser parte de este eclipse, considerando toda la informaci\u00f3n que hab\u00eda sobre lo que iba a suceder.<\/p>\n\n\n\n<blockquote class=\"wp-block-quote is-layout-flow wp-block-quote-is-layout-flow\"><p>\u201cNos quisimos poner en el lugar del otro por eso gestionamos estos equipos y otro tipo de beneficios para las personas con discapacidad visual. Los ni\u00f1os como Richard sent\u00edan que toda la gente hablaba del eclipse y por eso mismo comenzamos a buscar estos equipos que permitieron percibir el eclipse. Gracias a Dios todos se emocionaron con el fen\u00f3meno\u201d, dijo el alcalde de Loncoche, Ricardo Pe\u00f1a.<\/p><\/blockquote>\n\n\n\n<p>Junto con el transformador, otras 14 personas tambi\u00e9n fueron apoyadas a trav\u00e9s de kits de informaci\u00f3n con el sistema braille y se entregaron lentes para quienes no cuentan con una discapacidad total para protegerlos de la luz, todo ello con el objetivo de lograr la integraci\u00f3n total para las quienes son personas con discapacidad de la comuna.<\/p>\n","protected":false},"excerpt":{"rendered":"<div class=\"pvc_clear\"><\/div>\n<p id=\"pvc_stats_17299\" class=\"pvc_stats total_only  \" data-element-id=\"17299\" style=\"\"><i class=\"pvc-stats-icon large\" aria-hidden=\"true\"><svg aria-hidden=\"true\" focusable=\"false\" data-prefix=\"far\" data-icon=\"chart-bar\" role=\"img\" xmlns=\"http:\/\/www.w3.org\/2000\/svg\" viewBox=\"0 0 512 512\" class=\"svg-inline--fa fa-chart-bar fa-w-16 fa-2x\"><path fill=\"currentColor\" d=\"M396.8 352h22.4c6.4 0 12.8-6.4 12.8-12.8V108.8c0-6.4-6.4-12.8-12.8-12.8h-22.4c-6.4 0-12.8 6.4-12.8 12.8v230.4c0 6.4 6.4 12.8 12.8 12.8zm-192 0h22.4c6.4 0 12.8-6.4 12.8-12.8V140.8c0-6.4-6.4-12.8-12.8-12.8h-22.4c-6.4 0-12.8 6.4-12.8 12.8v198.4c0 6.4 6.4 12.8 12.8 12.8zm96 0h22.4c6.4 0 12.8-6.4 12.8-12.8V204.8c0-6.4-6.4-12.8-12.8-12.8h-22.4c-6.4 0-12.8 6.4-12.8 12.8v134.4c0 6.4 6.4 12.8 12.8 12.8zM496 400H48V80c0-8.84-7.16-16-16-16H16C7.16 64 0 71.16 0 80v336c0 17.67 14.33 32 32 32h464c8.84 0 16-7.16 16-16v-16c0-8.84-7.16-16-16-16zm-387.2-48h22.4c6.4 0 12.8-6.4 12.8-12.8v-70.4c0-6.4-6.4-12.8-12.8-12.8h-22.4c-6.4 0-12.8 6.4-12.8 12.8v70.4c0 6.4 6.4 12.8 12.8 12.8z\" class=\"\"><\/path><\/svg><\/i> <img loading=\"lazy\" decoding=\"async\" width=\"16\" height=\"16\" alt=\"Loading\" src=\"https:\/\/temucotelevision.cl\/web\/wp-content\/plugins\/page-views-count\/ajax-loader-2x.gif\" border=0 \/><\/p>\n<div class=\"pvc_clear\"><\/div>\n<p>Richard tiene s\u00f3lo 5 a\u00f1os y durante estos d\u00edas hab\u00eda estado emocionado por el eclipse que todos comentaban. Su discapacidad<\/p>\n","protected":false},"author":1,"featured_media":17300,"comment_status":"open","ping_status":"open","sticky":false,"template":"","format":"standard","meta":{"colormag_page_container_layout":"default_layout","colormag_page_sidebar_layout":"default_layout","footnotes":""},"categories":[15],"tags":[3337,622],"class_list":["post-17299","post","type-post","status-publish","format-standard","has-post-thumbnail","hentry","category-la-araucania","tag-discapacitados","tag-eclipse"],"a3_pvc":{"activated":true,"total_views":24,"today_views":0},"_links":{"self":[{"href":"https:\/\/temucotelevision.cl\/web\/wp-json\/wp\/v2\/posts\/17299","targetHints":{"allow":["GET"]}}],"collection":[{"href":"https:\/\/temucotelevision.cl\/web\/wp-json\/wp\/v2\/posts"}],"about":[{"href":"https:\/\/temucotelevision.cl\/web\/wp-json\/wp\/v2\/types\/post"}],"author":[{"embeddable":true,"href":"https:\/\/temucotelevision.cl\/web\/wp-json\/wp\/v2\/users\/1"}],"replies":[{"embeddable":true,"href":"https:\/\/temucotelevision.cl\/web\/wp-json\/wp\/v2\/comments?post=17299"}],"version-history":[{"count":1,"href":"https:\/\/temucotelevision.cl\/web\/wp-json\/wp\/v2\/posts\/17299\/revisions"}],"predecessor-version":[{"id":17301,"href":"https:\/\/temucotelevision.cl\/web\/wp-json\/wp\/v2\/posts\/17299\/revisions\/17301"}],"wp:featuredmedia":[{"embeddable":true,"href":"https:\/\/temucotelevision.cl\/web\/wp-json\/wp\/v2\/media\/17300"}],"wp:attachment":[{"href":"https:\/\/temucotelevision.cl\/web\/wp-json\/wp\/v2\/media?parent=17299"}],"wp:term":[{"taxonomy":"category","embeddable":true,"href":"https:\/\/temucotelevision.cl\/web\/wp-json\/wp\/v2\/categories?post=17299"},{"taxonomy":"post_tag","embeddable":true,"href":"https:\/\/temucotelevision.cl\/web\/wp-json\/wp\/v2\/tags?post=17299"}],"curies":[{"name":"wp","href":"https:\/\/api.w.org\/{rel}","templated":true}]}}