{"id":17297,"date":"2020-12-18T09:55:33","date_gmt":"2020-12-18T12:55:33","guid":{"rendered":"https:\/\/temucotelevision.cl\/web\/?p=17297"},"modified":"2020-12-18T09:55:35","modified_gmt":"2020-12-18T12:55:35","slug":"autorizan-uso-de-veredas-y-paseos-para-que-locales-gastronomicos-puedan-trabajar-con-terrazas","status":"publish","type":"post","link":"https:\/\/temucotelevision.cl\/web\/2020\/12\/18\/autorizan-uso-de-veredas-y-paseos-para-que-locales-gastronomicos-puedan-trabajar-con-terrazas\/","title":{"rendered":"Autorizan uso de veredas y paseos para que locales gastron\u00f3micos puedan trabajar con terrazas"},"content":{"rendered":"<div class=\"pvc_clear\"><\/div><p id=\"pvc_stats_17297\" class=\"pvc_stats total_only  \" data-element-id=\"17297\" style=\"\"><i class=\"pvc-stats-icon large\" aria-hidden=\"true\"><svg aria-hidden=\"true\" focusable=\"false\" data-prefix=\"far\" data-icon=\"chart-bar\" role=\"img\" xmlns=\"http:\/\/www.w3.org\/2000\/svg\" viewBox=\"0 0 512 512\" class=\"svg-inline--fa fa-chart-bar fa-w-16 fa-2x\"><path fill=\"currentColor\" d=\"M396.8 352h22.4c6.4 0 12.8-6.4 12.8-12.8V108.8c0-6.4-6.4-12.8-12.8-12.8h-22.4c-6.4 0-12.8 6.4-12.8 12.8v230.4c0 6.4 6.4 12.8 12.8 12.8zm-192 0h22.4c6.4 0 12.8-6.4 12.8-12.8V140.8c0-6.4-6.4-12.8-12.8-12.8h-22.4c-6.4 0-12.8 6.4-12.8 12.8v198.4c0 6.4 6.4 12.8 12.8 12.8zm96 0h22.4c6.4 0 12.8-6.4 12.8-12.8V204.8c0-6.4-6.4-12.8-12.8-12.8h-22.4c-6.4 0-12.8 6.4-12.8 12.8v134.4c0 6.4 6.4 12.8 12.8 12.8zM496 400H48V80c0-8.84-7.16-16-16-16H16C7.16 64 0 71.16 0 80v336c0 17.67 14.33 32 32 32h464c8.84 0 16-7.16 16-16v-16c0-8.84-7.16-16-16-16zm-387.2-48h22.4c6.4 0 12.8-6.4 12.8-12.8v-70.4c0-6.4-6.4-12.8-12.8-12.8h-22.4c-6.4 0-12.8 6.4-12.8 12.8v70.4c0 6.4 6.4 12.8 12.8 12.8z\" class=\"\"><\/path><\/svg><\/i> <img loading=\"lazy\" decoding=\"async\" width=\"16\" height=\"16\" alt=\"Loading\" src=\"https:\/\/temucotelevision.cl\/web\/wp-content\/plugins\/page-views-count\/ajax-loader-2x.gif\" border=0 \/><\/p><div class=\"pvc_clear\"><\/div>\n<p>El concejal Oscar Albornoz comparti\u00f3 la noticia&nbsp;<\/p>\n\n\n\n<p>Con el objetivo de fortalecer la apertura de locales gastron\u00f3micos que durante esta pandemia han sido perjudicados gravemente e incluso cerrado, el concejal Oscar Albornoz anunci\u00f3 que ayer en la tarde en el concejo municipal se aprob\u00f3 una serie de medidas en apoyo a los empresarios.<\/p>\n\n\n\n<p>La idea es que, una vez que termine la cuarentena, se va a autorizar que todos los establecimientos puedan hacer uso de veredas, paseos y otros bienes nacionales de uso p\u00fablico que administra el municipio, pagando un impuesto m\u00ednimo de 500 pesos por metro cuadrado ocupado.<\/p>\n\n\n\n<blockquote class=\"wp-block-quote is-layout-flow wp-block-quote-is-layout-flow\"><p>\u201cEsto dar\u00e1 lugar a uso de terrazas y extensiones de locales para el consumo una vez que se resuelva por la autoridad sanitaria el cambio en la categor\u00eda de ciudad al salir de esta cuarentena\u201d, dijo el concejal,<\/p><\/blockquote>\n\n\n\n<p>Junto con ello, Oscar Albornoz solicit\u00f3 al alcalde que esta medida solo sea aplicada en beneficio de establecimientos y locales que est\u00e9n ya autorizados y que han sido perjudicados econ\u00f3micamente por esta cuarentena, para lo cual incluso se comprometieron a entregar facilidades en el tema del pago de impuesto de patentes en forma proporcional al tiempo que los locales estuvieron abiertos funcionando.<\/p>\n\n\n\n<blockquote class=\"wp-block-quote is-layout-flow wp-block-quote-is-layout-flow\"><p>\u201cLo que haremos es oficiar a Contralor\u00eda Regional para que pudieran autorizar esta rebaja y disminuci\u00f3n de patentes, lo que ya se ha realizado en otras ciudades del sur del pa\u00eds con la visaci\u00f3n del \u00f3rgano Contralor. Debemos hacer todos los esfuerzos posibles para apoyar y fortalecer el comercio local de Temuco y estamos disponibles como municipio a recibir toda suerte de buenas ideas e iniciativas que surjan desde la propia comunidad como de los comerciantes para poder implementarlas\u201d, dijo el concejal.<\/p><\/blockquote>\n","protected":false},"excerpt":{"rendered":"<div class=\"pvc_clear\"><\/div>\n<p id=\"pvc_stats_17297\" class=\"pvc_stats total_only  \" data-element-id=\"17297\" style=\"\"><i class=\"pvc-stats-icon large\" aria-hidden=\"true\"><svg aria-hidden=\"true\" focusable=\"false\" data-prefix=\"far\" data-icon=\"chart-bar\" role=\"img\" xmlns=\"http:\/\/www.w3.org\/2000\/svg\" viewBox=\"0 0 512 512\" class=\"svg-inline--fa fa-chart-bar fa-w-16 fa-2x\"><path fill=\"currentColor\" d=\"M396.8 352h22.4c6.4 0 12.8-6.4 12.8-12.8V108.8c0-6.4-6.4-12.8-12.8-12.8h-22.4c-6.4 0-12.8 6.4-12.8 12.8v230.4c0 6.4 6.4 12.8 12.8 12.8zm-192 0h22.4c6.4 0 12.8-6.4 12.8-12.8V140.8c0-6.4-6.4-12.8-12.8-12.8h-22.4c-6.4 0-12.8 6.4-12.8 12.8v198.4c0 6.4 6.4 12.8 12.8 12.8zm96 0h22.4c6.4 0 12.8-6.4 12.8-12.8V204.8c0-6.4-6.4-12.8-12.8-12.8h-22.4c-6.4 0-12.8 6.4-12.8 12.8v134.4c0 6.4 6.4 12.8 12.8 12.8zM496 400H48V80c0-8.84-7.16-16-16-16H16C7.16 64 0 71.16 0 80v336c0 17.67 14.33 32 32 32h464c8.84 0 16-7.16 16-16v-16c0-8.84-7.16-16-16-16zm-387.2-48h22.4c6.4 0 12.8-6.4 12.8-12.8v-70.4c0-6.4-6.4-12.8-12.8-12.8h-22.4c-6.4 0-12.8 6.4-12.8 12.8v70.4c0 6.4 6.4 12.8 12.8 12.8z\" class=\"\"><\/path><\/svg><\/i> <img loading=\"lazy\" decoding=\"async\" width=\"16\" height=\"16\" alt=\"Loading\" src=\"https:\/\/temucotelevision.cl\/web\/wp-content\/plugins\/page-views-count\/ajax-loader-2x.gif\" border=0 \/><\/p>\n<div class=\"pvc_clear\"><\/div>\n<p>El concejal Oscar Albornoz comparti\u00f3 la noticia&nbsp; Con el objetivo de fortalecer la apertura de locales gastron\u00f3micos que durante esta<\/p>\n","protected":false},"author":1,"featured_media":12166,"comment_status":"open","ping_status":"open","sticky":false,"template":"","format":"standard","meta":{"colormag_page_container_layout":"default_layout","colormag_page_sidebar_layout":"default_layout","footnotes":""},"categories":[14],"tags":[1664,3336],"class_list":["post-17297","post","type-post","status-publish","format-standard","has-post-thumbnail","hentry","category-temuco","tag-concejal","tag-veredas"],"a3_pvc":{"activated":true,"total_views":29,"today_views":0},"_links":{"self":[{"href":"https:\/\/temucotelevision.cl\/web\/wp-json\/wp\/v2\/posts\/17297","targetHints":{"allow":["GET"]}}],"collection":[{"href":"https:\/\/temucotelevision.cl\/web\/wp-json\/wp\/v2\/posts"}],"about":[{"href":"https:\/\/temucotelevision.cl\/web\/wp-json\/wp\/v2\/types\/post"}],"author":[{"embeddable":true,"href":"https:\/\/temucotelevision.cl\/web\/wp-json\/wp\/v2\/users\/1"}],"replies":[{"embeddable":true,"href":"https:\/\/temucotelevision.cl\/web\/wp-json\/wp\/v2\/comments?post=17297"}],"version-history":[{"count":1,"href":"https:\/\/temucotelevision.cl\/web\/wp-json\/wp\/v2\/posts\/17297\/revisions"}],"predecessor-version":[{"id":17298,"href":"https:\/\/temucotelevision.cl\/web\/wp-json\/wp\/v2\/posts\/17297\/revisions\/17298"}],"wp:featuredmedia":[{"embeddable":true,"href":"https:\/\/temucotelevision.cl\/web\/wp-json\/wp\/v2\/media\/12166"}],"wp:attachment":[{"href":"https:\/\/temucotelevision.cl\/web\/wp-json\/wp\/v2\/media?parent=17297"}],"wp:term":[{"taxonomy":"category","embeddable":true,"href":"https:\/\/temucotelevision.cl\/web\/wp-json\/wp\/v2\/categories?post=17297"},{"taxonomy":"post_tag","embeddable":true,"href":"https:\/\/temucotelevision.cl\/web\/wp-json\/wp\/v2\/tags?post=17297"}],"curies":[{"name":"wp","href":"https:\/\/api.w.org\/{rel}","templated":true}]}}