{"id":17295,"date":"2020-12-18T09:52:55","date_gmt":"2020-12-18T12:52:55","guid":{"rendered":"https:\/\/temucotelevision.cl\/web\/?p=17295"},"modified":"2020-12-18T09:52:58","modified_gmt":"2020-12-18T12:52:58","slug":"asesores-previsionales-sobre-proyecto-del-gobierno-para-limitar-cambios-entre-fondos-de-pensiones-nos-preocupa-quitarle-libertad-a-los-afiliados","status":"publish","type":"post","link":"https:\/\/temucotelevision.cl\/web\/2020\/12\/18\/asesores-previsionales-sobre-proyecto-del-gobierno-para-limitar-cambios-entre-fondos-de-pensiones-nos-preocupa-quitarle-libertad-a-los-afiliados\/","title":{"rendered":"Asesores previsionales sobre proyecto del Gobierno para limitar cambios entre fondos de pensiones: \u201cNos preocupa quitarle libertad a los afiliados\u201d"},"content":{"rendered":"<div class=\"pvc_clear\"><\/div><p id=\"pvc_stats_17295\" class=\"pvc_stats total_only  \" data-element-id=\"17295\" style=\"\"><i class=\"pvc-stats-icon large\" aria-hidden=\"true\"><svg aria-hidden=\"true\" focusable=\"false\" data-prefix=\"far\" data-icon=\"chart-bar\" role=\"img\" xmlns=\"http:\/\/www.w3.org\/2000\/svg\" viewBox=\"0 0 512 512\" class=\"svg-inline--fa fa-chart-bar fa-w-16 fa-2x\"><path fill=\"currentColor\" d=\"M396.8 352h22.4c6.4 0 12.8-6.4 12.8-12.8V108.8c0-6.4-6.4-12.8-12.8-12.8h-22.4c-6.4 0-12.8 6.4-12.8 12.8v230.4c0 6.4 6.4 12.8 12.8 12.8zm-192 0h22.4c6.4 0 12.8-6.4 12.8-12.8V140.8c0-6.4-6.4-12.8-12.8-12.8h-22.4c-6.4 0-12.8 6.4-12.8 12.8v198.4c0 6.4 6.4 12.8 12.8 12.8zm96 0h22.4c6.4 0 12.8-6.4 12.8-12.8V204.8c0-6.4-6.4-12.8-12.8-12.8h-22.4c-6.4 0-12.8 6.4-12.8 12.8v134.4c0 6.4 6.4 12.8 12.8 12.8zM496 400H48V80c0-8.84-7.16-16-16-16H16C7.16 64 0 71.16 0 80v336c0 17.67 14.33 32 32 32h464c8.84 0 16-7.16 16-16v-16c0-8.84-7.16-16-16-16zm-387.2-48h22.4c6.4 0 12.8-6.4 12.8-12.8v-70.4c0-6.4-6.4-12.8-12.8-12.8h-22.4c-6.4 0-12.8 6.4-12.8 12.8v70.4c0 6.4 6.4 12.8 12.8 12.8z\" class=\"\"><\/path><\/svg><\/i> <img loading=\"lazy\" decoding=\"async\" width=\"16\" height=\"16\" alt=\"Loading\" src=\"https:\/\/temucotelevision.cl\/web\/wp-content\/plugins\/page-views-count\/ajax-loader-2x.gif\" border=0 \/><\/p><div class=\"pvc_clear\"><\/div>\n<ul class=\"wp-block-list\"><li>A juicio de la presidenta de AGAP, Ann Katharine Clark, la modificaci\u00f3n legal planteada por el Ejecutivo debe incluir una fuerte regulaci\u00f3n a los agentes de inversi\u00f3n que recomiendan cambios masivos de fondos, afectando los montos finales de las pensiones y generando distorsiones en el mercado financiero, pero no perjudicar a los usuarios.<\/li><\/ul>\n\n\n\n<p>Poner el foco en regular, fiscalizar y sancionar a quienes promueven constantemente cambios de fondos de pensiones a trav\u00e9s de canales masivos, fue el llamado que realiz\u00f3 la Asociaci\u00f3n Gremial de Asesores Previsionales (AGAP) al gobierno ante el proyecto de ley presentado por el Ministerio de Hacienda con el fin de restringir los traspasos en el sistema de multifondos.<\/p>\n\n\n\n<p>A juicio del gremio, la necesaria regulaci\u00f3n a las empresas que realizan recomendaciones sobre cambios de fondos no debe afectar el derecho de las personas a decidir libremente c\u00f3mo invierten sus ahorros previsionales. \u201dConsideramos absolutamente necesaria la regulaci\u00f3n de los agentes masivos de inversi\u00f3n para que se hagan responsables frente a sus seguidores de los efectos reales que generan esos llamados. Sin embargo, regular a los afiliados, en general, limit\u00e1ndolos en sus derechos por la falta de fiscalizaci\u00f3n y normativa para lo anterior, nos parece que no corresponde. Esto no va al origen del problema y termina generando un da\u00f1o a quienes esperamos proteger\u201d, dijo Ann Katharine Clark, presidenta de AGAP, tras conocer el anuncio del Ejecutivo.&nbsp;<\/p>\n\n\n\n<p>En un comunicado, el Ministerio de Hacienda asegur\u00f3 que la iniciativa busca \u201cevitar p\u00e9rdidas que se terminen reflejando en una disminuci\u00f3n de las jubilaciones y proteger la estabilidad del mercado financiero\u201d, objetivo que valor\u00f3 la presidenta de AGAP aunque con reparos. \u201cSi bien entendemos el esp\u00edritu del proyecto, nos preocupa que podamos terminar quit\u00e1ndole libertad a los afiliados para decidir en qu\u00e9 lugar poner sus recursos, que es justamente lo que buscaban garantizar, en un principio, los multifondos\u201d, recalc\u00f3.&nbsp;<\/p>\n\n\n\n<p>La legislaci\u00f3n ingresada por el gobierno al Congreso tendr\u00e1 dos modalidades. La primera permitir\u00e1 que los afiliados puedan realizar solo dos traspasos, en un a\u00f1o calendario, entre cualquier tipo de fondo. La segunda, en tanto, permite hacer los cambios que se deseen, siempre y cuando estos sean entre fondos adyacentes.<\/p>\n\n\n\n<p>\u201cEstamos de acuerdo con el ministro Briones en que tenemos que avanzar hacia una mayor regulaci\u00f3n sobre los cambios en los fondos de pensiones, pero esperar\u00edamos que las normas apuntaran a restringir a aquellos actores inescrupulosos que son los que generan las distorsiones que se busca evitar\u201d, recalc\u00f3 Ann Clark.<\/p>\n\n\n\n<p>Finalmente, la presidenta de AGAP pidi\u00f3 avanzar en la discusi\u00f3n de fondo sobre la reforma previsional en su conjunto y manifest\u00f3 su disposici\u00f3n a ser parte de este debate. \u201cTodos los actores deben ser escuchados, en especial, los que estamos m\u00e1s cercanos a los afiliados y los que m\u00e1s conocemos el sistema\u201d, sostuvo.<\/p>\n","protected":false},"excerpt":{"rendered":"<div class=\"pvc_clear\"><\/div>\n<p id=\"pvc_stats_17295\" class=\"pvc_stats total_only  \" data-element-id=\"17295\" style=\"\"><i class=\"pvc-stats-icon large\" aria-hidden=\"true\"><svg aria-hidden=\"true\" focusable=\"false\" data-prefix=\"far\" data-icon=\"chart-bar\" role=\"img\" xmlns=\"http:\/\/www.w3.org\/2000\/svg\" viewBox=\"0 0 512 512\" class=\"svg-inline--fa fa-chart-bar fa-w-16 fa-2x\"><path fill=\"currentColor\" d=\"M396.8 352h22.4c6.4 0 12.8-6.4 12.8-12.8V108.8c0-6.4-6.4-12.8-12.8-12.8h-22.4c-6.4 0-12.8 6.4-12.8 12.8v230.4c0 6.4 6.4 12.8 12.8 12.8zm-192 0h22.4c6.4 0 12.8-6.4 12.8-12.8V140.8c0-6.4-6.4-12.8-12.8-12.8h-22.4c-6.4 0-12.8 6.4-12.8 12.8v198.4c0 6.4 6.4 12.8 12.8 12.8zm96 0h22.4c6.4 0 12.8-6.4 12.8-12.8V204.8c0-6.4-6.4-12.8-12.8-12.8h-22.4c-6.4 0-12.8 6.4-12.8 12.8v134.4c0 6.4 6.4 12.8 12.8 12.8zM496 400H48V80c0-8.84-7.16-16-16-16H16C7.16 64 0 71.16 0 80v336c0 17.67 14.33 32 32 32h464c8.84 0 16-7.16 16-16v-16c0-8.84-7.16-16-16-16zm-387.2-48h22.4c6.4 0 12.8-6.4 12.8-12.8v-70.4c0-6.4-6.4-12.8-12.8-12.8h-22.4c-6.4 0-12.8 6.4-12.8 12.8v70.4c0 6.4 6.4 12.8 12.8 12.8z\" class=\"\"><\/path><\/svg><\/i> <img loading=\"lazy\" decoding=\"async\" width=\"16\" height=\"16\" alt=\"Loading\" src=\"https:\/\/temucotelevision.cl\/web\/wp-content\/plugins\/page-views-count\/ajax-loader-2x.gif\" border=0 \/><\/p>\n<div class=\"pvc_clear\"><\/div>\n<p>A juicio de la presidenta de AGAP, Ann Katharine Clark, la modificaci\u00f3n legal planteada por el Ejecutivo debe incluir una<\/p>\n","protected":false},"author":1,"featured_media":13013,"comment_status":"open","ping_status":"open","sticky":false,"template":"","format":"standard","meta":{"colormag_page_container_layout":"default_layout","colormag_page_sidebar_layout":"default_layout","footnotes":""},"categories":[101],"tags":[1620,155],"class_list":["post-17295","post","type-post","status-publish","format-standard","has-post-thumbnail","hentry","category-actualidad","tag-fondos","tag-proyecto"],"a3_pvc":{"activated":true,"total_views":20,"today_views":0},"_links":{"self":[{"href":"https:\/\/temucotelevision.cl\/web\/wp-json\/wp\/v2\/posts\/17295","targetHints":{"allow":["GET"]}}],"collection":[{"href":"https:\/\/temucotelevision.cl\/web\/wp-json\/wp\/v2\/posts"}],"about":[{"href":"https:\/\/temucotelevision.cl\/web\/wp-json\/wp\/v2\/types\/post"}],"author":[{"embeddable":true,"href":"https:\/\/temucotelevision.cl\/web\/wp-json\/wp\/v2\/users\/1"}],"replies":[{"embeddable":true,"href":"https:\/\/temucotelevision.cl\/web\/wp-json\/wp\/v2\/comments?post=17295"}],"version-history":[{"count":1,"href":"https:\/\/temucotelevision.cl\/web\/wp-json\/wp\/v2\/posts\/17295\/revisions"}],"predecessor-version":[{"id":17296,"href":"https:\/\/temucotelevision.cl\/web\/wp-json\/wp\/v2\/posts\/17295\/revisions\/17296"}],"wp:featuredmedia":[{"embeddable":true,"href":"https:\/\/temucotelevision.cl\/web\/wp-json\/wp\/v2\/media\/13013"}],"wp:attachment":[{"href":"https:\/\/temucotelevision.cl\/web\/wp-json\/wp\/v2\/media?parent=17295"}],"wp:term":[{"taxonomy":"category","embeddable":true,"href":"https:\/\/temucotelevision.cl\/web\/wp-json\/wp\/v2\/categories?post=17295"},{"taxonomy":"post_tag","embeddable":true,"href":"https:\/\/temucotelevision.cl\/web\/wp-json\/wp\/v2\/tags?post=17295"}],"curies":[{"name":"wp","href":"https:\/\/api.w.org\/{rel}","templated":true}]}}