{"id":17292,"date":"2020-12-17T21:57:15","date_gmt":"2020-12-18T00:57:15","guid":{"rendered":"https:\/\/temucotelevision.cl\/web\/?p=17292"},"modified":"2020-12-17T21:57:18","modified_gmt":"2020-12-18T00:57:18","slug":"kuamboka-banda-inicia-ciclo-de-conciertos-online-con-mujeres-artistas-de-la-araucania%ef%bb%bf","status":"publish","type":"post","link":"https:\/\/temucotelevision.cl\/web\/2020\/12\/17\/kuamboka-banda-inicia-ciclo-de-conciertos-online-con-mujeres-artistas-de-la-araucania%ef%bb%bf\/","title":{"rendered":"Kuamboka &#038; Banda inicia ciclo de conciertos online con mujeres artistas de La Araucan\u00eda\ufeff"},"content":{"rendered":"<div class=\"pvc_clear\"><\/div><p id=\"pvc_stats_17292\" class=\"pvc_stats total_only  \" data-element-id=\"17292\" style=\"\"><i class=\"pvc-stats-icon large\" aria-hidden=\"true\"><svg aria-hidden=\"true\" focusable=\"false\" data-prefix=\"far\" data-icon=\"chart-bar\" role=\"img\" xmlns=\"http:\/\/www.w3.org\/2000\/svg\" viewBox=\"0 0 512 512\" class=\"svg-inline--fa fa-chart-bar fa-w-16 fa-2x\"><path fill=\"currentColor\" d=\"M396.8 352h22.4c6.4 0 12.8-6.4 12.8-12.8V108.8c0-6.4-6.4-12.8-12.8-12.8h-22.4c-6.4 0-12.8 6.4-12.8 12.8v230.4c0 6.4 6.4 12.8 12.8 12.8zm-192 0h22.4c6.4 0 12.8-6.4 12.8-12.8V140.8c0-6.4-6.4-12.8-12.8-12.8h-22.4c-6.4 0-12.8 6.4-12.8 12.8v198.4c0 6.4 6.4 12.8 12.8 12.8zm96 0h22.4c6.4 0 12.8-6.4 12.8-12.8V204.8c0-6.4-6.4-12.8-12.8-12.8h-22.4c-6.4 0-12.8 6.4-12.8 12.8v134.4c0 6.4 6.4 12.8 12.8 12.8zM496 400H48V80c0-8.84-7.16-16-16-16H16C7.16 64 0 71.16 0 80v336c0 17.67 14.33 32 32 32h464c8.84 0 16-7.16 16-16v-16c0-8.84-7.16-16-16-16zm-387.2-48h22.4c6.4 0 12.8-6.4 12.8-12.8v-70.4c0-6.4-6.4-12.8-12.8-12.8h-22.4c-6.4 0-12.8 6.4-12.8 12.8v70.4c0 6.4 6.4 12.8 12.8 12.8z\" class=\"\"><\/path><\/svg><\/i> <img loading=\"lazy\" decoding=\"async\" width=\"16\" height=\"16\" alt=\"Loading\" src=\"https:\/\/temucotelevision.cl\/web\/wp-content\/plugins\/page-views-count\/ajax-loader-2x.gif\" border=0 \/><\/p><div class=\"pvc_clear\"><\/div>\n<p><strong><em>La iniciativa es organizada por el Centro Cultural de PLC quienes transmitir\u00e1n cuatro espect\u00e1culos v\u00eda Facebook Live<\/em><\/strong><em>.<\/em><\/p>\n\n\n\n<p>Centro Cultural de Padre Las Casas cierra el a\u00f1o 2020 y abre su cartelera de 2021 con un ciclo de conciertos online junto mujeres artistas de La Araucan\u00eda, el cual trae devuelta a los escenarios a Kuamboka, Yiliane Fl\u00e1ndez, Camila Riquelme y CIES.<\/p>\n\n\n\n<p>La iniciativa que tiene por objetivo potenciar el rol de la mujer desde la m\u00fasica, comienza con el concierto&nbsp;\u00abEmpodero Mi Pu\u00f1o\u00bb&nbsp;de la cantautora Kuamboka (Pamela Larrechea), este s\u00e1bado 19 a las 18 horas, transmisi\u00f3n v\u00eda Facebook Live del espacio cultural padrelascasino.&nbsp;<\/p>\n\n\n\n<p>Por su parte, Yiliane Fl\u00e1ndez se presenta el d\u00eda 26, Camila Riquelme &amp; Banda y CIES el 9 y 10 de enero, respectivamente. Todas a las 18 horas.<\/p>\n\n\n\n<p><strong>CONCIERTO<\/strong><\/p>\n\n\n\n<p>Kuamboka &amp; Banda llega hasta Padre Las Casas para deleitar al p\u00fablico con su \u201cRock Po\u00e9tico\u201d, haciendo un recorrido desde sus primeras creaciones hasta lo \u00faltimo estrenado. En palabras de la cantautora \u201cser\u00e1 un concierto en donde podr\u00e1n viajar por varias sensaciones, la primera de ellas es la contemplaci\u00f3n del territorio en el cual vivimos y del cual me siento muy orgullosa. Hay mestizaje en las letras y en las melod\u00edas, plasmado, sangrante, la realidad en letras\u201d.<\/p>\n\n\n\n<p>Mientras avanza el espect\u00e1culo, la artista demostrar\u00e1 su versatilidad con sonidos m\u00e1s Pop, con canciones como&nbsp;\u00abAuch\u00bbo&nbsp;\u00abUn hombre cualquiera\u00bb, adem\u00e1s interpretar\u00e1 canciones de protesta que hablan sobre la violencia contra la mujer, el empoderamiento y la violaci\u00f3n de derechos humanos. Para finalizar, tocar\u00e1n en vivo su \u00faltima producci\u00f3n&nbsp;\u00abLas balas\u00bb, single que dedica sus letras al estallido social.&nbsp;<\/p>\n\n\n\n<p><strong>CARRERA<\/strong><\/p>\n\n\n\n<p>Respecto a sus tres a\u00f1os de carrera y su crecimiento en la escena musical nacional, la compositora sincera que llega \u201ctranquila, disfrutando el proceso, llegamos adem\u00e1s como banda, compartir con mis amigos es lo m\u00e1ximo,&nbsp;nos recordarnos que debemos disfrutarlo, aunque nos equivoquemos, as\u00ed que esa alegr\u00eda se nota en el escenario, el fiato y bueno disfrutar al m\u00e1ximo el momento, entendiendo que esa misma energ\u00eda traspasar\u00e1 las pantallas\u201d.&nbsp;<\/p>\n\n\n\n<p>Destacar que la banda que la acompa\u00f1a est\u00e1 compuesta por, Jos\u00e9 Luis Maldonado, Guitarra; Alfredo Hern\u00e1ndez, Bater\u00eda; y quien reci\u00e9n se incorpora a este proyecto, Pablo Provoste, en el Bajo.&nbsp;<\/p>\n\n\n\n<p><strong>PROYECTOS<\/strong><\/p>\n\n\n\n<p>Si bien el Kuamboka se caracteriza por su pop rock, folk rock, hoy la artista se encuentra trabajando en otros sonidos, pronto lanzar\u00e1 su nuevo single&nbsp;\u00abYa no m\u00e1s\u00bb&nbsp;junto al productor argentino, David Prosperi y en paralelo a ello, est\u00e1 comenzando el proceso de creaci\u00f3n de un EP de cumbias junto a Francisco Salinas. \u201cSer\u00e1 un homenaje a mujeres en la cumbia y presentar\u00e9 de paso dos temas m\u00edos, con todo el sabor, por supuesto y con una puesta en escena con m\u00fasicas y m\u00fasicos locales\u201d, detalla.&nbsp;<\/p>\n\n\n\n<p>Consultada por estos nuevos proyectos, responde que \u201csiempre he tenido la inquietud de experimentar con otros estilos, siento que esa investigaci\u00f3n nutre nuestro esp\u00edritu creativo, lo aviva, le da magia, no somos blanco y negro\u201d.<\/p>\n\n\n\n<p><strong>CONTINGENCIA<\/strong><\/p>\n\n\n\n<p>Conversando sobre el panorama actual de las y los artistas, Kuamboka lo expresa como un proceso que ha golpeado muy fuerte, por lo que valora y da la gracias al sector \u201cpor seguir creando, cantando, componiendo, por compartir las ideas, por incluirnos en sus proyectos, generar nuevos v\u00ednculos, por ser generosos en este tiempo, y generar una red de arte que ha permitido la contenci\u00f3n emocional de muchas personas, incluy\u00e9ndome\u201d.&nbsp;<\/p>\n","protected":false},"excerpt":{"rendered":"<div class=\"pvc_clear\"><\/div>\n<p id=\"pvc_stats_17292\" class=\"pvc_stats total_only  \" data-element-id=\"17292\" style=\"\"><i class=\"pvc-stats-icon large\" aria-hidden=\"true\"><svg aria-hidden=\"true\" focusable=\"false\" data-prefix=\"far\" data-icon=\"chart-bar\" role=\"img\" xmlns=\"http:\/\/www.w3.org\/2000\/svg\" viewBox=\"0 0 512 512\" class=\"svg-inline--fa fa-chart-bar fa-w-16 fa-2x\"><path fill=\"currentColor\" d=\"M396.8 352h22.4c6.4 0 12.8-6.4 12.8-12.8V108.8c0-6.4-6.4-12.8-12.8-12.8h-22.4c-6.4 0-12.8 6.4-12.8 12.8v230.4c0 6.4 6.4 12.8 12.8 12.8zm-192 0h22.4c6.4 0 12.8-6.4 12.8-12.8V140.8c0-6.4-6.4-12.8-12.8-12.8h-22.4c-6.4 0-12.8 6.4-12.8 12.8v198.4c0 6.4 6.4 12.8 12.8 12.8zm96 0h22.4c6.4 0 12.8-6.4 12.8-12.8V204.8c0-6.4-6.4-12.8-12.8-12.8h-22.4c-6.4 0-12.8 6.4-12.8 12.8v134.4c0 6.4 6.4 12.8 12.8 12.8zM496 400H48V80c0-8.84-7.16-16-16-16H16C7.16 64 0 71.16 0 80v336c0 17.67 14.33 32 32 32h464c8.84 0 16-7.16 16-16v-16c0-8.84-7.16-16-16-16zm-387.2-48h22.4c6.4 0 12.8-6.4 12.8-12.8v-70.4c0-6.4-6.4-12.8-12.8-12.8h-22.4c-6.4 0-12.8 6.4-12.8 12.8v70.4c0 6.4 6.4 12.8 12.8 12.8z\" class=\"\"><\/path><\/svg><\/i> <img loading=\"lazy\" decoding=\"async\" width=\"16\" height=\"16\" alt=\"Loading\" src=\"https:\/\/temucotelevision.cl\/web\/wp-content\/plugins\/page-views-count\/ajax-loader-2x.gif\" border=0 \/><\/p>\n<div class=\"pvc_clear\"><\/div>\n<p>La iniciativa es organizada por el Centro Cultural de PLC quienes transmitir\u00e1n cuatro espect\u00e1culos v\u00eda Facebook Live. Centro Cultural de<\/p>\n","protected":false},"author":1,"featured_media":17293,"comment_status":"open","ping_status":"open","sticky":false,"template":"","format":"standard","meta":{"colormag_page_container_layout":"default_layout","colormag_page_sidebar_layout":"default_layout","footnotes":""},"categories":[86],"tags":[635,2134],"class_list":["post-17292","post","type-post","status-publish","format-standard","has-post-thumbnail","hentry","category-panoramas","tag-banda","tag-online"],"a3_pvc":{"activated":true,"total_views":27,"today_views":0},"_links":{"self":[{"href":"https:\/\/temucotelevision.cl\/web\/wp-json\/wp\/v2\/posts\/17292","targetHints":{"allow":["GET"]}}],"collection":[{"href":"https:\/\/temucotelevision.cl\/web\/wp-json\/wp\/v2\/posts"}],"about":[{"href":"https:\/\/temucotelevision.cl\/web\/wp-json\/wp\/v2\/types\/post"}],"author":[{"embeddable":true,"href":"https:\/\/temucotelevision.cl\/web\/wp-json\/wp\/v2\/users\/1"}],"replies":[{"embeddable":true,"href":"https:\/\/temucotelevision.cl\/web\/wp-json\/wp\/v2\/comments?post=17292"}],"version-history":[{"count":1,"href":"https:\/\/temucotelevision.cl\/web\/wp-json\/wp\/v2\/posts\/17292\/revisions"}],"predecessor-version":[{"id":17294,"href":"https:\/\/temucotelevision.cl\/web\/wp-json\/wp\/v2\/posts\/17292\/revisions\/17294"}],"wp:featuredmedia":[{"embeddable":true,"href":"https:\/\/temucotelevision.cl\/web\/wp-json\/wp\/v2\/media\/17293"}],"wp:attachment":[{"href":"https:\/\/temucotelevision.cl\/web\/wp-json\/wp\/v2\/media?parent=17292"}],"wp:term":[{"taxonomy":"category","embeddable":true,"href":"https:\/\/temucotelevision.cl\/web\/wp-json\/wp\/v2\/categories?post=17292"},{"taxonomy":"post_tag","embeddable":true,"href":"https:\/\/temucotelevision.cl\/web\/wp-json\/wp\/v2\/tags?post=17292"}],"curies":[{"name":"wp","href":"https:\/\/api.w.org\/{rel}","templated":true}]}}