{"id":17289,"date":"2020-12-17T21:31:53","date_gmt":"2020-12-18T00:31:53","guid":{"rendered":"https:\/\/temucotelevision.cl\/web\/?p=17289"},"modified":"2020-12-17T21:31:57","modified_gmt":"2020-12-18T00:31:57","slug":"richard-caamano-pdte-de-asociacion-de-consumidores-invita-a-apoyar-su-candidatura-independiente-a-convencion-constituyente","status":"publish","type":"post","link":"https:\/\/temucotelevision.cl\/web\/2020\/12\/17\/richard-caamano-pdte-de-asociacion-de-consumidores-invita-a-apoyar-su-candidatura-independiente-a-convencion-constituyente\/","title":{"rendered":"Richard Caama\u00f1o, Pdte de Asociaci\u00f3n de Consumidores invita a apoyar su candidatura independiente a Convenci\u00f3n Constituyente"},"content":{"rendered":"<div class=\"pvc_clear\"><\/div><p id=\"pvc_stats_17289\" class=\"pvc_stats total_only  \" data-element-id=\"17289\" style=\"\"><i class=\"pvc-stats-icon large\" aria-hidden=\"true\"><svg aria-hidden=\"true\" focusable=\"false\" data-prefix=\"far\" data-icon=\"chart-bar\" role=\"img\" xmlns=\"http:\/\/www.w3.org\/2000\/svg\" viewBox=\"0 0 512 512\" class=\"svg-inline--fa fa-chart-bar fa-w-16 fa-2x\"><path fill=\"currentColor\" d=\"M396.8 352h22.4c6.4 0 12.8-6.4 12.8-12.8V108.8c0-6.4-6.4-12.8-12.8-12.8h-22.4c-6.4 0-12.8 6.4-12.8 12.8v230.4c0 6.4 6.4 12.8 12.8 12.8zm-192 0h22.4c6.4 0 12.8-6.4 12.8-12.8V140.8c0-6.4-6.4-12.8-12.8-12.8h-22.4c-6.4 0-12.8 6.4-12.8 12.8v198.4c0 6.4 6.4 12.8 12.8 12.8zm96 0h22.4c6.4 0 12.8-6.4 12.8-12.8V204.8c0-6.4-6.4-12.8-12.8-12.8h-22.4c-6.4 0-12.8 6.4-12.8 12.8v134.4c0 6.4 6.4 12.8 12.8 12.8zM496 400H48V80c0-8.84-7.16-16-16-16H16C7.16 64 0 71.16 0 80v336c0 17.67 14.33 32 32 32h464c8.84 0 16-7.16 16-16v-16c0-8.84-7.16-16-16-16zm-387.2-48h22.4c6.4 0 12.8-6.4 12.8-12.8v-70.4c0-6.4-6.4-12.8-12.8-12.8h-22.4c-6.4 0-12.8 6.4-12.8 12.8v70.4c0 6.4 6.4 12.8 12.8 12.8z\" class=\"\"><\/path><\/svg><\/i> <img loading=\"lazy\" decoding=\"async\" width=\"16\" height=\"16\" alt=\"Loading\" src=\"https:\/\/temucotelevision.cl\/web\/wp-content\/plugins\/page-views-count\/ajax-loader-2x.gif\" border=0 \/><\/p><div class=\"pvc_clear\"><\/div>\n<p>El precandidato independiente a constituyente por el Distrito 23, Richard Caama\u00f1o, formul\u00f3 un llamado a la comunidad regional a apoyar a los postulantes independientes para integrar la Convenci\u00f3n que redactar\u00e1 la nueva Constituci\u00f3n de Chile, esto en el marco de la reciente apertura del proceso de patrocinios de ciudadanos en el Servicio Electoral SERVEL para apoyar a estas candidaturas.<\/p>\n\n\n\n<p>\u201cInvito a los y las ciudadanas a apoyar nuestra candidatura, que es independiente, con a\u00f1os de trabajo con organizaciones sociales, juntas de vecinos, con gremios, con emprendedores y muchas organizaciones que trabajan en desarrollo social y sustentable, a que conozcan nuestra propuesta y se sumen a participar por una carta magna que nos identifique, nos proteja y nos represente frente a los grandes poderes econ\u00f3micos que durante muchos a\u00f1os han abusado de los consumidores\u201d, dijo el dirigente de la Asociaci\u00f3n de Consumidores y Usuarios del Sur.<\/p>\n\n\n\n<p>Caama\u00f1o explic\u00f3 que se encuentran trabajando arduamente con organizaciones vecinales de Fundo El Carmen, Labranza, Temuco en general y Padre Las Casas, Nueva Imperial, Carahue y las ciudades de la zona lacustre, para construir un proyecto que logre interpretar al Distrito.<br>\u201cEstamos recogiendo propuesta e ideas de las personas comunes y corrientes, dirigentes y profesionales, porque nuestra candidatura no es de una elite, si no que de ciudadanos y personas que quieren construir un pa\u00eds m\u00e1s justo, con derechos garantizados para todos y todas, y en donde los intereses corporativos no pasen sobre las personas\u201d, dijo.<\/p>\n\n\n\n<p>El precandidato postula a un esca\u00f1o por la lista Independientes No Neutrales, cuyos principios pueden encontrarse en\u00a0<a rel=\"noreferrer noopener\" href=\"https:\/\/www.independientesnoneutrales.cl\/\" target=\"_blank\">https:\/\/www.independientesnoneutrales.cl\/<\/a><br>\u201cLes invito a patrocinar mi candidatura, la plataforma es muy amigable y se puede hacer con clave \u00fanica, s\u00f3lo deben ingresar al web del SERVEL (<a rel=\"noreferrer noopener\" href=\"https:\/\/patrocinantes.servel.cl\/auth\/login\" target=\"_blank\">https:\/\/patrocinantes.servel.cl\/auth\/login<\/a>) y buscar mi nombre Richard Caama\u00f1o y presionar el bot\u00f3n. Con ese apoyo, podremos tener las firmas necesarias para inscribirme el 11 de enero, cuando deben formalizarse las candidaturas\u201d, explic\u00f3.<\/p>\n","protected":false},"excerpt":{"rendered":"<div class=\"pvc_clear\"><\/div>\n<p id=\"pvc_stats_17289\" class=\"pvc_stats total_only  \" data-element-id=\"17289\" style=\"\"><i class=\"pvc-stats-icon large\" aria-hidden=\"true\"><svg aria-hidden=\"true\" focusable=\"false\" data-prefix=\"far\" data-icon=\"chart-bar\" role=\"img\" xmlns=\"http:\/\/www.w3.org\/2000\/svg\" viewBox=\"0 0 512 512\" class=\"svg-inline--fa fa-chart-bar fa-w-16 fa-2x\"><path fill=\"currentColor\" d=\"M396.8 352h22.4c6.4 0 12.8-6.4 12.8-12.8V108.8c0-6.4-6.4-12.8-12.8-12.8h-22.4c-6.4 0-12.8 6.4-12.8 12.8v230.4c0 6.4 6.4 12.8 12.8 12.8zm-192 0h22.4c6.4 0 12.8-6.4 12.8-12.8V140.8c0-6.4-6.4-12.8-12.8-12.8h-22.4c-6.4 0-12.8 6.4-12.8 12.8v198.4c0 6.4 6.4 12.8 12.8 12.8zm96 0h22.4c6.4 0 12.8-6.4 12.8-12.8V204.8c0-6.4-6.4-12.8-12.8-12.8h-22.4c-6.4 0-12.8 6.4-12.8 12.8v134.4c0 6.4 6.4 12.8 12.8 12.8zM496 400H48V80c0-8.84-7.16-16-16-16H16C7.16 64 0 71.16 0 80v336c0 17.67 14.33 32 32 32h464c8.84 0 16-7.16 16-16v-16c0-8.84-7.16-16-16-16zm-387.2-48h22.4c6.4 0 12.8-6.4 12.8-12.8v-70.4c0-6.4-6.4-12.8-12.8-12.8h-22.4c-6.4 0-12.8 6.4-12.8 12.8v70.4c0 6.4 6.4 12.8 12.8 12.8z\" class=\"\"><\/path><\/svg><\/i> <img loading=\"lazy\" decoding=\"async\" width=\"16\" height=\"16\" alt=\"Loading\" src=\"https:\/\/temucotelevision.cl\/web\/wp-content\/plugins\/page-views-count\/ajax-loader-2x.gif\" border=0 \/><\/p>\n<div class=\"pvc_clear\"><\/div>\n<p>El precandidato independiente a constituyente por el Distrito 23, Richard Caama\u00f1o, formul\u00f3 un llamado a la comunidad regional a apoyar<\/p>\n","protected":false},"author":1,"featured_media":17290,"comment_status":"open","ping_status":"open","sticky":false,"template":"","format":"standard","meta":{"colormag_page_container_layout":"default_layout","colormag_page_sidebar_layout":"default_layout","footnotes":""},"categories":[84],"tags":[3333,865],"class_list":["post-17289","post","type-post","status-publish","format-standard","has-post-thumbnail","hentry","category-politica","tag-candidatura","tag-consumidores"],"a3_pvc":{"activated":true,"total_views":66,"today_views":0},"_links":{"self":[{"href":"https:\/\/temucotelevision.cl\/web\/wp-json\/wp\/v2\/posts\/17289","targetHints":{"allow":["GET"]}}],"collection":[{"href":"https:\/\/temucotelevision.cl\/web\/wp-json\/wp\/v2\/posts"}],"about":[{"href":"https:\/\/temucotelevision.cl\/web\/wp-json\/wp\/v2\/types\/post"}],"author":[{"embeddable":true,"href":"https:\/\/temucotelevision.cl\/web\/wp-json\/wp\/v2\/users\/1"}],"replies":[{"embeddable":true,"href":"https:\/\/temucotelevision.cl\/web\/wp-json\/wp\/v2\/comments?post=17289"}],"version-history":[{"count":1,"href":"https:\/\/temucotelevision.cl\/web\/wp-json\/wp\/v2\/posts\/17289\/revisions"}],"predecessor-version":[{"id":17291,"href":"https:\/\/temucotelevision.cl\/web\/wp-json\/wp\/v2\/posts\/17289\/revisions\/17291"}],"wp:featuredmedia":[{"embeddable":true,"href":"https:\/\/temucotelevision.cl\/web\/wp-json\/wp\/v2\/media\/17290"}],"wp:attachment":[{"href":"https:\/\/temucotelevision.cl\/web\/wp-json\/wp\/v2\/media?parent=17289"}],"wp:term":[{"taxonomy":"category","embeddable":true,"href":"https:\/\/temucotelevision.cl\/web\/wp-json\/wp\/v2\/categories?post=17289"},{"taxonomy":"post_tag","embeddable":true,"href":"https:\/\/temucotelevision.cl\/web\/wp-json\/wp\/v2\/tags?post=17289"}],"curies":[{"name":"wp","href":"https:\/\/api.w.org\/{rel}","templated":true}]}}