{"id":17287,"date":"2020-12-17T21:26:38","date_gmt":"2020-12-18T00:26:38","guid":{"rendered":"https:\/\/temucotelevision.cl\/web\/?p=17287"},"modified":"2020-12-17T21:26:39","modified_gmt":"2020-12-18T00:26:39","slug":"diputado-rathgeb-como-autor-de-proyecto-de-escanos-reservados-asegura-representatividad-de-los-pueblos-originarios%ef%bb%bf","status":"publish","type":"post","link":"https:\/\/temucotelevision.cl\/web\/2020\/12\/17\/diputado-rathgeb-como-autor-de-proyecto-de-escanos-reservados-asegura-representatividad-de-los-pueblos-originarios%ef%bb%bf\/","title":{"rendered":"Diputado Rathgeb como autor de proyecto de esca\u00f1os reservados: \u201cAsegura representatividad de los pueblos originarios\u201d\ufeff"},"content":{"rendered":"<div class=\"pvc_clear\"><\/div><p id=\"pvc_stats_17287\" class=\"pvc_stats total_only  \" data-element-id=\"17287\" style=\"\"><i class=\"pvc-stats-icon large\" aria-hidden=\"true\"><svg aria-hidden=\"true\" focusable=\"false\" data-prefix=\"far\" data-icon=\"chart-bar\" role=\"img\" xmlns=\"http:\/\/www.w3.org\/2000\/svg\" viewBox=\"0 0 512 512\" class=\"svg-inline--fa fa-chart-bar fa-w-16 fa-2x\"><path fill=\"currentColor\" d=\"M396.8 352h22.4c6.4 0 12.8-6.4 12.8-12.8V108.8c0-6.4-6.4-12.8-12.8-12.8h-22.4c-6.4 0-12.8 6.4-12.8 12.8v230.4c0 6.4 6.4 12.8 12.8 12.8zm-192 0h22.4c6.4 0 12.8-6.4 12.8-12.8V140.8c0-6.4-6.4-12.8-12.8-12.8h-22.4c-6.4 0-12.8 6.4-12.8 12.8v198.4c0 6.4 6.4 12.8 12.8 12.8zm96 0h22.4c6.4 0 12.8-6.4 12.8-12.8V204.8c0-6.4-6.4-12.8-12.8-12.8h-22.4c-6.4 0-12.8 6.4-12.8 12.8v134.4c0 6.4 6.4 12.8 12.8 12.8zM496 400H48V80c0-8.84-7.16-16-16-16H16C7.16 64 0 71.16 0 80v336c0 17.67 14.33 32 32 32h464c8.84 0 16-7.16 16-16v-16c0-8.84-7.16-16-16-16zm-387.2-48h22.4c6.4 0 12.8-6.4 12.8-12.8v-70.4c0-6.4-6.4-12.8-12.8-12.8h-22.4c-6.4 0-12.8 6.4-12.8 12.8v70.4c0 6.4 6.4 12.8 12.8 12.8z\" class=\"\"><\/path><\/svg><\/i> <img loading=\"lazy\" decoding=\"async\" width=\"16\" height=\"16\" alt=\"Loading\" src=\"https:\/\/temucotelevision.cl\/web\/wp-content\/plugins\/page-views-count\/ajax-loader-2x.gif\" border=0 \/><\/p><div class=\"pvc_clear\"><\/div>\n<p><strong>Congresista fue uno de los autores y firmantes de la iniciativa que tuvo luz verde y que asegura que representantes de las etnias de nuestro pa\u00eds, participen del proceso constituyente.<\/strong><\/p>\n\n\n\n<p>\u201cAsegurar representantes, sobre todo de nuestra regi\u00f3n es un gran paso y materia de orgullo\u201d, con estas palabras catalog\u00f3 el diputado de Renovaci\u00f3n Nacional por La Araucan\u00eda, Jorge Rathgeb Schifferli, la aprobaci\u00f3n de los esca\u00f1os reservados para los pueblos originarios y que \u00e9l en su calidad de integrante de la bancada RN, fue uno de los autores y firmantes del proyecto.<\/p>\n\n\n\n<p>El articulado que deriv\u00f3 de la comisi\u00f3n mixta, dispone de 17 cupos para representantes ind\u00edgenas, que ser\u00e1n descontados de los 155 que conforman el \u00f3rgano constituyente, lo que es una se\u00f1al potente para el congresista porque permitir\u00e1 el di\u00e1logo y la comunicaci\u00f3n entre todas las partes, lo que incluso fue valorado por algunos miembros de la oposici\u00f3n.<\/p>\n\n\n\n<p>De esta forma la nueva carta fundamental que nacer\u00e1 del proceso constituyente tendr\u00e1 asegurada la partici\u00f3n activa de miembros de las etnias originarias de nuestro pa\u00eds, lo cual a juicio del parlamentario, habla a las claras de que nadie quedar\u00e1 excluido de la elaboraci\u00f3n de la Constituci\u00f3n.<\/p>\n\n\n\n<p>Para Rathgeb esto es hist\u00f3rico y lo m\u00e1s importante es que se cumple con la palabra que se les ha entregado a los representantes de los diferentes pueblos originarios, sobre todo de la Regi\u00f3n.<\/p>\n\n\n\n<p>\u201cCon orgullo podemos decir que gracias a una iniciativa de Renovaci\u00f3n Nacional de la cual soy uno de los firmantes, hoy se ha podido concretar el hecho de la participaci\u00f3n de nuestros pueblos originarios en la redacci\u00f3n de la nueva Constituci\u00f3n a trav\u00e9s de los esca\u00f1os reservados. Ser autor de esta instancia es cumplir con el compromiso que tenemos con nuestras etnias, sobre todo de La Araucan\u00eda\u201d, manifest\u00f3 el diputado Rathgeb.<\/p>\n\n\n\n<p>Para finalizar el congresista agreg\u00f3 que cada vez se van dando se\u00f1ales m\u00e1s potentes, de que nadie puede quedar excluido de un proceso tan importante como es la elaboraci\u00f3n de la carta fundamental que regir\u00e1 los destinos de nuestro pa\u00eds.<\/p>\n","protected":false},"excerpt":{"rendered":"<div class=\"pvc_clear\"><\/div>\n<p id=\"pvc_stats_17287\" class=\"pvc_stats total_only  \" data-element-id=\"17287\" style=\"\"><i class=\"pvc-stats-icon large\" aria-hidden=\"true\"><svg aria-hidden=\"true\" focusable=\"false\" data-prefix=\"far\" data-icon=\"chart-bar\" role=\"img\" xmlns=\"http:\/\/www.w3.org\/2000\/svg\" viewBox=\"0 0 512 512\" class=\"svg-inline--fa fa-chart-bar fa-w-16 fa-2x\"><path fill=\"currentColor\" d=\"M396.8 352h22.4c6.4 0 12.8-6.4 12.8-12.8V108.8c0-6.4-6.4-12.8-12.8-12.8h-22.4c-6.4 0-12.8 6.4-12.8 12.8v230.4c0 6.4 6.4 12.8 12.8 12.8zm-192 0h22.4c6.4 0 12.8-6.4 12.8-12.8V140.8c0-6.4-6.4-12.8-12.8-12.8h-22.4c-6.4 0-12.8 6.4-12.8 12.8v198.4c0 6.4 6.4 12.8 12.8 12.8zm96 0h22.4c6.4 0 12.8-6.4 12.8-12.8V204.8c0-6.4-6.4-12.8-12.8-12.8h-22.4c-6.4 0-12.8 6.4-12.8 12.8v134.4c0 6.4 6.4 12.8 12.8 12.8zM496 400H48V80c0-8.84-7.16-16-16-16H16C7.16 64 0 71.16 0 80v336c0 17.67 14.33 32 32 32h464c8.84 0 16-7.16 16-16v-16c0-8.84-7.16-16-16-16zm-387.2-48h22.4c6.4 0 12.8-6.4 12.8-12.8v-70.4c0-6.4-6.4-12.8-12.8-12.8h-22.4c-6.4 0-12.8 6.4-12.8 12.8v70.4c0 6.4 6.4 12.8 12.8 12.8z\" class=\"\"><\/path><\/svg><\/i> <img loading=\"lazy\" decoding=\"async\" width=\"16\" height=\"16\" alt=\"Loading\" src=\"https:\/\/temucotelevision.cl\/web\/wp-content\/plugins\/page-views-count\/ajax-loader-2x.gif\" border=0 \/><\/p>\n<div class=\"pvc_clear\"><\/div>\n<p>Congresista fue uno de los autores y firmantes de la iniciativa que tuvo luz verde y que asegura que representantes<\/p>\n","protected":false},"author":1,"featured_media":7849,"comment_status":"open","ping_status":"open","sticky":false,"template":"","format":"standard","meta":{"colormag_page_container_layout":"default_layout","colormag_page_sidebar_layout":"default_layout","footnotes":""},"categories":[84],"tags":[3146,155],"class_list":["post-17287","post","type-post","status-publish","format-standard","has-post-thumbnail","hentry","category-politica","tag-escanos","tag-proyecto"],"a3_pvc":{"activated":true,"total_views":23,"today_views":0},"_links":{"self":[{"href":"https:\/\/temucotelevision.cl\/web\/wp-json\/wp\/v2\/posts\/17287","targetHints":{"allow":["GET"]}}],"collection":[{"href":"https:\/\/temucotelevision.cl\/web\/wp-json\/wp\/v2\/posts"}],"about":[{"href":"https:\/\/temucotelevision.cl\/web\/wp-json\/wp\/v2\/types\/post"}],"author":[{"embeddable":true,"href":"https:\/\/temucotelevision.cl\/web\/wp-json\/wp\/v2\/users\/1"}],"replies":[{"embeddable":true,"href":"https:\/\/temucotelevision.cl\/web\/wp-json\/wp\/v2\/comments?post=17287"}],"version-history":[{"count":1,"href":"https:\/\/temucotelevision.cl\/web\/wp-json\/wp\/v2\/posts\/17287\/revisions"}],"predecessor-version":[{"id":17288,"href":"https:\/\/temucotelevision.cl\/web\/wp-json\/wp\/v2\/posts\/17287\/revisions\/17288"}],"wp:featuredmedia":[{"embeddable":true,"href":"https:\/\/temucotelevision.cl\/web\/wp-json\/wp\/v2\/media\/7849"}],"wp:attachment":[{"href":"https:\/\/temucotelevision.cl\/web\/wp-json\/wp\/v2\/media?parent=17287"}],"wp:term":[{"taxonomy":"category","embeddable":true,"href":"https:\/\/temucotelevision.cl\/web\/wp-json\/wp\/v2\/categories?post=17287"},{"taxonomy":"post_tag","embeddable":true,"href":"https:\/\/temucotelevision.cl\/web\/wp-json\/wp\/v2\/tags?post=17287"}],"curies":[{"name":"wp","href":"https:\/\/api.w.org\/{rel}","templated":true}]}}