{"id":17284,"date":"2020-12-17T21:22:33","date_gmt":"2020-12-18T00:22:33","guid":{"rendered":"https:\/\/temucotelevision.cl\/web\/?p=17284"},"modified":"2020-12-17T21:22:36","modified_gmt":"2020-12-18T00:22:36","slug":"diputado-celis-celebra-aprobacion-de-escanos-reservados-para-pueblos-originarios-nueva-constitucion-sera-redactada-paritariamente-y-escuchando-necesidades-de-todos","status":"publish","type":"post","link":"https:\/\/temucotelevision.cl\/web\/2020\/12\/17\/diputado-celis-celebra-aprobacion-de-escanos-reservados-para-pueblos-originarios-nueva-constitucion-sera-redactada-paritariamente-y-escuchando-necesidades-de-todos\/","title":{"rendered":"Diputado Celis celebra aprobaci\u00f3n de esca\u00f1os reservados para pueblos originarios: Nueva Constituci\u00f3n ser\u00e1 redactada paritariamente y escuchando necesidades de todos"},"content":{"rendered":"<div class=\"pvc_clear\"><\/div><p id=\"pvc_stats_17284\" class=\"pvc_stats total_only  \" data-element-id=\"17284\" style=\"\"><i class=\"pvc-stats-icon large\" aria-hidden=\"true\"><svg aria-hidden=\"true\" focusable=\"false\" data-prefix=\"far\" data-icon=\"chart-bar\" role=\"img\" xmlns=\"http:\/\/www.w3.org\/2000\/svg\" viewBox=\"0 0 512 512\" class=\"svg-inline--fa fa-chart-bar fa-w-16 fa-2x\"><path fill=\"currentColor\" d=\"M396.8 352h22.4c6.4 0 12.8-6.4 12.8-12.8V108.8c0-6.4-6.4-12.8-12.8-12.8h-22.4c-6.4 0-12.8 6.4-12.8 12.8v230.4c0 6.4 6.4 12.8 12.8 12.8zm-192 0h22.4c6.4 0 12.8-6.4 12.8-12.8V140.8c0-6.4-6.4-12.8-12.8-12.8h-22.4c-6.4 0-12.8 6.4-12.8 12.8v198.4c0 6.4 6.4 12.8 12.8 12.8zm96 0h22.4c6.4 0 12.8-6.4 12.8-12.8V204.8c0-6.4-6.4-12.8-12.8-12.8h-22.4c-6.4 0-12.8 6.4-12.8 12.8v134.4c0 6.4 6.4 12.8 12.8 12.8zM496 400H48V80c0-8.84-7.16-16-16-16H16C7.16 64 0 71.16 0 80v336c0 17.67 14.33 32 32 32h464c8.84 0 16-7.16 16-16v-16c0-8.84-7.16-16-16-16zm-387.2-48h22.4c6.4 0 12.8-6.4 12.8-12.8v-70.4c0-6.4-6.4-12.8-12.8-12.8h-22.4c-6.4 0-12.8 6.4-12.8 12.8v70.4c0 6.4 6.4 12.8 12.8 12.8z\" class=\"\"><\/path><\/svg><\/i> <img loading=\"lazy\" decoding=\"async\" width=\"16\" height=\"16\" alt=\"Loading\" src=\"https:\/\/temucotelevision.cl\/web\/wp-content\/plugins\/page-views-count\/ajax-loader-2x.gif\" border=0 \/><\/p><div class=\"pvc_clear\"><\/div>\n<p>Con una votaci\u00f3n de 147 votos a favor, 7 en contra y 2 abstenciones fue aprobado por la C\u00e1mara de Diputados el informe de comisi\u00f3n mixta &nbsp;sobre la reforma constitucional que permite esca\u00f1os reservados para representantes de los pueblos originarios y que para el diputado Ricardo Celis es una de las se\u00f1ales que el pueblo mapuche esperaba desde hace mucho tiempo por parte del Estado: \u201cEl pueblo mapuche ha esperado hace mucho tiempo una se\u00f1al pol\u00edtica clara desde el Estado en relaci\u00f3n a reconocer sus demandas leg\u00edtimas que tiene que ver con el despojo, con el no reconocimiento, con la discriminaci\u00f3n y la represi\u00f3n que han sufrido. Esta se\u00f1al que hoy da el Congreso es la que esperaban y espero que en el futuro se repitan se\u00f1ales tan potentes como esta.\u201d<\/p>\n\n\n\n<p>Para el legislador, la regi\u00f3n de La Araucan\u00eda ha estado mucho tiempo asociada a un conflicto entre el Estado y los pueblos originarios y hoy se genera la oportunidad de un cambio a trav\u00e9s de la participaci\u00f3n de \u00e9stos en la construcci\u00f3n de la nueva constituci\u00f3n: \u201cAqu\u00ed no se trata de multiplicar cuantas personas van a ser representados por cuantos representantes. Aqu\u00ed est\u00e1 el reconocer lo hechos hist\u00f3ricos, pol\u00edticos y sociol\u00f3gicos, donde decimos que nos hacemos cargo del genocidio, de la acci\u00f3n del Estado, donde reconocemos las culturas, donde reconocemos los distintos quehaceres de los pueblos de nuestro pa\u00eds. Qu\u00e9 importante va a ser cuando ellos se re\u00fanan con el resto de los constituyentes y les digan cu\u00e1les son sus demandas, sus luchas, sus dolores y sus esperanzas. Eso es lo relevante. \u201c<\/p>\n\n\n\n<p>Con este proyecto podr\u00e1n ser candidatos o candidatas a los 17 esca\u00f1os reservados todas las personas chilenas que acrediten su condici\u00f3n de ind\u00edgena mediante un certificado emitido por la CONADI, pudiendo representar a un solo pueblo ind\u00edgena, y quedando 7 esca\u00f1os para el pueblo mapuche, 2 para &nbsp;el pueblo aymara y &nbsp;8 restantantes \u00adpara los quechua, rapanui, diaguita, atacame\u00f1o, colla, kaw\u00e9sqar, yag\u00e1n y chango, descont\u00e1ndose estos 17 cupos del total de los 155 que conforman la Convenci\u00f3n Constituyente.<\/p>\n\n\n\n<p>Adicional a ello, el proyecto tambi\u00e9n contempla la paridad de g\u00e9nero, la incorporaci\u00f3n de personas con discapacidad en el proceso y recursos y medios log\u00edsticos para la difusi\u00f3n y registro de electores ind\u00edgenas.<\/p>\n\n\n\n<p>El proyecto de esca\u00f1os reservados busca ratificar la necesidad expresada por el pueblo de Chile en la pasada elecci\u00f3n del 25 de octubre de poder confeccionar una Nueva Constituci\u00f3n a partir de la participaci\u00f3n de la ciudadan\u00eda y en forma paritaria.<\/p>\n\n\n\n<p>\u201cLa legitimidad de la convenci\u00f3n constitucional lograda el 25 de octubre va a ser ratificada cuando \u00e9sta sea paritaria con participaci\u00f3n importante de los independientes y de los pueblos originarios y primeras naciones. Esa es la se\u00f1al que Chile est\u00e1 esperando desde el Congreso y nosotros como bancada PPD concurrimos con nuestros votos en ese sentido.\u201d Finaliz\u00f3 Celis.&nbsp;<\/p>\n\n\n\n<p>El proyecto de reforma constitucional que contempla 17 esca\u00f1os reservados para los pueblos originarios debe ser ahora aprobado por el Senado.<\/p>\n","protected":false},"excerpt":{"rendered":"<div class=\"pvc_clear\"><\/div>\n<p id=\"pvc_stats_17284\" class=\"pvc_stats total_only  \" data-element-id=\"17284\" style=\"\"><i class=\"pvc-stats-icon large\" aria-hidden=\"true\"><svg aria-hidden=\"true\" focusable=\"false\" data-prefix=\"far\" data-icon=\"chart-bar\" role=\"img\" xmlns=\"http:\/\/www.w3.org\/2000\/svg\" viewBox=\"0 0 512 512\" class=\"svg-inline--fa fa-chart-bar fa-w-16 fa-2x\"><path fill=\"currentColor\" d=\"M396.8 352h22.4c6.4 0 12.8-6.4 12.8-12.8V108.8c0-6.4-6.4-12.8-12.8-12.8h-22.4c-6.4 0-12.8 6.4-12.8 12.8v230.4c0 6.4 6.4 12.8 12.8 12.8zm-192 0h22.4c6.4 0 12.8-6.4 12.8-12.8V140.8c0-6.4-6.4-12.8-12.8-12.8h-22.4c-6.4 0-12.8 6.4-12.8 12.8v198.4c0 6.4 6.4 12.8 12.8 12.8zm96 0h22.4c6.4 0 12.8-6.4 12.8-12.8V204.8c0-6.4-6.4-12.8-12.8-12.8h-22.4c-6.4 0-12.8 6.4-12.8 12.8v134.4c0 6.4 6.4 12.8 12.8 12.8zM496 400H48V80c0-8.84-7.16-16-16-16H16C7.16 64 0 71.16 0 80v336c0 17.67 14.33 32 32 32h464c8.84 0 16-7.16 16-16v-16c0-8.84-7.16-16-16-16zm-387.2-48h22.4c6.4 0 12.8-6.4 12.8-12.8v-70.4c0-6.4-6.4-12.8-12.8-12.8h-22.4c-6.4 0-12.8 6.4-12.8 12.8v70.4c0 6.4 6.4 12.8 12.8 12.8z\" class=\"\"><\/path><\/svg><\/i> <img loading=\"lazy\" decoding=\"async\" width=\"16\" height=\"16\" alt=\"Loading\" src=\"https:\/\/temucotelevision.cl\/web\/wp-content\/plugins\/page-views-count\/ajax-loader-2x.gif\" border=0 \/><\/p>\n<div class=\"pvc_clear\"><\/div>\n<p>Con una votaci\u00f3n de 147 votos a favor, 7 en contra y 2 abstenciones fue aprobado por la C\u00e1mara de<\/p>\n","protected":false},"author":1,"featured_media":17285,"comment_status":"open","ping_status":"open","sticky":false,"template":"","format":"standard","meta":{"colormag_page_container_layout":"default_layout","colormag_page_sidebar_layout":"default_layout","footnotes":""},"categories":[84],"tags":[154],"class_list":["post-17284","post","type-post","status-publish","format-standard","has-post-thumbnail","hentry","category-politica","tag-diputado"],"a3_pvc":{"activated":true,"total_views":25,"today_views":0},"_links":{"self":[{"href":"https:\/\/temucotelevision.cl\/web\/wp-json\/wp\/v2\/posts\/17284","targetHints":{"allow":["GET"]}}],"collection":[{"href":"https:\/\/temucotelevision.cl\/web\/wp-json\/wp\/v2\/posts"}],"about":[{"href":"https:\/\/temucotelevision.cl\/web\/wp-json\/wp\/v2\/types\/post"}],"author":[{"embeddable":true,"href":"https:\/\/temucotelevision.cl\/web\/wp-json\/wp\/v2\/users\/1"}],"replies":[{"embeddable":true,"href":"https:\/\/temucotelevision.cl\/web\/wp-json\/wp\/v2\/comments?post=17284"}],"version-history":[{"count":1,"href":"https:\/\/temucotelevision.cl\/web\/wp-json\/wp\/v2\/posts\/17284\/revisions"}],"predecessor-version":[{"id":17286,"href":"https:\/\/temucotelevision.cl\/web\/wp-json\/wp\/v2\/posts\/17284\/revisions\/17286"}],"wp:featuredmedia":[{"embeddable":true,"href":"https:\/\/temucotelevision.cl\/web\/wp-json\/wp\/v2\/media\/17285"}],"wp:attachment":[{"href":"https:\/\/temucotelevision.cl\/web\/wp-json\/wp\/v2\/media?parent=17284"}],"wp:term":[{"taxonomy":"category","embeddable":true,"href":"https:\/\/temucotelevision.cl\/web\/wp-json\/wp\/v2\/categories?post=17284"},{"taxonomy":"post_tag","embeddable":true,"href":"https:\/\/temucotelevision.cl\/web\/wp-json\/wp\/v2\/tags?post=17284"}],"curies":[{"name":"wp","href":"https:\/\/api.w.org\/{rel}","templated":true}]}}