{"id":1727,"date":"2019-02-23T15:38:48","date_gmt":"2019-02-23T18:38:48","guid":{"rendered":"https:\/\/temucotelevision.cl\/web\/?p=1727"},"modified":"2019-02-23T15:38:48","modified_gmt":"2019-02-23T18:38:48","slug":"dan-la-bienvenida-a-participantes-de-las-competencias-del-festival-de-vina-2019","status":"publish","type":"post","link":"https:\/\/temucotelevision.cl\/web\/2019\/02\/23\/dan-la-bienvenida-a-participantes-de-las-competencias-del-festival-de-vina-2019\/","title":{"rendered":"Dan la bienvenida a participantes de las competencias del Festival de Vi\u00f1a 2019"},"content":{"rendered":"<div class=\"pvc_clear\"><\/div>\n<p id=\"pvc_stats_1727\" class=\"pvc_stats total_only  \" data-element-id=\"1727\" style=\"\"><i class=\"pvc-stats-icon large\" aria-hidden=\"true\"><svg aria-hidden=\"true\" focusable=\"false\" data-prefix=\"far\" data-icon=\"chart-bar\" role=\"img\" xmlns=\"http:\/\/www.w3.org\/2000\/svg\" viewBox=\"0 0 512 512\" class=\"svg-inline--fa fa-chart-bar fa-w-16 fa-2x\"><path fill=\"currentColor\" d=\"M396.8 352h22.4c6.4 0 12.8-6.4 12.8-12.8V108.8c0-6.4-6.4-12.8-12.8-12.8h-22.4c-6.4 0-12.8 6.4-12.8 12.8v230.4c0 6.4 6.4 12.8 12.8 12.8zm-192 0h22.4c6.4 0 12.8-6.4 12.8-12.8V140.8c0-6.4-6.4-12.8-12.8-12.8h-22.4c-6.4 0-12.8 6.4-12.8 12.8v198.4c0 6.4 6.4 12.8 12.8 12.8zm96 0h22.4c6.4 0 12.8-6.4 12.8-12.8V204.8c0-6.4-6.4-12.8-12.8-12.8h-22.4c-6.4 0-12.8 6.4-12.8 12.8v134.4c0 6.4 6.4 12.8 12.8 12.8zM496 400H48V80c0-8.84-7.16-16-16-16H16C7.16 64 0 71.16 0 80v336c0 17.67 14.33 32 32 32h464c8.84 0 16-7.16 16-16v-16c0-8.84-7.16-16-16-16zm-387.2-48h22.4c6.4 0 12.8-6.4 12.8-12.8v-70.4c0-6.4-6.4-12.8-12.8-12.8h-22.4c-6.4 0-12.8 6.4-12.8 12.8v70.4c0 6.4 6.4 12.8 12.8 12.8z\" class=\"\"><\/path><\/svg><\/i> <img loading=\"lazy\" decoding=\"async\" width=\"16\" height=\"16\" alt=\"Loading\" src=\"https:\/\/temucotelevision.cl\/web\/wp-content\/plugins\/page-views-count\/ajax-loader-2x.gif\" border=0 \/><\/p>\n<div class=\"pvc_clear\"><\/div>\n<p style=\"text-align: justify;\">Destacando la importancia de las competencias del Festival de Vi\u00f1a del Mar, tanto en el origen como en la consolidaci\u00f3n internacional del certamen, la alcaldesa Virginia Reginato dio la bienvenida a los representantes de los ocho pa\u00edses que buscan adjudicarse la Gaviota de Plata en las categor\u00edas Folkl\u00f3rica e Internacional del evento que parte este domingo.<\/p>\n<p style=\"text-align: justify;\">\u201cDesde su primera edici\u00f3n, la competencia de canciones ha sido el alma del Festival y lo es a\u00fan m\u00e1s ahora que celebramos los 60 a\u00f1os del certamen. Por eso quise darles la bienvenida a Vi\u00f1a del Mar y al Festival a cada unos de los participantes de las competencias, desearles \u00e9xito, que disfruten su estad\u00eda e invitarlos a que sean embajadores musicales para unir a nuestros pueblos en torno al Festival Latino M\u00e1s Grande del Mundo\u201d, sostuvo la alcaldesa Virginia Reginato.<\/p>\n<p style=\"text-align: justify;\">El encuentro se desarroll\u00f3 en dependencias del Casino Municipal, el que estuvo animado por los encargados del backstage del Festival, Cristina Gonz\u00e1lez e Ignacio Guti\u00e9rrez, al que asistieron los productores ejecutivos el certamen musical.<\/p>\n<p style=\"text-align: justify;\">COMPETENCIAS VI\u00d1A 2019<\/p>\n<p style=\"text-align: justify;\">Los clasificados fueron seleccionados entre m\u00e1s de 600 canciones que llegaron a las dos categor\u00edas de las competencias que buscan obtener la Gaviota de Plata y el premio de 739 UF para el ganador.<\/p>\n<p style=\"text-align: justify;\">Los temas y pa\u00edses en competencia en la categor\u00eda internacional son: Neven Ilic, \u201cPor algo fue\u201d (Chile); Martina la Peligrosa \u201cTu Culpa\u201d (Colombia); Bonny &amp; Kelly (BNK), \u201cUn Pasito por Am\u00e9rica\u201d (Cuba); Dayanara, \u201cEl innombrable\u201d (Ecuador); Mr. Saik, \u201cP\u00e9gate Sexy \u2013 La Chama\u201d (Panam\u00e1); y Susan Ochoa, \u201cYa no m\u00e1s\u201d, (Per\u00fa).<\/p>\n<p style=\"text-align: justify;\">En la folkl\u00f3rica son: Benjam\u00edn Walker, \u201cY arder\u00e1n\u201d (Chile); Nicole Pillman, &#8220;Una misma sangre&#8221; (Per\u00fa); Grupo Kvras, \u201cQue me beses\u201d (Colombia); Chila Jatun, \u201cBoquita de miel\u201d (Bolivia); Destino San Javier, \u201cJusto ahora\u201d (Argentina); y Margarita Henr\u00edquez y \u201cMi tierra te llora\u201d (Panam\u00e1).<\/p>\n<p style=\"text-align: justify;\">DIFUSI\u00d3N CANCIONES<\/p>\n<p style=\"text-align: justify;\">Para destacar a\u00fan m\u00e1s las canciones participantes, la alcaldesa Virginia Reginato, a trav\u00e9s de su cuenta de twitter est\u00e1 difundiendo los temas en competencia, los que se encuentran disponibles en el Canal Hist\u00f3rico del Festival.<\/p>\n","protected":false},"excerpt":{"rendered":"<div class=\"pvc_clear\"><\/div>\n<p id=\"pvc_stats_1727\" class=\"pvc_stats total_only  \" data-element-id=\"1727\" style=\"\"><i class=\"pvc-stats-icon large\" aria-hidden=\"true\"><svg aria-hidden=\"true\" focusable=\"false\" data-prefix=\"far\" data-icon=\"chart-bar\" role=\"img\" xmlns=\"http:\/\/www.w3.org\/2000\/svg\" viewBox=\"0 0 512 512\" class=\"svg-inline--fa fa-chart-bar fa-w-16 fa-2x\"><path fill=\"currentColor\" d=\"M396.8 352h22.4c6.4 0 12.8-6.4 12.8-12.8V108.8c0-6.4-6.4-12.8-12.8-12.8h-22.4c-6.4 0-12.8 6.4-12.8 12.8v230.4c0 6.4 6.4 12.8 12.8 12.8zm-192 0h22.4c6.4 0 12.8-6.4 12.8-12.8V140.8c0-6.4-6.4-12.8-12.8-12.8h-22.4c-6.4 0-12.8 6.4-12.8 12.8v198.4c0 6.4 6.4 12.8 12.8 12.8zm96 0h22.4c6.4 0 12.8-6.4 12.8-12.8V204.8c0-6.4-6.4-12.8-12.8-12.8h-22.4c-6.4 0-12.8 6.4-12.8 12.8v134.4c0 6.4 6.4 12.8 12.8 12.8zM496 400H48V80c0-8.84-7.16-16-16-16H16C7.16 64 0 71.16 0 80v336c0 17.67 14.33 32 32 32h464c8.84 0 16-7.16 16-16v-16c0-8.84-7.16-16-16-16zm-387.2-48h22.4c6.4 0 12.8-6.4 12.8-12.8v-70.4c0-6.4-6.4-12.8-12.8-12.8h-22.4c-6.4 0-12.8 6.4-12.8 12.8v70.4c0 6.4 6.4 12.8 12.8 12.8z\" class=\"\"><\/path><\/svg><\/i> <img loading=\"lazy\" decoding=\"async\" width=\"16\" height=\"16\" alt=\"Loading\" src=\"https:\/\/temucotelevision.cl\/web\/wp-content\/plugins\/page-views-count\/ajax-loader-2x.gif\" border=0 \/><\/p>\n<div class=\"pvc_clear\"><\/div>\n<p>Destacando la importancia de las competencias del Festival de Vi\u00f1a del Mar, tanto en el origen como en la consolidaci\u00f3n<\/p>\n","protected":false},"author":1,"featured_media":1728,"comment_status":"open","ping_status":"open","sticky":false,"template":"","format":"standard","meta":{"colormag_page_container_layout":"default_layout","colormag_page_sidebar_layout":"default_layout","footnotes":""},"categories":[369],"tags":[393,141,633,632,631],"class_list":["post-1727","post","type-post","status-publish","format-standard","has-post-thumbnail","hentry","category-musica","tag-canciones","tag-festival","tag-paises","tag-participantes","tag-vina"],"a3_pvc":{"activated":true,"total_views":31,"today_views":0},"_links":{"self":[{"href":"https:\/\/temucotelevision.cl\/web\/wp-json\/wp\/v2\/posts\/1727","targetHints":{"allow":["GET"]}}],"collection":[{"href":"https:\/\/temucotelevision.cl\/web\/wp-json\/wp\/v2\/posts"}],"about":[{"href":"https:\/\/temucotelevision.cl\/web\/wp-json\/wp\/v2\/types\/post"}],"author":[{"embeddable":true,"href":"https:\/\/temucotelevision.cl\/web\/wp-json\/wp\/v2\/users\/1"}],"replies":[{"embeddable":true,"href":"https:\/\/temucotelevision.cl\/web\/wp-json\/wp\/v2\/comments?post=1727"}],"version-history":[{"count":1,"href":"https:\/\/temucotelevision.cl\/web\/wp-json\/wp\/v2\/posts\/1727\/revisions"}],"predecessor-version":[{"id":1729,"href":"https:\/\/temucotelevision.cl\/web\/wp-json\/wp\/v2\/posts\/1727\/revisions\/1729"}],"wp:featuredmedia":[{"embeddable":true,"href":"https:\/\/temucotelevision.cl\/web\/wp-json\/wp\/v2\/media\/1728"}],"wp:attachment":[{"href":"https:\/\/temucotelevision.cl\/web\/wp-json\/wp\/v2\/media?parent=1727"}],"wp:term":[{"taxonomy":"category","embeddable":true,"href":"https:\/\/temucotelevision.cl\/web\/wp-json\/wp\/v2\/categories?post=1727"},{"taxonomy":"post_tag","embeddable":true,"href":"https:\/\/temucotelevision.cl\/web\/wp-json\/wp\/v2\/tags?post=1727"}],"curies":[{"name":"wp","href":"https:\/\/api.w.org\/{rel}","templated":true}]}}