{"id":1712,"date":"2019-02-22T12:46:45","date_gmt":"2019-02-22T15:46:45","guid":{"rendered":"https:\/\/temucotelevision.cl\/web\/?p=1712"},"modified":"2019-02-22T12:48:28","modified_gmt":"2019-02-22T15:48:28","slug":"villarrica-se-prepara-para-eclipse-total-solar-de-2020","status":"publish","type":"post","link":"https:\/\/temucotelevision.cl\/web\/2019\/02\/22\/villarrica-se-prepara-para-eclipse-total-solar-de-2020\/","title":{"rendered":"Villarrica se prepara para Eclipse total Solar en 2020"},"content":{"rendered":"<div class=\"pvc_clear\"><\/div>\n<p id=\"pvc_stats_1712\" class=\"pvc_stats total_only  \" data-element-id=\"1712\" style=\"\"><i class=\"pvc-stats-icon large\" aria-hidden=\"true\"><svg aria-hidden=\"true\" focusable=\"false\" data-prefix=\"far\" data-icon=\"chart-bar\" role=\"img\" xmlns=\"http:\/\/www.w3.org\/2000\/svg\" viewBox=\"0 0 512 512\" class=\"svg-inline--fa fa-chart-bar fa-w-16 fa-2x\"><path fill=\"currentColor\" d=\"M396.8 352h22.4c6.4 0 12.8-6.4 12.8-12.8V108.8c0-6.4-6.4-12.8-12.8-12.8h-22.4c-6.4 0-12.8 6.4-12.8 12.8v230.4c0 6.4 6.4 12.8 12.8 12.8zm-192 0h22.4c6.4 0 12.8-6.4 12.8-12.8V140.8c0-6.4-6.4-12.8-12.8-12.8h-22.4c-6.4 0-12.8 6.4-12.8 12.8v198.4c0 6.4 6.4 12.8 12.8 12.8zm96 0h22.4c6.4 0 12.8-6.4 12.8-12.8V204.8c0-6.4-6.4-12.8-12.8-12.8h-22.4c-6.4 0-12.8 6.4-12.8 12.8v134.4c0 6.4 6.4 12.8 12.8 12.8zM496 400H48V80c0-8.84-7.16-16-16-16H16C7.16 64 0 71.16 0 80v336c0 17.67 14.33 32 32 32h464c8.84 0 16-7.16 16-16v-16c0-8.84-7.16-16-16-16zm-387.2-48h22.4c6.4 0 12.8-6.4 12.8-12.8v-70.4c0-6.4-6.4-12.8-12.8-12.8h-22.4c-6.4 0-12.8 6.4-12.8 12.8v70.4c0 6.4 6.4 12.8 12.8 12.8z\" class=\"\"><\/path><\/svg><\/i> <img loading=\"lazy\" decoding=\"async\" width=\"16\" height=\"16\" alt=\"Loading\" src=\"https:\/\/temucotelevision.cl\/web\/wp-content\/plugins\/page-views-count\/ajax-loader-2x.gif\" border=0 \/><\/p>\n<div class=\"pvc_clear\"><\/div>\n<p style=\"text-align: justify;\">Una nueva reuni\u00f3n para coordinar las distintas acciones que liderar\u00e1 la Municipalidad de Villarrica, en torno al eclipse solar total del 14 de diciembre del a\u00f1o 2020, donde la comuna se ver\u00e1 favorecida con este fen\u00f3meno, oscureci\u00e9ndose por completo a las 13:04 de la tarde durante 2 minutos con 13 segundos, es lo que planifica el Municipio local en colaboraci\u00f3n con el Astr\u00f3nomo y profesor de la Universidad de Concepci\u00f3n y la Universidad de La Serena, Dr. Douglas Geisler.<\/p>\n<p style=\"text-align: justify;\">En la ocasi\u00f3n, el alcalde de Villarrica, Pablo Astete, junto a equipos municipales, analizaron las actividades que se llevar\u00e1n a cabo y que partir\u00e1n a contar del 1 de abril del presente a\u00f1o, iniciando el mes aniversario, con la finalidad de interiorizar a la comunidad local, de este asombroso fen\u00f3meno natural que no se repetir\u00e1 en cientos de a\u00f1os. \u201cEsta es una oportunidad desde todo punto de vista, que tendremos como comuna el 14 de diciembre del a\u00f1o 2020, con el eclipse solar total que viviremos desde nuestro territorio, por lo que queremos que todas las generaciones se involucren desde ya, en este regalo de la naturaleza que viviremos a inicios de la \u00e9poca estival del a\u00f1o 2020\u201d, se\u00f1al\u00f3 el alcalde Astete.<\/p>\n<p style=\"text-align: justify;\">Eclipse Total<br \/>\nEn Villarrica, seg\u00fan explic\u00f3 el astr\u00f3nomo Douglas Geisler, se producir\u00e1 un eclipse solar total, que es cuando el di\u00e1metro aparente de la Luna es mayor que el del Sol, bloqueando toda la luz solar directa, convirtiendo el d\u00eda en oscuridad. Este eclipse total, ocurrir\u00e1 en una estrecha faja de unos 100 km de ancho, dicha zona se desplazar\u00e1 por la superficie de la Tierra por la rotaci\u00f3n de la misma de oeste a este, formando una\u00a0banda de totalidad. A ambos lados de ella, y en una zona de miles de kil\u00f3metros de ancho, los observadores hablar\u00e1n de un eclipse parcial, sin embargo, en Villarrica, la oscuridad ser\u00e1 total, observando la corona luminosa del sol, en un maravilloso espect\u00e1culo.<\/p>\n<p style=\"text-align: justify;\">\u201cEn pleno d\u00eda vamos a poder apreciar este eclipse que va a significar un proceso donde se ir\u00e1 oscureciendo la tierra por efecto de la luna. Por unos pocos minutos vamos a sentir la noche en pleno d\u00eda, por lo que va a ser una experiencia astron\u00f3micas asombrosa, por lo tanto, queremos aprovechar esta oportunidad para educar a la gente, para prepararse y apreciar este fen\u00f3meno con los cuidados que requiere, utilizando lentes para el sol y tambi\u00e9n desde el turismo, por el inter\u00e9s que despierta, lo que significa que vendr\u00e1n investigadores, cient\u00edficos y turistas de todas partes del mundo para apreciar el eclipse, por lo que junto al alcalde, estamos prepar\u00e1ndonos para aprovechar mejor esta oportunidad en todo sentido\u201d, se\u00f1al\u00f3 Geisler.<\/p>\n<p style=\"text-align: justify;\">Turismo Cient\u00edfico y Astron\u00f3mico<br \/>\nEl alcalde de Villarrica, agreg\u00f3 adem\u00e1s que la idea es explotar el turismo cient\u00edfico y astron\u00f3mico en esta comuna del sur de Chile. \u201cSabemos que el norte se caracteriza por explotar el turismo cient\u00edfico, pero creemos que nuestra comuna, re\u00fane tambi\u00e9n las condiciones para potenciarla y es aqu\u00ed donde queremos que nuestros alumnos, comunidad y visitantes, vayan acerc\u00e1ndose y conociendo m\u00e1s del universo desde todas las visiones y cosmovisiones que nos brinda la naturaleza\u201d, se\u00f1al\u00f3 el jefe comunal.<\/p>\n<p style=\"text-align: justify;\">Durante el presente a\u00f1o y hasta el ocurrido el fen\u00f3meno, se llevar\u00e1n a efecto en Villarrica, charlas de divulgaci\u00f3n cient\u00edfica, educaci\u00f3n en los colegios y difusi\u00f3n, considerando que esta comuna ser\u00e1 el centro de atracci\u00f3n mundial del eclipse solar total del 14 de diciembre de 2020.<\/p>\n<p>&nbsp;<\/p>\n","protected":false},"excerpt":{"rendered":"<div class=\"pvc_clear\"><\/div>\n<p id=\"pvc_stats_1712\" class=\"pvc_stats total_only  \" data-element-id=\"1712\" style=\"\"><i class=\"pvc-stats-icon large\" aria-hidden=\"true\"><svg aria-hidden=\"true\" focusable=\"false\" data-prefix=\"far\" data-icon=\"chart-bar\" role=\"img\" xmlns=\"http:\/\/www.w3.org\/2000\/svg\" viewBox=\"0 0 512 512\" class=\"svg-inline--fa fa-chart-bar fa-w-16 fa-2x\"><path fill=\"currentColor\" d=\"M396.8 352h22.4c6.4 0 12.8-6.4 12.8-12.8V108.8c0-6.4-6.4-12.8-12.8-12.8h-22.4c-6.4 0-12.8 6.4-12.8 12.8v230.4c0 6.4 6.4 12.8 12.8 12.8zm-192 0h22.4c6.4 0 12.8-6.4 12.8-12.8V140.8c0-6.4-6.4-12.8-12.8-12.8h-22.4c-6.4 0-12.8 6.4-12.8 12.8v198.4c0 6.4 6.4 12.8 12.8 12.8zm96 0h22.4c6.4 0 12.8-6.4 12.8-12.8V204.8c0-6.4-6.4-12.8-12.8-12.8h-22.4c-6.4 0-12.8 6.4-12.8 12.8v134.4c0 6.4 6.4 12.8 12.8 12.8zM496 400H48V80c0-8.84-7.16-16-16-16H16C7.16 64 0 71.16 0 80v336c0 17.67 14.33 32 32 32h464c8.84 0 16-7.16 16-16v-16c0-8.84-7.16-16-16-16zm-387.2-48h22.4c6.4 0 12.8-6.4 12.8-12.8v-70.4c0-6.4-6.4-12.8-12.8-12.8h-22.4c-6.4 0-12.8 6.4-12.8 12.8v70.4c0 6.4 6.4 12.8 12.8 12.8z\" class=\"\"><\/path><\/svg><\/i> <img loading=\"lazy\" decoding=\"async\" width=\"16\" height=\"16\" alt=\"Loading\" src=\"https:\/\/temucotelevision.cl\/web\/wp-content\/plugins\/page-views-count\/ajax-loader-2x.gif\" border=0 \/><\/p>\n<div class=\"pvc_clear\"><\/div>\n<p>Una nueva reuni\u00f3n para coordinar las distintas acciones que liderar\u00e1 la Municipalidad de Villarrica, en torno al eclipse solar total<\/p>\n","protected":false},"author":1,"featured_media":1713,"comment_status":"open","ping_status":"open","sticky":false,"template":"","format":"standard","meta":{"colormag_page_container_layout":"default_layout","colormag_page_sidebar_layout":"default_layout","footnotes":""},"categories":[101],"tags":[496,622,623,204],"class_list":["post-1712","post","type-post","status-publish","format-standard","has-post-thumbnail","hentry","category-actualidad","tag-aniversario","tag-eclipse","tag-preparativos","tag-villarrica"],"a3_pvc":{"activated":true,"total_views":89,"today_views":0},"_links":{"self":[{"href":"https:\/\/temucotelevision.cl\/web\/wp-json\/wp\/v2\/posts\/1712","targetHints":{"allow":["GET"]}}],"collection":[{"href":"https:\/\/temucotelevision.cl\/web\/wp-json\/wp\/v2\/posts"}],"about":[{"href":"https:\/\/temucotelevision.cl\/web\/wp-json\/wp\/v2\/types\/post"}],"author":[{"embeddable":true,"href":"https:\/\/temucotelevision.cl\/web\/wp-json\/wp\/v2\/users\/1"}],"replies":[{"embeddable":true,"href":"https:\/\/temucotelevision.cl\/web\/wp-json\/wp\/v2\/comments?post=1712"}],"version-history":[{"count":2,"href":"https:\/\/temucotelevision.cl\/web\/wp-json\/wp\/v2\/posts\/1712\/revisions"}],"predecessor-version":[{"id":1716,"href":"https:\/\/temucotelevision.cl\/web\/wp-json\/wp\/v2\/posts\/1712\/revisions\/1716"}],"wp:featuredmedia":[{"embeddable":true,"href":"https:\/\/temucotelevision.cl\/web\/wp-json\/wp\/v2\/media\/1713"}],"wp:attachment":[{"href":"https:\/\/temucotelevision.cl\/web\/wp-json\/wp\/v2\/media?parent=1712"}],"wp:term":[{"taxonomy":"category","embeddable":true,"href":"https:\/\/temucotelevision.cl\/web\/wp-json\/wp\/v2\/categories?post=1712"},{"taxonomy":"post_tag","embeddable":true,"href":"https:\/\/temucotelevision.cl\/web\/wp-json\/wp\/v2\/tags?post=1712"}],"curies":[{"name":"wp","href":"https:\/\/api.w.org\/{rel}","templated":true}]}}