{"id":17097,"date":"2020-12-11T21:32:17","date_gmt":"2020-12-12T00:32:17","guid":{"rendered":"https:\/\/temucotelevision.cl\/web\/?p=17097"},"modified":"2020-12-11T21:42:34","modified_gmt":"2020-12-12T00:42:34","slug":"plan-de-contingencia-en-rutas-por-eclipse-en-la-araucania","status":"publish","type":"post","link":"https:\/\/temucotelevision.cl\/web\/2020\/12\/11\/plan-de-contingencia-en-rutas-por-eclipse-en-la-araucania\/","title":{"rendered":"Revisa el Plan de Contingencia en rutas por eclipse en La Araucan\u00eda"},"content":{"rendered":"<div class=\"pvc_clear\"><\/div><p id=\"pvc_stats_17097\" class=\"pvc_stats total_only  \" data-element-id=\"17097\" style=\"\"><i class=\"pvc-stats-icon large\" aria-hidden=\"true\"><svg aria-hidden=\"true\" focusable=\"false\" data-prefix=\"far\" data-icon=\"chart-bar\" role=\"img\" xmlns=\"http:\/\/www.w3.org\/2000\/svg\" viewBox=\"0 0 512 512\" class=\"svg-inline--fa fa-chart-bar fa-w-16 fa-2x\"><path fill=\"currentColor\" d=\"M396.8 352h22.4c6.4 0 12.8-6.4 12.8-12.8V108.8c0-6.4-6.4-12.8-12.8-12.8h-22.4c-6.4 0-12.8 6.4-12.8 12.8v230.4c0 6.4 6.4 12.8 12.8 12.8zm-192 0h22.4c6.4 0 12.8-6.4 12.8-12.8V140.8c0-6.4-6.4-12.8-12.8-12.8h-22.4c-6.4 0-12.8 6.4-12.8 12.8v198.4c0 6.4 6.4 12.8 12.8 12.8zm96 0h22.4c6.4 0 12.8-6.4 12.8-12.8V204.8c0-6.4-6.4-12.8-12.8-12.8h-22.4c-6.4 0-12.8 6.4-12.8 12.8v134.4c0 6.4 6.4 12.8 12.8 12.8zM496 400H48V80c0-8.84-7.16-16-16-16H16C7.16 64 0 71.16 0 80v336c0 17.67 14.33 32 32 32h464c8.84 0 16-7.16 16-16v-16c0-8.84-7.16-16-16-16zm-387.2-48h22.4c6.4 0 12.8-6.4 12.8-12.8v-70.4c0-6.4-6.4-12.8-12.8-12.8h-22.4c-6.4 0-12.8 6.4-12.8 12.8v70.4c0 6.4 6.4 12.8 12.8 12.8z\" class=\"\"><\/path><\/svg><\/i> <img loading=\"lazy\" decoding=\"async\" width=\"16\" height=\"16\" alt=\"Loading\" src=\"https:\/\/temucotelevision.cl\/web\/wp-content\/plugins\/page-views-count\/ajax-loader-2x.gif\" border=0 \/><\/p><div class=\"pvc_clear\"><\/div>\n<p><strong>Medidas se implementar\u00e1n en accesos a la zona lacustre y zona costa.<\/strong><\/p>\n\n\n\n<p>En\u00a0 el marco del eclipse total de Sol que se producir\u00e1 este lunes 14 de diciembre y con el fin de establecer acciones que permitan evitar aglomeraciones, se efectuar\u00e1n cierres en algunas rutas de La Araucan\u00eda, medidas que exceptuar\u00e1n a los veh\u00edculos de emergencia, transporte p\u00fablico y servicios aeropuerto.<\/p>\n\n\n\n<p>Como en el caso del cierre de la ruta Freire \u2013 Villarrica, Pitrufqu\u00e9n \u2013 \u00d1ancul y Loncoche \u2013 Villarrica a partir de las 23.59 horas de este domingo 13 de diciembre, as\u00ed lo explic\u00f3 el Seremi de Transportes y Telecomunicaciones de La Araucan\u00eda, Luis Calder\u00f3n Ram\u00edrez.<\/p>\n\n\n\n<p>Dentro del plan de contingencia por el eclipse en La Araucan\u00eda y dentro del eje Infraestructura Transporte y Abastecimiento generado producto de este importante evento, \u201cse efectuar\u00e1n cierres en las siguientes rutas que comenzar\u00e1n a las 23.59 de este domingo 13 de diciembre y finalizar\u00e1n a las 16 horas del lunes 14 de diciembre como en la Ruta CH199 en el tramo Freire \u2013 Villarrica, empalme Ruta 5\/Freire y cruce Allip\u00e9n\/Villarrica. Adem\u00e1s de la Ruta S-65, en el tramo Pitrufqu\u00e9n &#8211; \u00d1ancul y tambi\u00e9n en la v\u00eda S-91, en el tramo Villarrica-Loncoche, empalme Ruta 5\/Loncoche. Medida que tambi\u00e9n se realizar\u00e1 en el acceso a la zona Costa en la Ruta S-40 tramo Nueva Imperial-Saavedra\u201d.<\/p>\n\n\n\n<p>El secretario regional tambi\u00e9n mencion\u00f3 que el equipo de trabajo de la Seremitt, se encontrar\u00e1 monitoreando en distintos puntos de las zonas cordilleranas y costa el desplazamiento de los distintos modos de transporte; destacando adem\u00e1s, que las salidas hacia la Ruta 5 se mantendr\u00e1n habilitadas durante el fen\u00f3meno astron\u00f3mico, por lo que todo esfuerzo que efectuemos como Gobierno es indispensable para otorgar seguridad a la ciudadan\u00eda.<\/p>\n\n\n\n<p>\u201cMientras que el mismo d\u00eda del fen\u00f3meno astron\u00f3mico, se realizar\u00e1n cierres internos en la zona lacustre, a partir de las 09:00 horas y hasta las 14:00 horas del lunes 14 de diciembre, como en la Ruta CH199 en el tramo Villarrica-Puc\u00f3n y en la v\u00eda S-95-T en el tramo Villarrica &#8211; Licanray. Como tambi\u00e9n en las rutas internas Puc\u00f3n \u2013 Curarrehue, Licanray \u2013 Co\u00f1aripe y Licanray \u2013 Panguipulli\u201d, detall\u00f3 el Secretario Regional Ministerial.<\/p>\n\n\n\n<figure class=\"wp-block-image\"><img loading=\"lazy\" decoding=\"async\" width=\"1024\" height=\"1024\" src=\"https:\/\/temucotelevision.cl\/web\/wp-content\/uploads\/2020\/12\/Plan1-1024x1024.jpg\" alt=\"\" class=\"wp-image-17100\" srcset=\"https:\/\/temucotelevision.cl\/web\/wp-content\/uploads\/2020\/12\/Plan1-1024x1024.jpg 1024w, https:\/\/temucotelevision.cl\/web\/wp-content\/uploads\/2020\/12\/Plan1-1000x1000.jpg 1000w, https:\/\/temucotelevision.cl\/web\/wp-content\/uploads\/2020\/12\/Plan1-768x768.jpg 768w, https:\/\/temucotelevision.cl\/web\/wp-content\/uploads\/2020\/12\/Plan1.jpg 1280w\" sizes=\"auto, (max-width: 1024px) 100vw, 1024px\" \/><\/figure>\n\n\n\n<figure class=\"wp-block-image\"><img loading=\"lazy\" decoding=\"async\" width=\"1024\" height=\"1024\" src=\"https:\/\/temucotelevision.cl\/web\/wp-content\/uploads\/2020\/12\/Plan2-1024x1024.jpg\" alt=\"\" class=\"wp-image-17101\" srcset=\"https:\/\/temucotelevision.cl\/web\/wp-content\/uploads\/2020\/12\/Plan2-1024x1024.jpg 1024w, https:\/\/temucotelevision.cl\/web\/wp-content\/uploads\/2020\/12\/Plan2-1000x1000.jpg 1000w, https:\/\/temucotelevision.cl\/web\/wp-content\/uploads\/2020\/12\/Plan2-768x768.jpg 768w, https:\/\/temucotelevision.cl\/web\/wp-content\/uploads\/2020\/12\/Plan2.jpg 1280w\" sizes=\"auto, (max-width: 1024px) 100vw, 1024px\" \/><\/figure>\n\n\n\n<figure class=\"wp-block-image\"><img loading=\"lazy\" decoding=\"async\" width=\"1024\" height=\"1024\" src=\"https:\/\/temucotelevision.cl\/web\/wp-content\/uploads\/2020\/12\/Plan3-1024x1024.jpg\" alt=\"\" class=\"wp-image-17102\" srcset=\"https:\/\/temucotelevision.cl\/web\/wp-content\/uploads\/2020\/12\/Plan3-1024x1024.jpg 1024w, https:\/\/temucotelevision.cl\/web\/wp-content\/uploads\/2020\/12\/Plan3-1000x1000.jpg 1000w, https:\/\/temucotelevision.cl\/web\/wp-content\/uploads\/2020\/12\/Plan3-768x768.jpg 768w, https:\/\/temucotelevision.cl\/web\/wp-content\/uploads\/2020\/12\/Plan3.jpg 1280w\" sizes=\"auto, (max-width: 1024px) 100vw, 1024px\" \/><\/figure>\n","protected":false},"excerpt":{"rendered":"<div class=\"pvc_clear\"><\/div>\n<p id=\"pvc_stats_17097\" class=\"pvc_stats total_only  \" data-element-id=\"17097\" style=\"\"><i class=\"pvc-stats-icon large\" aria-hidden=\"true\"><svg aria-hidden=\"true\" focusable=\"false\" data-prefix=\"far\" data-icon=\"chart-bar\" role=\"img\" xmlns=\"http:\/\/www.w3.org\/2000\/svg\" viewBox=\"0 0 512 512\" class=\"svg-inline--fa fa-chart-bar fa-w-16 fa-2x\"><path fill=\"currentColor\" d=\"M396.8 352h22.4c6.4 0 12.8-6.4 12.8-12.8V108.8c0-6.4-6.4-12.8-12.8-12.8h-22.4c-6.4 0-12.8 6.4-12.8 12.8v230.4c0 6.4 6.4 12.8 12.8 12.8zm-192 0h22.4c6.4 0 12.8-6.4 12.8-12.8V140.8c0-6.4-6.4-12.8-12.8-12.8h-22.4c-6.4 0-12.8 6.4-12.8 12.8v198.4c0 6.4 6.4 12.8 12.8 12.8zm96 0h22.4c6.4 0 12.8-6.4 12.8-12.8V204.8c0-6.4-6.4-12.8-12.8-12.8h-22.4c-6.4 0-12.8 6.4-12.8 12.8v134.4c0 6.4 6.4 12.8 12.8 12.8zM496 400H48V80c0-8.84-7.16-16-16-16H16C7.16 64 0 71.16 0 80v336c0 17.67 14.33 32 32 32h464c8.84 0 16-7.16 16-16v-16c0-8.84-7.16-16-16-16zm-387.2-48h22.4c6.4 0 12.8-6.4 12.8-12.8v-70.4c0-6.4-6.4-12.8-12.8-12.8h-22.4c-6.4 0-12.8 6.4-12.8 12.8v70.4c0 6.4 6.4 12.8 12.8 12.8z\" class=\"\"><\/path><\/svg><\/i> <img loading=\"lazy\" decoding=\"async\" width=\"16\" height=\"16\" alt=\"Loading\" src=\"https:\/\/temucotelevision.cl\/web\/wp-content\/plugins\/page-views-count\/ajax-loader-2x.gif\" border=0 \/><\/p>\n<div class=\"pvc_clear\"><\/div>\n<p>Medidas se implementar\u00e1n en accesos a la zona lacustre y zona costa. En\u00a0 el marco del eclipse total de Sol<\/p>\n","protected":false},"author":1,"featured_media":17060,"comment_status":"open","ping_status":"open","sticky":false,"template":"","format":"standard","meta":{"colormag_page_container_layout":"default_layout","colormag_page_sidebar_layout":"default_layout","footnotes":""},"categories":[15],"tags":[205,3036],"class_list":["post-17097","post","type-post","status-publish","format-standard","has-post-thumbnail","hentry","category-la-araucania","tag-plan","tag-rutas"],"a3_pvc":{"activated":true,"total_views":78,"today_views":0},"_links":{"self":[{"href":"https:\/\/temucotelevision.cl\/web\/wp-json\/wp\/v2\/posts\/17097","targetHints":{"allow":["GET"]}}],"collection":[{"href":"https:\/\/temucotelevision.cl\/web\/wp-json\/wp\/v2\/posts"}],"about":[{"href":"https:\/\/temucotelevision.cl\/web\/wp-json\/wp\/v2\/types\/post"}],"author":[{"embeddable":true,"href":"https:\/\/temucotelevision.cl\/web\/wp-json\/wp\/v2\/users\/1"}],"replies":[{"embeddable":true,"href":"https:\/\/temucotelevision.cl\/web\/wp-json\/wp\/v2\/comments?post=17097"}],"version-history":[{"count":4,"href":"https:\/\/temucotelevision.cl\/web\/wp-json\/wp\/v2\/posts\/17097\/revisions"}],"predecessor-version":[{"id":17104,"href":"https:\/\/temucotelevision.cl\/web\/wp-json\/wp\/v2\/posts\/17097\/revisions\/17104"}],"wp:featuredmedia":[{"embeddable":true,"href":"https:\/\/temucotelevision.cl\/web\/wp-json\/wp\/v2\/media\/17060"}],"wp:attachment":[{"href":"https:\/\/temucotelevision.cl\/web\/wp-json\/wp\/v2\/media?parent=17097"}],"wp:term":[{"taxonomy":"category","embeddable":true,"href":"https:\/\/temucotelevision.cl\/web\/wp-json\/wp\/v2\/categories?post=17097"},{"taxonomy":"post_tag","embeddable":true,"href":"https:\/\/temucotelevision.cl\/web\/wp-json\/wp\/v2\/tags?post=17097"}],"curies":[{"name":"wp","href":"https:\/\/api.w.org\/{rel}","templated":true}]}}