{"id":17094,"date":"2020-12-11T21:02:22","date_gmt":"2020-12-12T00:02:22","guid":{"rendered":"https:\/\/temucotelevision.cl\/web\/?p=17094"},"modified":"2020-12-11T21:02:26","modified_gmt":"2020-12-12T00:02:26","slug":"gorbea-lanzan-plan-de-eclipse-seguro-y-responsable","status":"publish","type":"post","link":"https:\/\/temucotelevision.cl\/web\/2020\/12\/11\/gorbea-lanzan-plan-de-eclipse-seguro-y-responsable\/","title":{"rendered":"Gorbea: Lanzan plan de eclipse seguro y responsable"},"content":{"rendered":"<div class=\"pvc_clear\"><\/div><p id=\"pvc_stats_17094\" class=\"pvc_stats total_only  \" data-element-id=\"17094\" style=\"\"><i class=\"pvc-stats-icon large\" aria-hidden=\"true\"><svg aria-hidden=\"true\" focusable=\"false\" data-prefix=\"far\" data-icon=\"chart-bar\" role=\"img\" xmlns=\"http:\/\/www.w3.org\/2000\/svg\" viewBox=\"0 0 512 512\" class=\"svg-inline--fa fa-chart-bar fa-w-16 fa-2x\"><path fill=\"currentColor\" d=\"M396.8 352h22.4c6.4 0 12.8-6.4 12.8-12.8V108.8c0-6.4-6.4-12.8-12.8-12.8h-22.4c-6.4 0-12.8 6.4-12.8 12.8v230.4c0 6.4 6.4 12.8 12.8 12.8zm-192 0h22.4c6.4 0 12.8-6.4 12.8-12.8V140.8c0-6.4-6.4-12.8-12.8-12.8h-22.4c-6.4 0-12.8 6.4-12.8 12.8v198.4c0 6.4 6.4 12.8 12.8 12.8zm96 0h22.4c6.4 0 12.8-6.4 12.8-12.8V204.8c0-6.4-6.4-12.8-12.8-12.8h-22.4c-6.4 0-12.8 6.4-12.8 12.8v134.4c0 6.4 6.4 12.8 12.8 12.8zM496 400H48V80c0-8.84-7.16-16-16-16H16C7.16 64 0 71.16 0 80v336c0 17.67 14.33 32 32 32h464c8.84 0 16-7.16 16-16v-16c0-8.84-7.16-16-16-16zm-387.2-48h22.4c6.4 0 12.8-6.4 12.8-12.8v-70.4c0-6.4-6.4-12.8-12.8-12.8h-22.4c-6.4 0-12.8 6.4-12.8 12.8v70.4c0 6.4 6.4 12.8 12.8 12.8z\" class=\"\"><\/path><\/svg><\/i> <img loading=\"lazy\" decoding=\"async\" width=\"16\" height=\"16\" alt=\"Loading\" src=\"https:\/\/temucotelevision.cl\/web\/wp-content\/plugins\/page-views-count\/ajax-loader-2x.gif\" border=0 \/><\/p><div class=\"pvc_clear\"><\/div>\n<p>El d\u00eda jueves, Leonardo Otarola, encargado del plan contingencia eclipse responsable de la comuna de Gorbea, a trav\u00e9s del programa municipal \u201cJunto a ti\u201d emitido por redes sociales,&nbsp;&nbsp;dio a conocer el plan de seguridad para vecinos y visitantes que presenciaran este evento astron\u00f3mico en Gorbea.<\/p>\n\n\n\n<p>Recordar que actualmente se encuentra en fase 3 del programa paso a paso del Gobierno, en la cual no existe una restricci\u00f3n en visitar la comuna durante la semana, a esto sumando el cierre del acceso a la zona lacustre y costera, la comuna del salto Donguil se encontrar\u00eda habilitada para recibir a los visitantes que presenciar\u00e1n este eclipse el mismo d\u00eda 14 de diciembre. Con estas inesperadas noticias, el municipio de Gorbea lanz\u00f3 el plan de eclipse responsable que contempla, cierres de accesos, barreras sanitarias, corte de tr\u00e1nsitos, entre otros.<\/p>\n\n\n\n<p>Es as\u00ed que desde el s\u00e1bado 12 de diciembre, se cerrar\u00e1 la entrada norte y acceso quinta faja hacia la ciudad de Gorbea, para establecer barreras sanitarias en acceso cuarta faja, acceso Los Galpones \u2013 Salinas, acceso Quitrat\u00fae por ruta sexta faja y a la localidad de Lastarria, los cuales contar\u00e1n con presencia policial, personal para sanitizar e informadores tur\u00edsticos quienes estar\u00e1n desviando a los visitantes a uno de los 22 puntos de observaci\u00f3n preparados para este eclipse de sol.<\/p>\n\n\n\n<p>De igual forma en la ciudad de Gorbea se realizar\u00e1n cortes de tr\u00e1nsito desde el domingo 13 de diciembre en la zona centro, espec\u00edficamente las calles Lord Cochranne, Ram\u00f3n Freire y Manuel Matta entre Arturo Prat e Ignacio Serrano, dejando este sector c\u00e9ntrico y comercial de uso exclusivo para peatones, con esto se realizar\u00e1n desviaciones en calles para veh\u00edculos con sentidos obligados, como es el caso de la calle Arturo Prat con tr\u00e1nsito obligado hacia el poniente, mientras que calle dario salas solo ser\u00e1 con transito \u00fanico al sur, calle Ignacio serrano con direcci\u00f3n al oriente y la avenida Bernardo O\u2019Higgins ser\u00e1 unidireccional hacia el norte y bidireccional hacia sur en el cruce con calle Ignacio serrano.<\/p>\n\n\n\n<p>La zona centro que ser\u00e1 uso exclusivo de peatones, tendr\u00e1n un incremento de lavamanos y pedestal gel, facilitando con esto el funcionamiento expedito de los locales comerciales, descongestionando el tr\u00e1nsito vehicular y manteniendo el orden p\u00fablico. Finalmente, se establecer\u00e1 la calle Jos\u00e9 Miguel Carrera con conexi\u00f3n a ruta cuarta faja como v\u00eda exclusiva de&nbsp;&nbsp;veh\u00edculos de emergencias, todas estas medidas funcionar\u00e1n hasta el 14 de diciembre a las 20:00 horas.<\/p>\n\n\n\n<p><strong>Leonardo Ot\u00e1rola, Encargado comunal del plan eclipse seguro y responsable de Gorbea<\/strong>, comenta: \u201c&nbsp;<em>el plan eclipse contempla el cierre de los acceso norte y quinta faja, dejando un ingreso por cuarta faja y una salida por salida sur, desde el s\u00e1bado empiezan las barreras sanitarias desplegados en toda la comuna, adem\u00e1s de cortes de tr\u00e1nsito para el centro desde el domingo al medio d\u00eda, as\u00ed invitar a la gente que si viene respete lo establecido y a nuestros vecinos invitarlos a ver este evento desde nuestros hogares<\/em>\u201d.<\/p>\n\n\n\n<p>Los informadores tur\u00edsticos ser\u00e1n fundamental en la distribuci\u00f3n de visitantes hacia los 22 puntos de observaci\u00f3n distribuidos en toda la comuna de Gorbea, destacando la gran preparaci\u00f3n de los due\u00f1os en recibir visitantes para este eclipse, considerando que es una obligatoriedad contar con su mascarilla, registrarse al ingresar a estos puntos, tomar distanciamiento social y lavado frecuente de manos.<\/p>\n\n\n\n<p>Desde un inicio el municipio a hecho un llamado a los vecinos de la comuna a ver este eclipse de una manera responsable desde sus hogares, entregando m\u00e1s de 7 mil lentes a adultos mayores, ni\u00f1os y diferentes organizaciones, recalcando que los puntos de observaci\u00f3n ser\u00edan solo para visitantes de la comuna.<\/p>\n\n\n\n<p>Para saber m\u00e1s de estos puntos de observaci\u00f3n y como llegar a ellos, pueden ingresar a&nbsp;<a href=\"http:\/\/www.eclipsegorbea2020.cl\/\">www.eclipsegorbea2020.cl<\/a>&nbsp;o informarse en las redes sociales de la Municipalidad de Gorbea.<\/p>\n","protected":false},"excerpt":{"rendered":"<div class=\"pvc_clear\"><\/div>\n<p id=\"pvc_stats_17094\" class=\"pvc_stats total_only  \" data-element-id=\"17094\" style=\"\"><i class=\"pvc-stats-icon large\" aria-hidden=\"true\"><svg aria-hidden=\"true\" focusable=\"false\" data-prefix=\"far\" data-icon=\"chart-bar\" role=\"img\" xmlns=\"http:\/\/www.w3.org\/2000\/svg\" viewBox=\"0 0 512 512\" class=\"svg-inline--fa fa-chart-bar fa-w-16 fa-2x\"><path fill=\"currentColor\" d=\"M396.8 352h22.4c6.4 0 12.8-6.4 12.8-12.8V108.8c0-6.4-6.4-12.8-12.8-12.8h-22.4c-6.4 0-12.8 6.4-12.8 12.8v230.4c0 6.4 6.4 12.8 12.8 12.8zm-192 0h22.4c6.4 0 12.8-6.4 12.8-12.8V140.8c0-6.4-6.4-12.8-12.8-12.8h-22.4c-6.4 0-12.8 6.4-12.8 12.8v198.4c0 6.4 6.4 12.8 12.8 12.8zm96 0h22.4c6.4 0 12.8-6.4 12.8-12.8V204.8c0-6.4-6.4-12.8-12.8-12.8h-22.4c-6.4 0-12.8 6.4-12.8 12.8v134.4c0 6.4 6.4 12.8 12.8 12.8zM496 400H48V80c0-8.84-7.16-16-16-16H16C7.16 64 0 71.16 0 80v336c0 17.67 14.33 32 32 32h464c8.84 0 16-7.16 16-16v-16c0-8.84-7.16-16-16-16zm-387.2-48h22.4c6.4 0 12.8-6.4 12.8-12.8v-70.4c0-6.4-6.4-12.8-12.8-12.8h-22.4c-6.4 0-12.8 6.4-12.8 12.8v70.4c0 6.4 6.4 12.8 12.8 12.8z\" class=\"\"><\/path><\/svg><\/i> <img loading=\"lazy\" decoding=\"async\" width=\"16\" height=\"16\" alt=\"Loading\" src=\"https:\/\/temucotelevision.cl\/web\/wp-content\/plugins\/page-views-count\/ajax-loader-2x.gif\" border=0 \/><\/p>\n<div class=\"pvc_clear\"><\/div>\n<p>El d\u00eda jueves, Leonardo Otarola, encargado del plan contingencia eclipse responsable de la comuna de Gorbea, a trav\u00e9s del programa<\/p>\n","protected":false},"author":1,"featured_media":17095,"comment_status":"open","ping_status":"open","sticky":false,"template":"","format":"standard","meta":{"colormag_page_container_layout":"default_layout","colormag_page_sidebar_layout":"default_layout","footnotes":""},"categories":[15],"tags":[532,205],"class_list":["post-17094","post","type-post","status-publish","format-standard","has-post-thumbnail","hentry","category-la-araucania","tag-campana","tag-plan"],"a3_pvc":{"activated":true,"total_views":29,"today_views":0},"_links":{"self":[{"href":"https:\/\/temucotelevision.cl\/web\/wp-json\/wp\/v2\/posts\/17094","targetHints":{"allow":["GET"]}}],"collection":[{"href":"https:\/\/temucotelevision.cl\/web\/wp-json\/wp\/v2\/posts"}],"about":[{"href":"https:\/\/temucotelevision.cl\/web\/wp-json\/wp\/v2\/types\/post"}],"author":[{"embeddable":true,"href":"https:\/\/temucotelevision.cl\/web\/wp-json\/wp\/v2\/users\/1"}],"replies":[{"embeddable":true,"href":"https:\/\/temucotelevision.cl\/web\/wp-json\/wp\/v2\/comments?post=17094"}],"version-history":[{"count":1,"href":"https:\/\/temucotelevision.cl\/web\/wp-json\/wp\/v2\/posts\/17094\/revisions"}],"predecessor-version":[{"id":17096,"href":"https:\/\/temucotelevision.cl\/web\/wp-json\/wp\/v2\/posts\/17094\/revisions\/17096"}],"wp:featuredmedia":[{"embeddable":true,"href":"https:\/\/temucotelevision.cl\/web\/wp-json\/wp\/v2\/media\/17095"}],"wp:attachment":[{"href":"https:\/\/temucotelevision.cl\/web\/wp-json\/wp\/v2\/media?parent=17094"}],"wp:term":[{"taxonomy":"category","embeddable":true,"href":"https:\/\/temucotelevision.cl\/web\/wp-json\/wp\/v2\/categories?post=17094"},{"taxonomy":"post_tag","embeddable":true,"href":"https:\/\/temucotelevision.cl\/web\/wp-json\/wp\/v2\/tags?post=17094"}],"curies":[{"name":"wp","href":"https:\/\/api.w.org\/{rel}","templated":true}]}}