{"id":17088,"date":"2020-12-11T20:45:48","date_gmt":"2020-12-11T23:45:48","guid":{"rendered":"https:\/\/temucotelevision.cl\/web\/?p=17088"},"modified":"2020-12-11T20:45:51","modified_gmt":"2020-12-11T23:45:51","slug":"mas-de-12-mil-lentes-especiales-se-entregaran-en-vilcun-para-vivir-un-eclipse-seguro","status":"publish","type":"post","link":"https:\/\/temucotelevision.cl\/web\/2020\/12\/11\/mas-de-12-mil-lentes-especiales-se-entregaran-en-vilcun-para-vivir-un-eclipse-seguro\/","title":{"rendered":"M\u00e1s de 12 mil lentes especiales se entregar\u00e1n en Vilc\u00fan para vivir un eclipse seguro"},"content":{"rendered":"<div class=\"pvc_clear\"><\/div><p id=\"pvc_stats_17088\" class=\"pvc_stats total_only  \" data-element-id=\"17088\" style=\"\"><i class=\"pvc-stats-icon large\" aria-hidden=\"true\"><svg aria-hidden=\"true\" focusable=\"false\" data-prefix=\"far\" data-icon=\"chart-bar\" role=\"img\" xmlns=\"http:\/\/www.w3.org\/2000\/svg\" viewBox=\"0 0 512 512\" class=\"svg-inline--fa fa-chart-bar fa-w-16 fa-2x\"><path fill=\"currentColor\" d=\"M396.8 352h22.4c6.4 0 12.8-6.4 12.8-12.8V108.8c0-6.4-6.4-12.8-12.8-12.8h-22.4c-6.4 0-12.8 6.4-12.8 12.8v230.4c0 6.4 6.4 12.8 12.8 12.8zm-192 0h22.4c6.4 0 12.8-6.4 12.8-12.8V140.8c0-6.4-6.4-12.8-12.8-12.8h-22.4c-6.4 0-12.8 6.4-12.8 12.8v198.4c0 6.4 6.4 12.8 12.8 12.8zm96 0h22.4c6.4 0 12.8-6.4 12.8-12.8V204.8c0-6.4-6.4-12.8-12.8-12.8h-22.4c-6.4 0-12.8 6.4-12.8 12.8v134.4c0 6.4 6.4 12.8 12.8 12.8zM496 400H48V80c0-8.84-7.16-16-16-16H16C7.16 64 0 71.16 0 80v336c0 17.67 14.33 32 32 32h464c8.84 0 16-7.16 16-16v-16c0-8.84-7.16-16-16-16zm-387.2-48h22.4c6.4 0 12.8-6.4 12.8-12.8v-70.4c0-6.4-6.4-12.8-12.8-12.8h-22.4c-6.4 0-12.8 6.4-12.8 12.8v70.4c0 6.4 6.4 12.8 12.8 12.8z\" class=\"\"><\/path><\/svg><\/i> <img loading=\"lazy\" decoding=\"async\" width=\"16\" height=\"16\" alt=\"Loading\" src=\"https:\/\/temucotelevision.cl\/web\/wp-content\/plugins\/page-views-count\/ajax-loader-2x.gif\" border=0 \/><\/p><div class=\"pvc_clear\"><\/div>\n<p><em>La Alcaldesa Susana Aguilera Vega llam\u00f3 enf\u00e1ticamente a \u201cutilizar estos anteojos al momento de observar el eclipse, de lo contrario, las personas se arriesgan a graves problemas oculares\u201d.<\/em><\/p>\n\n\n\n<p>Este 14 de diciembre de 2020, apenas un a\u00f1o y medio despu\u00e9s del eclipse de 2019, los cielos de La Araucan\u00eda se oscurecer\u00e1n completamente para dar paso a uno de los fen\u00f3menos astron\u00f3micos m\u00e1s alucinantes que se han podido vivir en la regi\u00f3n.&nbsp;<\/p>\n\n\n\n<p>Y para disfrutar este evento de manera segura y responsable, es que la Alcaldesa de Vilc\u00fan, Susana Aguilera Vega, ya comenz\u00f3 con el proceso de entrega de lentes especializados con un filtro que bloquea los rayos solares da\u00f1inos y que cuenten con la etiqueta ISO 12312-2.<\/p>\n\n\n\n<p><strong>M\u00e1s de 12 mil lentes especiales<\/strong><\/p>\n\n\n\n<p>Desde el Servicio Nacional del Adulto Mayor, Senama, llegaron a la comuna 5.200 lentes exclusivamente destinados a las personas mayores, los cuales fueron entregados por funcionarios municipales a los clubes y juntas de vecinos de las cinco localidades y sectores rurales de la comuna para ser distribuidos entre los socios y vecinos.<\/p>\n\n\n\n<p>Asimismo, desde el Ministerio de Educaci\u00f3n, fueron destinados 2.100 lentes para ser distribuidos a los estudiantes pertenecientes a los establecimientos de educaci\u00f3n municipal, los cuales ya fueron entregados a los menores.<\/p>\n\n\n\n<p>Por su parte, el Municipio de Vilc\u00fan realiz\u00f3 la compra de 5 mil anteojos solares m\u00e1s para entregar a gran parte de los habitantes de la comuna. Este trabajo de distribuci\u00f3n tambi\u00e9n se ha llevado a cabo junto a dirigentes sociales de todos los territorios, quienes aportan con su trabajo para vivir un eclipse seguro en la comuna precordillerana. De esta manera, se contabilizan 12.300 lentes especiales que se entregar\u00e1n a las familias vilcuninas.<\/p>\n\n\n\n<p>Al respecto, la Alcaldesa Susana Aguilera Vega sostuvo que,&nbsp;<em>\u201clo que buscamos con esta entrega de lentes especiales para el eclipse, es entregar seguridad para todas y todos nuestros vecinos. Sabemos que mirar el eclipse sin ning\u00fan elemento de seguridad es muy riesgoso para la visi\u00f3n, es por ello que como municipio queremos contribuir en ese sentido\u201d.<\/em><\/p>\n\n\n\n<p>La primera autoridad comunal, adem\u00e1s agreg\u00f3 que&nbsp;<em>\u201cel eclipse solar que viviremos en pocos d\u00edas m\u00e1s, sin duda ser\u00e1 una experiencia \u00fanica para muchos, no obstante, debemos cuidarnos y protegernos, observar este fen\u00f3meno astron\u00f3mico con la protecci\u00f3n adecuada es fundamental para disfrutar al m\u00e1ximo y evitar da\u00f1os irreversibles en la visi\u00f3n\u201d.<\/em><\/p>\n\n\n\n<p>De igual manera, Susana Aguilera Vega record\u00f3 que,&nbsp;<em>\u201ca\u00fan estamos en pandemia, y las medidas sanitarias tambi\u00e9n corren para este fen\u00f3meno astron\u00f3mico. Procure por favor tener siempre el distanciamiento social de a lo menos un metro, lave sus manos, el uso de mascarilla es obligatorio, y no intercambie sus lentes especiales para el eclipse\u201d.<\/em><\/p>\n\n\n\n<p>Cabe se\u00f1alar que, el eclipse solar en la comuna de Vilc\u00fan podr\u00e1 apreciarse en un 99,7%.<\/p>\n","protected":false},"excerpt":{"rendered":"<div class=\"pvc_clear\"><\/div>\n<p id=\"pvc_stats_17088\" class=\"pvc_stats total_only  \" data-element-id=\"17088\" style=\"\"><i class=\"pvc-stats-icon large\" aria-hidden=\"true\"><svg aria-hidden=\"true\" focusable=\"false\" data-prefix=\"far\" data-icon=\"chart-bar\" role=\"img\" xmlns=\"http:\/\/www.w3.org\/2000\/svg\" viewBox=\"0 0 512 512\" class=\"svg-inline--fa fa-chart-bar fa-w-16 fa-2x\"><path fill=\"currentColor\" d=\"M396.8 352h22.4c6.4 0 12.8-6.4 12.8-12.8V108.8c0-6.4-6.4-12.8-12.8-12.8h-22.4c-6.4 0-12.8 6.4-12.8 12.8v230.4c0 6.4 6.4 12.8 12.8 12.8zm-192 0h22.4c6.4 0 12.8-6.4 12.8-12.8V140.8c0-6.4-6.4-12.8-12.8-12.8h-22.4c-6.4 0-12.8 6.4-12.8 12.8v198.4c0 6.4 6.4 12.8 12.8 12.8zm96 0h22.4c6.4 0 12.8-6.4 12.8-12.8V204.8c0-6.4-6.4-12.8-12.8-12.8h-22.4c-6.4 0-12.8 6.4-12.8 12.8v134.4c0 6.4 6.4 12.8 12.8 12.8zM496 400H48V80c0-8.84-7.16-16-16-16H16C7.16 64 0 71.16 0 80v336c0 17.67 14.33 32 32 32h464c8.84 0 16-7.16 16-16v-16c0-8.84-7.16-16-16-16zm-387.2-48h22.4c6.4 0 12.8-6.4 12.8-12.8v-70.4c0-6.4-6.4-12.8-12.8-12.8h-22.4c-6.4 0-12.8 6.4-12.8 12.8v70.4c0 6.4 6.4 12.8 12.8 12.8z\" class=\"\"><\/path><\/svg><\/i> <img loading=\"lazy\" decoding=\"async\" width=\"16\" height=\"16\" alt=\"Loading\" src=\"https:\/\/temucotelevision.cl\/web\/wp-content\/plugins\/page-views-count\/ajax-loader-2x.gif\" border=0 \/><\/p>\n<div class=\"pvc_clear\"><\/div>\n<p>La Alcaldesa Susana Aguilera Vega llam\u00f3 enf\u00e1ticamente a \u201cutilizar estos anteojos al momento de observar el eclipse, de lo contrario,<\/p>\n","protected":false},"author":1,"featured_media":17089,"comment_status":"open","ping_status":"open","sticky":false,"template":"","format":"standard","meta":{"colormag_page_container_layout":"default_layout","colormag_page_sidebar_layout":"default_layout","footnotes":""},"categories":[101],"tags":[538],"class_list":["post-17088","post","type-post","status-publish","format-standard","has-post-thumbnail","hentry","category-actualidad","tag-vilcun"],"a3_pvc":{"activated":true,"total_views":30,"today_views":0},"_links":{"self":[{"href":"https:\/\/temucotelevision.cl\/web\/wp-json\/wp\/v2\/posts\/17088","targetHints":{"allow":["GET"]}}],"collection":[{"href":"https:\/\/temucotelevision.cl\/web\/wp-json\/wp\/v2\/posts"}],"about":[{"href":"https:\/\/temucotelevision.cl\/web\/wp-json\/wp\/v2\/types\/post"}],"author":[{"embeddable":true,"href":"https:\/\/temucotelevision.cl\/web\/wp-json\/wp\/v2\/users\/1"}],"replies":[{"embeddable":true,"href":"https:\/\/temucotelevision.cl\/web\/wp-json\/wp\/v2\/comments?post=17088"}],"version-history":[{"count":1,"href":"https:\/\/temucotelevision.cl\/web\/wp-json\/wp\/v2\/posts\/17088\/revisions"}],"predecessor-version":[{"id":17090,"href":"https:\/\/temucotelevision.cl\/web\/wp-json\/wp\/v2\/posts\/17088\/revisions\/17090"}],"wp:featuredmedia":[{"embeddable":true,"href":"https:\/\/temucotelevision.cl\/web\/wp-json\/wp\/v2\/media\/17089"}],"wp:attachment":[{"href":"https:\/\/temucotelevision.cl\/web\/wp-json\/wp\/v2\/media?parent=17088"}],"wp:term":[{"taxonomy":"category","embeddable":true,"href":"https:\/\/temucotelevision.cl\/web\/wp-json\/wp\/v2\/categories?post=17088"},{"taxonomy":"post_tag","embeddable":true,"href":"https:\/\/temucotelevision.cl\/web\/wp-json\/wp\/v2\/tags?post=17088"}],"curies":[{"name":"wp","href":"https:\/\/api.w.org\/{rel}","templated":true}]}}