{"id":17085,"date":"2020-12-11T20:33:02","date_gmt":"2020-12-11T23:33:02","guid":{"rendered":"https:\/\/temucotelevision.cl\/web\/?p=17085"},"modified":"2020-12-11T20:33:07","modified_gmt":"2020-12-11T23:33:07","slug":"poder-judicial-lanzo-hoy-tramite-facil-virtual-para-segundo-retiro-del-10","status":"publish","type":"post","link":"https:\/\/temucotelevision.cl\/web\/2020\/12\/11\/poder-judicial-lanzo-hoy-tramite-facil-virtual-para-segundo-retiro-del-10\/","title":{"rendered":"Poder Judicial lanz\u00f3 hoy tr\u00e1mite f\u00e1cil virtual para segundo retiro del 10%"},"content":{"rendered":"<div class=\"pvc_clear\"><\/div><p id=\"pvc_stats_17085\" class=\"pvc_stats total_only  \" data-element-id=\"17085\" style=\"\"><i class=\"pvc-stats-icon large\" aria-hidden=\"true\"><svg aria-hidden=\"true\" focusable=\"false\" data-prefix=\"far\" data-icon=\"chart-bar\" role=\"img\" xmlns=\"http:\/\/www.w3.org\/2000\/svg\" viewBox=\"0 0 512 512\" class=\"svg-inline--fa fa-chart-bar fa-w-16 fa-2x\"><path fill=\"currentColor\" d=\"M396.8 352h22.4c6.4 0 12.8-6.4 12.8-12.8V108.8c0-6.4-6.4-12.8-12.8-12.8h-22.4c-6.4 0-12.8 6.4-12.8 12.8v230.4c0 6.4 6.4 12.8 12.8 12.8zm-192 0h22.4c6.4 0 12.8-6.4 12.8-12.8V140.8c0-6.4-6.4-12.8-12.8-12.8h-22.4c-6.4 0-12.8 6.4-12.8 12.8v198.4c0 6.4 6.4 12.8 12.8 12.8zm96 0h22.4c6.4 0 12.8-6.4 12.8-12.8V204.8c0-6.4-6.4-12.8-12.8-12.8h-22.4c-6.4 0-12.8 6.4-12.8 12.8v134.4c0 6.4 6.4 12.8 12.8 12.8zM496 400H48V80c0-8.84-7.16-16-16-16H16C7.16 64 0 71.16 0 80v336c0 17.67 14.33 32 32 32h464c8.84 0 16-7.16 16-16v-16c0-8.84-7.16-16-16-16zm-387.2-48h22.4c6.4 0 12.8-6.4 12.8-12.8v-70.4c0-6.4-6.4-12.8-12.8-12.8h-22.4c-6.4 0-12.8 6.4-12.8 12.8v70.4c0 6.4 6.4 12.8 12.8 12.8z\" class=\"\"><\/path><\/svg><\/i> <img loading=\"lazy\" decoding=\"async\" width=\"16\" height=\"16\" alt=\"Loading\" src=\"https:\/\/temucotelevision.cl\/web\/wp-content\/plugins\/page-views-count\/ajax-loader-2x.gif\" border=0 \/><\/p><div class=\"pvc_clear\"><\/div>\n<p>El Departamento de Inform\u00e1tica del Poder Judicial informa que a partir de hoy \u2013jueves 10 de diciembre- est\u00e1 disponible el&nbsp;<strong>Tr\u00e1mite F\u00e1cil<\/strong>&nbsp;para la&nbsp;<strong>solicitud virtual<\/strong>&nbsp;de la cautela de fondos en el marco del retiro del segundo 10% de los fondos previsionales para pagar deudas de pensi\u00f3n de alimentos, sin la necesidad de acudir presencialmente al Juzgado de Familia.&nbsp; En este mismo tr\u00e1mite quedar\u00e1 gestionada la solicitud para la subrogaci\u00f3n.<br><br>Para realizar el tr\u00e1mite, hay que ingresar al sitio web&nbsp;<strong><a href=\"http:\/\/tramitefacil.pjud.cl\/\" target=\"_blank\" rel=\"noreferrer noopener\">tramitefacil.pjud.cl<\/a><\/strong>&nbsp;. Ah\u00ed encontrar\u00e1n un bot\u00f3n que dice &#8220;<strong><a href=\"https:\/\/ojv.pjud.cl\/kpitec-ojv-web\/views\/login.html\" target=\"_blank\" rel=\"noreferrer noopener\">Retenci\u00f3n judicial del retiro del segundo 10% de las AFP<\/a><\/strong>&#8220;. Al hacer click, se despliega un formulario con los datos b\u00e1sicos del solicitante, del demandado y de la causa.<br><br>Este tr\u00e1mite se puede realizar solo desde hoy, tras ser publicada la ley, mediante Clave \u00danica o c\u00e9dula de identidad vigente.<br><br>Tras ingresar el formulario, el tribunal comenzar\u00e1 la tramitaci\u00f3n de la solicitud, la que implica como primera resoluci\u00f3n la cautela de los fondos del demandado hasta que el tribunal genere la liquidaci\u00f3n y culmine la solicitud mediante una&nbsp; orden de pago.<br><br>Para agilizar la labor de los juzgados y a diferencia del primer retiro, las demandantes tendr\u00e1n la posibilidad de presentar un solo escrito solicitando la retenci\u00f3n judicial.<\/p>\n","protected":false},"excerpt":{"rendered":"<div class=\"pvc_clear\"><\/div>\n<p id=\"pvc_stats_17085\" class=\"pvc_stats total_only  \" data-element-id=\"17085\" style=\"\"><i class=\"pvc-stats-icon large\" aria-hidden=\"true\"><svg aria-hidden=\"true\" focusable=\"false\" data-prefix=\"far\" data-icon=\"chart-bar\" role=\"img\" xmlns=\"http:\/\/www.w3.org\/2000\/svg\" viewBox=\"0 0 512 512\" class=\"svg-inline--fa fa-chart-bar fa-w-16 fa-2x\"><path fill=\"currentColor\" d=\"M396.8 352h22.4c6.4 0 12.8-6.4 12.8-12.8V108.8c0-6.4-6.4-12.8-12.8-12.8h-22.4c-6.4 0-12.8 6.4-12.8 12.8v230.4c0 6.4 6.4 12.8 12.8 12.8zm-192 0h22.4c6.4 0 12.8-6.4 12.8-12.8V140.8c0-6.4-6.4-12.8-12.8-12.8h-22.4c-6.4 0-12.8 6.4-12.8 12.8v198.4c0 6.4 6.4 12.8 12.8 12.8zm96 0h22.4c6.4 0 12.8-6.4 12.8-12.8V204.8c0-6.4-6.4-12.8-12.8-12.8h-22.4c-6.4 0-12.8 6.4-12.8 12.8v134.4c0 6.4 6.4 12.8 12.8 12.8zM496 400H48V80c0-8.84-7.16-16-16-16H16C7.16 64 0 71.16 0 80v336c0 17.67 14.33 32 32 32h464c8.84 0 16-7.16 16-16v-16c0-8.84-7.16-16-16-16zm-387.2-48h22.4c6.4 0 12.8-6.4 12.8-12.8v-70.4c0-6.4-6.4-12.8-12.8-12.8h-22.4c-6.4 0-12.8 6.4-12.8 12.8v70.4c0 6.4 6.4 12.8 12.8 12.8z\" class=\"\"><\/path><\/svg><\/i> <img loading=\"lazy\" decoding=\"async\" width=\"16\" height=\"16\" alt=\"Loading\" src=\"https:\/\/temucotelevision.cl\/web\/wp-content\/plugins\/page-views-count\/ajax-loader-2x.gif\" border=0 \/><\/p>\n<div class=\"pvc_clear\"><\/div>\n<p>El Departamento de Inform\u00e1tica del Poder Judicial informa que a partir de hoy \u2013jueves 10 de diciembre- est\u00e1 disponible el&nbsp;Tr\u00e1mite<\/p>\n","protected":false},"author":1,"featured_media":17086,"comment_status":"open","ping_status":"open","sticky":false,"template":"","format":"standard","meta":{"colormag_page_container_layout":"default_layout","colormag_page_sidebar_layout":"default_layout","footnotes":""},"categories":[14],"tags":[2802],"class_list":["post-17085","post","type-post","status-publish","format-standard","has-post-thumbnail","hentry","category-temuco","tag-2802"],"a3_pvc":{"activated":true,"total_views":46,"today_views":0},"_links":{"self":[{"href":"https:\/\/temucotelevision.cl\/web\/wp-json\/wp\/v2\/posts\/17085","targetHints":{"allow":["GET"]}}],"collection":[{"href":"https:\/\/temucotelevision.cl\/web\/wp-json\/wp\/v2\/posts"}],"about":[{"href":"https:\/\/temucotelevision.cl\/web\/wp-json\/wp\/v2\/types\/post"}],"author":[{"embeddable":true,"href":"https:\/\/temucotelevision.cl\/web\/wp-json\/wp\/v2\/users\/1"}],"replies":[{"embeddable":true,"href":"https:\/\/temucotelevision.cl\/web\/wp-json\/wp\/v2\/comments?post=17085"}],"version-history":[{"count":1,"href":"https:\/\/temucotelevision.cl\/web\/wp-json\/wp\/v2\/posts\/17085\/revisions"}],"predecessor-version":[{"id":17087,"href":"https:\/\/temucotelevision.cl\/web\/wp-json\/wp\/v2\/posts\/17085\/revisions\/17087"}],"wp:featuredmedia":[{"embeddable":true,"href":"https:\/\/temucotelevision.cl\/web\/wp-json\/wp\/v2\/media\/17086"}],"wp:attachment":[{"href":"https:\/\/temucotelevision.cl\/web\/wp-json\/wp\/v2\/media?parent=17085"}],"wp:term":[{"taxonomy":"category","embeddable":true,"href":"https:\/\/temucotelevision.cl\/web\/wp-json\/wp\/v2\/categories?post=17085"},{"taxonomy":"post_tag","embeddable":true,"href":"https:\/\/temucotelevision.cl\/web\/wp-json\/wp\/v2\/tags?post=17085"}],"curies":[{"name":"wp","href":"https:\/\/api.w.org\/{rel}","templated":true}]}}