{"id":17081,"date":"2020-12-11T19:20:49","date_gmt":"2020-12-11T22:20:49","guid":{"rendered":"https:\/\/temucotelevision.cl\/web\/?p=17081"},"modified":"2020-12-11T19:20:50","modified_gmt":"2020-12-11T22:20:50","slug":"administradoras-han-recibido-casi-28-millones-de-solicitudes-de-retiro-de-fondos","status":"publish","type":"post","link":"https:\/\/temucotelevision.cl\/web\/2020\/12\/11\/administradoras-han-recibido-casi-28-millones-de-solicitudes-de-retiro-de-fondos\/","title":{"rendered":"Administradoras han recibido casi 2,8 millones de solicitudes de retiro de fondos"},"content":{"rendered":"<div class=\"pvc_clear\"><\/div><p id=\"pvc_stats_17081\" class=\"pvc_stats total_only  \" data-element-id=\"17081\" style=\"\"><i class=\"pvc-stats-icon large\" aria-hidden=\"true\"><svg aria-hidden=\"true\" focusable=\"false\" data-prefix=\"far\" data-icon=\"chart-bar\" role=\"img\" xmlns=\"http:\/\/www.w3.org\/2000\/svg\" viewBox=\"0 0 512 512\" class=\"svg-inline--fa fa-chart-bar fa-w-16 fa-2x\"><path fill=\"currentColor\" d=\"M396.8 352h22.4c6.4 0 12.8-6.4 12.8-12.8V108.8c0-6.4-6.4-12.8-12.8-12.8h-22.4c-6.4 0-12.8 6.4-12.8 12.8v230.4c0 6.4 6.4 12.8 12.8 12.8zm-192 0h22.4c6.4 0 12.8-6.4 12.8-12.8V140.8c0-6.4-6.4-12.8-12.8-12.8h-22.4c-6.4 0-12.8 6.4-12.8 12.8v198.4c0 6.4 6.4 12.8 12.8 12.8zm96 0h22.4c6.4 0 12.8-6.4 12.8-12.8V204.8c0-6.4-6.4-12.8-12.8-12.8h-22.4c-6.4 0-12.8 6.4-12.8 12.8v134.4c0 6.4 6.4 12.8 12.8 12.8zM496 400H48V80c0-8.84-7.16-16-16-16H16C7.16 64 0 71.16 0 80v336c0 17.67 14.33 32 32 32h464c8.84 0 16-7.16 16-16v-16c0-8.84-7.16-16-16-16zm-387.2-48h22.4c6.4 0 12.8-6.4 12.8-12.8v-70.4c0-6.4-6.4-12.8-12.8-12.8h-22.4c-6.4 0-12.8 6.4-12.8 12.8v70.4c0 6.4 6.4 12.8 12.8 12.8z\" class=\"\"><\/path><\/svg><\/i> <img loading=\"lazy\" decoding=\"async\" width=\"16\" height=\"16\" alt=\"Loading\" src=\"https:\/\/temucotelevision.cl\/web\/wp-content\/plugins\/page-views-count\/ajax-loader-2x.gif\" border=0 \/><\/p><div class=\"pvc_clear\"><\/div>\n<p><em>El proceso, que comenz\u00f3 a las 9:00 horas de este jueves, se est\u00e1 realizando en forma 100% digital. Los requerimientos ser\u00e1n confirmados por las AFP en un plazo de 4 d\u00edas h\u00e1biles.<\/em><\/p>\n\n\n\n<p>Jueves 10 de Diciembre de 2020&nbsp;&#8211; \u201cLos resultados de esta primera jornada han sido positivos y reflejan el trabajo que est\u00e1n realizando los m\u00e1s de 7 mil trabajadores de las administradoras de fondos de pensiones a lo largo del pa\u00eds para hacer que todas las personas que requieren sacar parte de su ahorro futuro, puedan hacerlo de manera simple y r\u00e1pida\u201d, coment\u00f3 esta tarde Fernando Larra\u00edn, gerente general de la Asociaci\u00f3n de AFP, en un segundo balance de la primera jornada del proceso de retiro de fondos.&nbsp;<\/p>\n\n\n\n<p>\u201cEs as\u00ed que ya registramos un total de&nbsp;<strong>2.793.101 solicitudes<\/strong>&nbsp;ingresadas de manera exitosa. Esto no s\u00f3lo refleja el alto inter\u00e9s de los afiliados y afiliadas por ser parte de este proceso voluntario de retiro de sus ahorros previsionales, sino que tambi\u00e9n que el tr\u00e1mite digital est\u00e1 funcionando de buena manera, contando alrededor con un mill\u00f3n m\u00e1s de solicitudes de las que se tuvo en este mismo momento, durante el primer retiro\u201d, agreg\u00f3 Larra\u00edn.<\/p>\n\n\n\n<p>Los requerimientos ser\u00e1n confirmados por las administradoras en un plazo de 4 d\u00edas h\u00e1biles, y el pago de la primera cuota del monto retirado comenzar\u00e1 en un plazo m\u00e1ximo de 10 d\u00edas h\u00e1biles desde el ingreso de la solicitud, la segunda cuota se pagar\u00e1 10 d\u00edas h\u00e1biles despu\u00e9s del primer pago. En los casos de retiros por montos menores a 35 UF, el pago se efectuar\u00e1 en una sola cuota.<\/p>\n\n\n\n<p>Es importante se\u00f1alar que, al igual que durante el primer proceso de retiro, hay un a\u00f1o de plazo para solicitar los ahorros. De hecho, quienes no han tramitado el retiro del primer 10% pueden participar igualmente de esta segunda instancia, ya que se trata de dos iniciativas diferentes y el primer proceso se mantendr\u00e1 vigente hasta julio de 2021.<\/p>\n","protected":false},"excerpt":{"rendered":"<div class=\"pvc_clear\"><\/div>\n<p id=\"pvc_stats_17081\" class=\"pvc_stats total_only  \" data-element-id=\"17081\" style=\"\"><i class=\"pvc-stats-icon large\" aria-hidden=\"true\"><svg aria-hidden=\"true\" focusable=\"false\" data-prefix=\"far\" data-icon=\"chart-bar\" role=\"img\" xmlns=\"http:\/\/www.w3.org\/2000\/svg\" viewBox=\"0 0 512 512\" class=\"svg-inline--fa fa-chart-bar fa-w-16 fa-2x\"><path fill=\"currentColor\" d=\"M396.8 352h22.4c6.4 0 12.8-6.4 12.8-12.8V108.8c0-6.4-6.4-12.8-12.8-12.8h-22.4c-6.4 0-12.8 6.4-12.8 12.8v230.4c0 6.4 6.4 12.8 12.8 12.8zm-192 0h22.4c6.4 0 12.8-6.4 12.8-12.8V140.8c0-6.4-6.4-12.8-12.8-12.8h-22.4c-6.4 0-12.8 6.4-12.8 12.8v198.4c0 6.4 6.4 12.8 12.8 12.8zm96 0h22.4c6.4 0 12.8-6.4 12.8-12.8V204.8c0-6.4-6.4-12.8-12.8-12.8h-22.4c-6.4 0-12.8 6.4-12.8 12.8v134.4c0 6.4 6.4 12.8 12.8 12.8zM496 400H48V80c0-8.84-7.16-16-16-16H16C7.16 64 0 71.16 0 80v336c0 17.67 14.33 32 32 32h464c8.84 0 16-7.16 16-16v-16c0-8.84-7.16-16-16-16zm-387.2-48h22.4c6.4 0 12.8-6.4 12.8-12.8v-70.4c0-6.4-6.4-12.8-12.8-12.8h-22.4c-6.4 0-12.8 6.4-12.8 12.8v70.4c0 6.4 6.4 12.8 12.8 12.8z\" class=\"\"><\/path><\/svg><\/i> <img loading=\"lazy\" decoding=\"async\" width=\"16\" height=\"16\" alt=\"Loading\" src=\"https:\/\/temucotelevision.cl\/web\/wp-content\/plugins\/page-views-count\/ajax-loader-2x.gif\" border=0 \/><\/p>\n<div class=\"pvc_clear\"><\/div>\n<p>El proceso, que comenz\u00f3 a las 9:00 horas de este jueves, se est\u00e1 realizando en forma 100% digital. Los requerimientos<\/p>\n","protected":false},"author":1,"featured_media":13013,"comment_status":"open","ping_status":"open","sticky":false,"template":"","format":"standard","meta":{"colormag_page_container_layout":"default_layout","colormag_page_sidebar_layout":"default_layout","footnotes":""},"categories":[14],"tags":[1620],"class_list":["post-17081","post","type-post","status-publish","format-standard","has-post-thumbnail","hentry","category-temuco","tag-fondos"],"a3_pvc":{"activated":true,"total_views":46,"today_views":0},"_links":{"self":[{"href":"https:\/\/temucotelevision.cl\/web\/wp-json\/wp\/v2\/posts\/17081","targetHints":{"allow":["GET"]}}],"collection":[{"href":"https:\/\/temucotelevision.cl\/web\/wp-json\/wp\/v2\/posts"}],"about":[{"href":"https:\/\/temucotelevision.cl\/web\/wp-json\/wp\/v2\/types\/post"}],"author":[{"embeddable":true,"href":"https:\/\/temucotelevision.cl\/web\/wp-json\/wp\/v2\/users\/1"}],"replies":[{"embeddable":true,"href":"https:\/\/temucotelevision.cl\/web\/wp-json\/wp\/v2\/comments?post=17081"}],"version-history":[{"count":1,"href":"https:\/\/temucotelevision.cl\/web\/wp-json\/wp\/v2\/posts\/17081\/revisions"}],"predecessor-version":[{"id":17082,"href":"https:\/\/temucotelevision.cl\/web\/wp-json\/wp\/v2\/posts\/17081\/revisions\/17082"}],"wp:featuredmedia":[{"embeddable":true,"href":"https:\/\/temucotelevision.cl\/web\/wp-json\/wp\/v2\/media\/13013"}],"wp:attachment":[{"href":"https:\/\/temucotelevision.cl\/web\/wp-json\/wp\/v2\/media?parent=17081"}],"wp:term":[{"taxonomy":"category","embeddable":true,"href":"https:\/\/temucotelevision.cl\/web\/wp-json\/wp\/v2\/categories?post=17081"},{"taxonomy":"post_tag","embeddable":true,"href":"https:\/\/temucotelevision.cl\/web\/wp-json\/wp\/v2\/tags?post=17081"}],"curies":[{"name":"wp","href":"https:\/\/api.w.org\/{rel}","templated":true}]}}